{"id":98912,"date":"2020-09-15T16:51:47","date_gmt":"2020-09-15T20:51:47","guid":{"rendered":"https:\/\/linitiative.ca\/International\/le-maroc-au-top-3-des-migrants-clandestins-vers-leurope\/"},"modified":"2020-09-15T16:51:47","modified_gmt":"2020-09-15T20:51:47","slug":"le-maroc-au-top-3-des-migrants-clandestins-vers-leurope","status":"publish","type":"post","link":"https:\/\/linitiative.ca\/International\/le-maroc-au-top-3-des-migrants-clandestins-vers-leurope\/","title":{"rendered":"Le Maroc au top 3 des migrants clandestins vers l\u2019Europe"},"content":{"rendered":"<p><strong>Si les Marocains dominent toujours la liste des \u00e9trangers ayant acquis la nationalit\u00e9 fran\u00e7aise, selon les statistiques officielles de l\u2019Office statistique de l\u2019Union Europ\u00e9enne (<a href=\"https:\/\/www.challenge.ma\/acquisition-de-la-nationalite-francaise-les-marocains-en-tete-155278\/\">Voir article du 06 septembre 2020 \u00ab Acquisition de la nationalit\u00e9 fran\u00e7aise : les Marocains en t\u00eate \u00bb<\/a>), nos compatriotes tiennent \u00e9galement le haut du pav\u00e9 des arriv\u00e9es \u00ab irr\u00e9guli\u00e8res \u00bb de migrants vers l\u2019Europe au titre de l\u2019ann\u00e9e 2019.<\/strong><\/p>\n<div class=\"c10\"\/>\n<p>En effet, les derniers chiffres d\u00e9finitifs de Frontex, l\u2019Agence europ\u00e9enne de contr\u00f4le des fronti\u00e8res, situent le Maroc au troisi\u00e8me rang des pays dont sont originaires les 123.660 migrants arriv\u00e9s clandestinement aux 27 pays membres de l\u2019Union Europ\u00e9enne au cours de l\u2019ann\u00e9e pr\u00e9c\u00e9dente. Aussi, avec un peu moins de 9.000 immigr\u00e9s clandestins, le Maroc devance l\u2019Alg\u00e9rie, la Guin\u00e9e et l\u2019Iraq tout en \u00e9tant bien loin derri\u00e8re l\u2019Afghanistan et la Syrie qui demeurent en t\u00eate avec respectivement plus de 28.000 et pr\u00e8s de 20.000 migrants.<\/p>\n<p><strong>Lire aussi | <a href=\"https:\/\/www.challenge.ma\/le-maroc-depasse-la-chine-en-contaminations-au-covid19-156574\/\">Le Maroc d\u00e9passe la Chine en contaminations au Covid-19<\/a><\/strong><\/p>\n<p>Globalement, les arriv\u00e9es aux fronti\u00e8res europ\u00e9ennes sont en net repli ces derni\u00e8res ann\u00e9es notamment par rapport \u00e0 2015, ann\u00e9e qui, avec un total d\u00e9passant la barre du million de migrants ill\u00e9gaux, avait explos\u00e9 tous les compteurs et aliment\u00e9 toutes les peurs instrumentalis\u00e9es \u00e0 loisir par les formations d\u2019extr\u00eame droite un peu partout en Europe. Une chute principalement due au resserrement des contr\u00f4les op\u00e9r\u00e9s sur les routes migratoires de M\u00e9diterran\u00e9e centrale et occidentale, une \u00abperformance \u00bb \u00e0 laquelle contribue grandement le Maroc qui se d\u00e9fend d\u2019\u00eatre le gendarme migratoire de l\u2019Europe en bloquant chaque ann\u00e9e \u00e0 son niveau, des dizaines de milliers de candidats africains \u00e0 l\u2019immigration clandestine. \u00a0<\/p>\n<p><strong>Lire aussi |<a href=\"https:\/\/www.challenge.ma\/casablanca-un-nouveau-centre-hospitalier-dedie-aux-entreprises-156641\/\">Casablanca : vers la cr\u00e9ation d\u2019un Centre Hospitalier de l\u2019Entreprise<\/a><\/strong><\/p>\n<p>Et si le nombre d\u2019arriv\u00e9es d\u00e9cro\u00eet globalement et significativement, celui des renvois de migrants irr\u00e9guliers vers leurs pays d\u2019origine n\u2019a jamais \u00e9t\u00e9 aussi haut, atteignant 15.850 en 2019 avec pour principaux pays de destination l\u2019Albanie, la Tunisie et la G\u00e9orgie. Avec la crise \u00e9conomique et sanitaire qui frappe durement le monde, le trend baissier des migrants sera difficile \u00e0 maintenir en 2020, \u00e0 commencer par le Maroc o\u00f9 pr\u00e8s de 2 millions d\u2019emplois ont \u00e9t\u00e9 d\u00e9truits jusqu\u2019\u00e0 pr\u00e9sent. L\u2019Europe est donc avertie!\u00a0<\/p>\n<p>Auteur: challenge<br \/>\n<a href=\"https:\/\/www.challenge.ma\/le-maroc-au-top-3-des-migrants-clandestins-vers-leurope-156444\/\">Cliquez ici pour lire l&rsquo;article depuis sa source.<\/a><\/p>\n","protected":false},"excerpt":{"rendered":"<p>Si les Marocains dominent toujours la liste des \u00e9trangers ayant acquis la nationalit\u00e9 fran\u00e7aise, selon les statistiques officielles de l\u2019Office statistique de l\u2019Union Europ\u00e9enne (Voir article du 06 septembre 2020 \u00ab Acquisition de la nationalit\u00e9 fran\u00e7aise : les Marocains en t\u00eate \u00bb), nos compatriotes tiennent \u00e9galement le haut du pav\u00e9 des arriv\u00e9es \u00ab irr\u00e9guli\u00e8res \u00bb [&hellip;]<\/p>\n","protected":false},"author":1787,"featured_media":0,"comment_status":"closed","ping_status":"closed","sticky":false,"template":"","format":"standard","meta":{"fifu_image_url":"","fifu_image_alt":"","footnotes":""},"categories":[78,54],"tags":[],"class_list":["post-98912","post","type-post","status-publish","format-standard","hentry","category-economie","category-maroc"],"_links":{"self":[{"href":"https:\/\/linitiative.ca\/International\/wp-json\/wp\/v2\/posts\/98912","targetHints":{"allow":["GET"]}}],"collection":[{"href":"https:\/\/linitiative.ca\/International\/wp-json\/wp\/v2\/posts"}],"about":[{"href":"https:\/\/linitiative.ca\/International\/wp-json\/wp\/v2\/types\/post"}],"author":[{"embeddable":true,"href":"https:\/\/linitiative.ca\/International\/wp-json\/wp\/v2\/users\/1787"}],"replies":[{"embeddable":true,"href":"https:\/\/linitiative.ca\/International\/wp-json\/wp\/v2\/comments?post=98912"}],"version-history":[{"count":0,"href":"https:\/\/linitiative.ca\/International\/wp-json\/wp\/v2\/posts\/98912\/revisions"}],"wp:attachment":[{"href":"https:\/\/linitiative.ca\/International\/wp-json\/wp\/v2\/media?parent=98912"}],"wp:term":[{"taxonomy":"category","embeddable":true,"href":"https:\/\/linitiative.ca\/International\/wp-json\/wp\/v2\/categories?post=98912"},{"taxonomy":"post_tag","embeddable":true,"href":"https:\/\/linitiative.ca\/International\/wp-json\/wp\/v2\/tags?post=98912"}],"curies":[{"name":"wp","href":"https:\/\/api.w.org\/{rel}","templated":true}]}}