{"id":98913,"date":"2020-09-15T14:35:50","date_gmt":"2020-09-15T18:35:50","guid":{"rendered":"https:\/\/linitiative.ca\/International\/tunisie-demarrage-des-travaux-dapprovisionnement-en-gaz-naturel-a-medenine\/"},"modified":"2020-09-15T14:35:50","modified_gmt":"2020-09-15T18:35:50","slug":"tunisie-demarrage-des-travaux-dapprovisionnement-en-gaz-naturel-a-medenine","status":"publish","type":"post","link":"https:\/\/linitiative.ca\/International\/tunisie-demarrage-des-travaux-dapprovisionnement-en-gaz-naturel-a-medenine\/","title":{"rendered":"Tunisie : D\u00e9marrage des travaux d\u2019approvisionnement en gaz naturel \u00e0 M\u00e9denine"},"content":{"rendered":"<div class=\"post-cont-in left relative\">\n<div id=\"post-info-wrap\" class=\"left relative post-info-out\">\n<div class=\"post-info-img left relative\"><img loading=\"lazy\" decoding=\"async\" alt=\"\" src=\"https:\/\/secure.gravatar.com\/avatar\/ed5c6a7d95d6e9c8df05ef88b2f03bb8?s=50&amp;d=mm&amp;r=g\" srcset=\"https:\/\/secure.gravatar.com\/avatar\/ed5c6a7d95d6e9c8df05ef88b2f03bb8?s=100&amp;d=mm&amp;r=g 2x\" class=\"avatar avatar-50 photo\" height=\"50\" width=\"50\"\/><\/div>\n<div class=\"post-info-in post-info-right left relative\">\n<div class=\"post-info-name left relative\"><span class=\"post-info-text\">Par<\/span> <span class=\"author-name vcard fn author\"><a href=\"https:\/\/www.tunisienumerique.com\/author\/laameri-dorsaf\/\" title=\"Articles par Laameri Dorsaf\" rel=\"author\">Laameri Dorsaf<\/a><\/span> <span class=\"post-date updated\"><time class=\"post-date updated\" datetime=\"2020-09-15\">\u00a0| Il y a 2 heures<\/time><\/span><\/div>\n<div class=\"left relative\"><button id=\"listenButton1\" class=\"responsivevoice-button\" type=\"button\" value=\"Play\" title=\"&#xC9;coutez l'article\"><span>\ud83d\udd0a \u00c9coutez l&rsquo;article<\/span><\/button> <\/div>\n<\/div>\n<\/div>\n<p>Le pr\u00e9sident du district de la STEG \u00e0 M\u00e9denine, Karim Mahdaraoui a annonc\u00e9, ce mardi 15 septembre 2020, que les \u00a0travaux de raccordement et d\u2019approvisionnement des logements en gaz naturel dans le gouvernorat de M\u00e9denine ont d\u00e9marr\u00e9 cette semaine, rapporte la TAP.<\/p>\n<div class=\"code-block code-block-1 c4\"><ins class=\"adsbygoogle c3\" data-ad-layout=\"in-article\" data-ad-format=\"fluid\" data-ad-client=\"ca-pub-2102118777505746\" data-ad-slot=\"7301775417\"\/> <\/div>\n<p>Le co\u00fbt de ce projet est estim\u00e9 \u00e0 1,1 MD et sera g\u00e9n\u00e9ralis\u00e9 \u00e0 toutes les cit\u00e9s de la r\u00e9gion a, \u00e9galement, affirm\u00e9 \u00e0 l\u2019Agence TAP le gouverneur de M\u00e9denine, Habib Chaouat.<\/p>\n<div class=\"swp_social_panel swp_horizontal_panel swp_flat_fresh swp_default_full_color swp_individual_full_color swp_other_full_color scale-100 scale-\" data-min-width=\"1100\" data-float-color=\"#ffffff\" data-float=\"bottom\" data-float-mobile=\"bottom\" data-transition=\"slide\">\n<div class=\"nc_tweetContainer swp_share_button total_shares total_sharesalt\"><span class=\"swp_count\">4 <span class=\"swp_label\">Partages<\/span><\/span><\/div>\n<\/div>\n<p><strong>Que se passe-t-il en Tunisie?<\/strong><br \/>Nous expliquons sur notre <a href=\"https:\/\/www.youtube.com\/channel\/UCRzypVq0B_yBad5eGrwBx0Q?sub_confirmation=1\" target=\"_blank\" rel=\"noopener noreferrer\">cha\u00eene YouTube<\/a> . <a href=\"https:\/\/www.youtube.com\/channel\/UCRzypVq0B_yBad5eGrwBx0Q?sub_confirmation=1\" target=\"_blank\" rel=\"noopener noreferrer\">Abonnez-vous!<\/a><\/p>\n<div class=\"mvp-org-wrap mvp-org-logo\" itemprop=\"publisher\"><img decoding=\"async\" src=\"https:\/\/www.tunisienumerique.com\/wp-content\/uploads\/2017\/02\/logo_tunisie_numerique.png\"\/><\/div>\n<div class=\"mvp-related-posts left relative\">\n<h4 class=\"post-header\"><span class=\"post-header\">Lire aussi<\/span><\/h4>\n<\/div>\n<div id=\"article-ad\"><ins class=\"adsbygoogle c5\" data-ad-client=\"ca-pub-2102118777505746\" data-ad-slot=\"6513972734\" data-ad-format=\"auto\" data-full-width-responsive=\"true\"\/> <\/div>\n<\/div>\n<div id=\"post-sidebar-wrap\"><ins class=\"adsbygoogle c5\" data-ad-client=\"ca-pub-2102118777505746\" data-ad-slot=\"6168283410\" data-ad-format=\"auto\" data-full-width-responsive=\"true\"\/> <\/div>\n<p>Auteur: Laameri Dorsaf<br \/>\n<a href=\"https:\/\/www.tunisienumerique.com\/tunisie-demarrage-des-travaux-dapprovisionnement-en-gaz-naturel-a-medenine\/\">Cliquez ici pour lire l&rsquo;article depuis sa source.<\/a><\/p>\n","protected":false},"excerpt":{"rendered":"<p>Par Laameri Dorsaf \u00a0| Il y a 2 heures \ud83d\udd0a \u00c9coutez l&rsquo;article Le pr\u00e9sident du district de la STEG \u00e0 M\u00e9denine, Karim Mahdaraoui a annonc\u00e9, ce mardi 15 septembre 2020, que les \u00a0travaux de raccordement et d\u2019approvisionnement des logements en gaz naturel dans le gouvernorat de M\u00e9denine ont d\u00e9marr\u00e9 cette semaine, rapporte la TAP. Le [&hellip;]<\/p>\n","protected":false},"author":1789,"featured_media":0,"comment_status":"closed","ping_status":"closed","sticky":false,"template":"","format":"standard","meta":{"fifu_image_url":"","fifu_image_alt":"","footnotes":""},"categories":[73,55],"tags":[],"class_list":["post-98913","post","type-post","status-publish","format-standard","hentry","category-actualite","category-tunisie"],"_links":{"self":[{"href":"https:\/\/linitiative.ca\/International\/wp-json\/wp\/v2\/posts\/98913","targetHints":{"allow":["GET"]}}],"collection":[{"href":"https:\/\/linitiative.ca\/International\/wp-json\/wp\/v2\/posts"}],"about":[{"href":"https:\/\/linitiative.ca\/International\/wp-json\/wp\/v2\/types\/post"}],"author":[{"embeddable":true,"href":"https:\/\/linitiative.ca\/International\/wp-json\/wp\/v2\/users\/1789"}],"replies":[{"embeddable":true,"href":"https:\/\/linitiative.ca\/International\/wp-json\/wp\/v2\/comments?post=98913"}],"version-history":[{"count":0,"href":"https:\/\/linitiative.ca\/International\/wp-json\/wp\/v2\/posts\/98913\/revisions"}],"wp:attachment":[{"href":"https:\/\/linitiative.ca\/International\/wp-json\/wp\/v2\/media?parent=98913"}],"wp:term":[{"taxonomy":"category","embeddable":true,"href":"https:\/\/linitiative.ca\/International\/wp-json\/wp\/v2\/categories?post=98913"},{"taxonomy":"post_tag","embeddable":true,"href":"https:\/\/linitiative.ca\/International\/wp-json\/wp\/v2\/tags?post=98913"}],"curies":[{"name":"wp","href":"https:\/\/api.w.org\/{rel}","templated":true}]}}