{"id":98915,"date":"2020-09-15T16:21:28","date_gmt":"2020-09-15T20:21:28","guid":{"rendered":"https:\/\/linitiative.ca\/International\/tunisie-video-la-rentree-scolaire-sous-le-signe-du-covid19\/"},"modified":"2020-09-15T16:21:28","modified_gmt":"2020-09-15T20:21:28","slug":"tunisie-video-la-rentree-scolaire-sous-le-signe-du-covid19","status":"publish","type":"post","link":"https:\/\/linitiative.ca\/International\/tunisie-video-la-rentree-scolaire-sous-le-signe-du-covid19\/","title":{"rendered":"Tunisie \u2013 VIDEO\u00a0: La rentr\u00e9e scolaire sous le signe du covid19"},"content":{"rendered":"<div class=\"post-cont-in left relative\">\n<div id=\"post-info-wrap\" class=\"left relative post-info-out\">\n<div class=\"post-info-img left relative\"><img loading=\"lazy\" decoding=\"async\" alt=\"\" src=\"https:\/\/secure.gravatar.com\/avatar\/047123be9d5e8513774383916ee72db2?s=50&amp;d=mm&amp;r=g\" srcset=\"https:\/\/secure.gravatar.com\/avatar\/047123be9d5e8513774383916ee72db2?s=100&amp;d=mm&amp;r=g 2x\" class=\"avatar avatar-50 photo\" height=\"50\" width=\"50\"\/><\/div>\n<div class=\"post-info-in post-info-right left relative\">\n<div class=\"post-info-name left relative\"><span class=\"post-info-text\">Par<\/span> <span class=\"author-name vcard fn author\"><a href=\"https:\/\/www.tunisienumerique.com\/author\/lm\/\" title=\"Articles par LM\" rel=\"author\">LM<\/a><\/span> <span class=\"post-date updated\"><time class=\"post-date updated\" datetime=\"2020-09-15\">\u00a0| Il y a 1 heure<\/time><\/span><\/div>\n<div class=\"left relative\"><button id=\"listenButton1\" class=\"responsivevoice-button\" type=\"button\" value=\"Play\" title=\"&#xC9;coutez l'article\"><span>\ud83d\udd0a \u00c9coutez l&rsquo;article<\/span><\/button> <\/div>\n<\/div>\n<\/div>\n<p>TunisieNumerique a \u00e9t\u00e9 pr\u00e9sente, ce mardi 15septembre, pour couvrir la rentr\u00e9e scolaire de cette ann\u00e9e. Une rentr\u00e9e sp\u00e9ciale et particuli\u00e8re, en cette \u00e8re du covid19.<\/p>\n<div class=\"code-block code-block-1 c4\"><ins class=\"adsbygoogle c3\" data-ad-layout=\"in-article\" data-ad-format=\"fluid\" data-ad-client=\"ca-pub-2102118777505746\" data-ad-slot=\"7301775417\"\/> <\/div>\n<p>TunisieNumerique a recueilli les impressions des principaux acteurs de cette rentr\u00e9e, comme les \u00e9l\u00e8ves, les enseignants ainsi que les parents.<\/p>\n<p>D\u2019une fa\u00e7on g\u00e9n\u00e9rale, il semble que les \u00e9tablissements scolaires ont pu, malgr\u00e9 tout, et malgr\u00e9 les moyens insuffisants, \u00eatre pr\u00eats pour le jour \u00ab\u00a0J\u00a0\u00bb. Les thermo-scans \u00e9taient au rendez-vous, de m\u00eame que le gel d\u00e9sinfectant et les masques de protection pour ceux qui n\u2019en avaient pas.<\/p>\n<p>Le protocole sanitaire, assez particulier semble avoir \u00e9t\u00e9 assimil\u00e9 par les directions des \u00e9tablissements et les enseignants. Les mesures d\u00e9cid\u00e9es ont, \u00e0 ce qu\u2019il parait, \u00e9t\u00e9 mis en \u0153uvre, telles que l\u2019enseignement pas groupes, les classes espac\u00e9es avec des pupitres \u00e9loign\u00e9s\u2026<\/p>\n<p>Malgr\u00e9 cela, il est \u00e0 d\u00e9plorer que bon nombre de parents sont encore sceptiques, et refusent, pour le moment, de ramener leurs enfants \u00e0 l\u2019\u00e9cole, par peur de les contaminer par le covid.<\/p>\n<p>Une rentr\u00e9e assez particuli\u00e8re mais qui a, tout de m\u00eame, pu avoir lieu \u00e0 temps avec une pr\u00e9paration suffisante, et ce, malgr\u00e9 les moyens insuffisants.<\/p>\n<div class=\"swp_social_panel swp_horizontal_panel swp_flat_fresh swp_default_full_color swp_individual_full_color swp_other_full_color scale-100 scale-\" data-min-width=\"1100\" data-float-color=\"#ffffff\" data-float=\"bottom\" data-float-mobile=\"bottom\" data-transition=\"slide\">\n<div class=\"nc_tweetContainer swp_share_button total_shares total_sharesalt\"><span class=\"swp_count\">7 <span class=\"swp_label\">Partages<\/span><\/span><\/div>\n<\/div>\n<p><strong>Que se passe-t-il en Tunisie?<\/strong><br \/>Nous expliquons sur notre <a href=\"https:\/\/www.youtube.com\/channel\/UCRzypVq0B_yBad5eGrwBx0Q?sub_confirmation=1\" target=\"_blank\" rel=\"noopener noreferrer\">cha\u00eene YouTube<\/a> . <a href=\"https:\/\/www.youtube.com\/channel\/UCRzypVq0B_yBad5eGrwBx0Q?sub_confirmation=1\" target=\"_blank\" rel=\"noopener noreferrer\">Abonnez-vous!<\/a><\/p>\n<div class=\"mvp-org-wrap mvp-org-logo\" itemprop=\"publisher\"><img decoding=\"async\" src=\"https:\/\/www.tunisienumerique.com\/wp-content\/uploads\/2017\/02\/logo_tunisie_numerique.png\"\/><\/div>\n<div class=\"mvp-related-posts left relative\">\n<h4 class=\"post-header\"><span class=\"post-header\">Lire aussi<\/span><\/h4>\n<\/div>\n<div id=\"article-ad\"><ins class=\"adsbygoogle c5\" data-ad-client=\"ca-pub-2102118777505746\" data-ad-slot=\"6513972734\" data-ad-format=\"auto\" data-full-width-responsive=\"true\"\/> <\/div>\n<\/div>\n<div id=\"post-sidebar-wrap\"><ins class=\"adsbygoogle c5\" data-ad-client=\"ca-pub-2102118777505746\" data-ad-slot=\"6168283410\" data-ad-format=\"auto\" data-full-width-responsive=\"true\"\/> <\/div>\n<p>Auteur: LM<br \/>\n<a href=\"https:\/\/www.tunisienumerique.com\/tunisie-video-la-rentree-scolaire-sous-le-signe-du-covid19\/\">Cliquez ici pour lire l&rsquo;article depuis sa source.<\/a><\/p>\n","protected":false},"excerpt":{"rendered":"<p>Par LM \u00a0| Il y a 1 heure \ud83d\udd0a \u00c9coutez l&rsquo;article TunisieNumerique a \u00e9t\u00e9 pr\u00e9sente, ce mardi 15septembre, pour couvrir la rentr\u00e9e scolaire de cette ann\u00e9e. Une rentr\u00e9e sp\u00e9ciale et particuli\u00e8re, en cette \u00e8re du covid19. TunisieNumerique a recueilli les impressions des principaux acteurs de cette rentr\u00e9e, comme les \u00e9l\u00e8ves, les enseignants ainsi que les [&hellip;]<\/p>\n","protected":false},"author":1789,"featured_media":0,"comment_status":"closed","ping_status":"closed","sticky":false,"template":"","format":"standard","meta":{"fifu_image_url":"","fifu_image_alt":"","footnotes":""},"categories":[73,55],"tags":[],"class_list":["post-98915","post","type-post","status-publish","format-standard","hentry","category-actualite","category-tunisie"],"_links":{"self":[{"href":"https:\/\/linitiative.ca\/International\/wp-json\/wp\/v2\/posts\/98915","targetHints":{"allow":["GET"]}}],"collection":[{"href":"https:\/\/linitiative.ca\/International\/wp-json\/wp\/v2\/posts"}],"about":[{"href":"https:\/\/linitiative.ca\/International\/wp-json\/wp\/v2\/types\/post"}],"author":[{"embeddable":true,"href":"https:\/\/linitiative.ca\/International\/wp-json\/wp\/v2\/users\/1789"}],"replies":[{"embeddable":true,"href":"https:\/\/linitiative.ca\/International\/wp-json\/wp\/v2\/comments?post=98915"}],"version-history":[{"count":0,"href":"https:\/\/linitiative.ca\/International\/wp-json\/wp\/v2\/posts\/98915\/revisions"}],"wp:attachment":[{"href":"https:\/\/linitiative.ca\/International\/wp-json\/wp\/v2\/media?parent=98915"}],"wp:term":[{"taxonomy":"category","embeddable":true,"href":"https:\/\/linitiative.ca\/International\/wp-json\/wp\/v2\/categories?post=98915"},{"taxonomy":"post_tag","embeddable":true,"href":"https:\/\/linitiative.ca\/International\/wp-json\/wp\/v2\/tags?post=98915"}],"curies":[{"name":"wp","href":"https:\/\/api.w.org\/{rel}","templated":true}]}}