{"id":98916,"date":"2020-09-15T16:54:06","date_gmt":"2020-09-15T20:54:06","guid":{"rendered":"https:\/\/linitiative.ca\/International\/tunisie-audio-menzel-nour-une-localite-envahie-par-le-covid-et-laissee-pourcompte-par-les-autorites\/"},"modified":"2020-09-15T16:54:06","modified_gmt":"2020-09-15T20:54:06","slug":"tunisie-audio-menzel-nour-une-localite-envahie-par-le-covid-et-laissee-pourcompte-par-les-autorites","status":"publish","type":"post","link":"https:\/\/linitiative.ca\/International\/tunisie-audio-menzel-nour-une-localite-envahie-par-le-covid-et-laissee-pourcompte-par-les-autorites\/","title":{"rendered":"Tunisie \u2013 AUDIO\u00a0: Menzel Nour\u00a0: Une localit\u00e9 envahie par le covid et laiss\u00e9e pourcompte par les autorit\u00e9s"},"content":{"rendered":"<div class=\"post-cont-in left relative\">\n<div id=\"post-info-wrap\" class=\"left relative post-info-out\">\n<div class=\"post-info-img left relative\"><img loading=\"lazy\" decoding=\"async\" alt=\"\" src=\"https:\/\/secure.gravatar.com\/avatar\/185747903a4e93befa6fc09cc0d3d813?s=50&amp;d=mm&amp;r=g\" srcset=\"https:\/\/secure.gravatar.com\/avatar\/185747903a4e93befa6fc09cc0d3d813?s=100&amp;d=mm&amp;r=g 2x\" class=\"avatar avatar-50 photo\" height=\"50\" width=\"50\"\/><\/div>\n<div class=\"post-info-in post-info-right left relative\">\n<div class=\"post-info-name left relative\"><span class=\"post-info-text\">Par<\/span> <span class=\"author-name vcard fn author\"><a href=\"https:\/\/www.tunisienumerique.com\/author\/yassine-atoui\/\" title=\"Articles par Yassine Atoui\" rel=\"author\">Yassine Atoui<\/a><\/span> <span class=\"post-date updated\"><time class=\"post-date updated\" datetime=\"2020-09-15\">\u00a0| Il y a 14 secondes<\/time><\/span><\/div>\n<div class=\"left relative\"><button id=\"listenButton1\" class=\"responsivevoice-button\" type=\"button\" value=\"Play\" title=\"&#xC9;coutez l'article\"><span>\ud83d\udd0a \u00c9coutez l&rsquo;article<\/span><\/button> <\/div>\n<\/div>\n<\/div>\n<p>La localit\u00e9 de Menzel Nour, relevant du gouvernorat de Monastir, n\u2019a pas cess\u00e9, depuis quelques jours, de d\u00e9frayer la chronique avec ses cas de covid+, de plus en plus nombreux \u00e0 \u00eatre notifi\u00e9s, et avec la rentr\u00e9e scolaire qui y a \u00e9t\u00e9 report\u00e9e \u00e0 cause des trop nombreux cas de covid+, aussi bien parmi les enseignants que les \u00e9l\u00e8ves.<\/p>\n<div class=\"code-block code-block-1 c4\"><ins class=\"adsbygoogle c3\" data-ad-layout=\"in-article\" data-ad-format=\"fluid\" data-ad-client=\"ca-pub-2102118777505746\" data-ad-slot=\"7301775417\"\/> <\/div>\n<p>Mais il semble que, malgr\u00e9 la situation qui y est assez critique, cette localit\u00e9 et ses habitants, sont laiss\u00e9s pour compte par les autorit\u00e9s, aussi bien sanitaires que r\u00e9gionales.<\/p>\n<p>Un habitant de la localit\u00e9, membre, de surcroit, de la commission locale de lutte contre le covid, a contact\u00e9 la r\u00e9daction de TunisieNumerique, pour annoncer que Menzel Nour compte, jusqu\u2019\u00e0 ce jour, 195 cas de covid+, sur \u00e0 peine 350 pr\u00e9l\u00e8vements viraux. Soit 60 \u00e0 70% des personnes test\u00e9es. Il a ajout\u00e9 que les contaminations sont horizontales et difficiles \u00e0 ma\u00eetriser du fait que les habitants de la localit\u00e9 se connaissent et se visitent tous, et ne se conforment pas aux mesures de l\u2019auto confinement. Notre interlocuteur a ajout\u00e9 que vu que 80% des covid+ sont des porteurs sains, le nombre des personnes atteintes parle virus \u00e0 Menzel Nour s\u2019\u00e9l\u00e8ve \u00e0 1000 cas. Il a d\u00e9plor\u00e9 que bon nombre des personnes positives refusent de se d\u00e9clarer de peur de se faire renvoyer de leur emploi, ou d\u2019\u00eatre contraint au confinement obligatoire.<\/p>\n<p>Il s\u2019est par ailleurs, plaint des autorit\u00e9s qui ne r\u00e9agissent pas dans la localit\u00e9 malgr\u00e9 la gravit\u00e9 de la situation, en se comparant \u00e0 El Hamma o\u00f9, pour beaucoup moins de cas, un h\u00f4pital de campagne a \u00e9t\u00e9 d\u00e9ploy\u00e9.<\/p>\n<p>Il a assur\u00e9 que les habitants de Menzel Nour sont stigmatis\u00e9s au niveau de la r\u00e9gion, et sont repouss\u00e9s par les autres villes de la r\u00e9gion, y compris par les autorit\u00e9s, et m\u00eame par l\u2019h\u00f4pital.<\/p>\n<p>Notre interlocuteur a revendiqu\u00e9 le droit constitutionnel de ses concitoyens \u00e0 la sant\u00e9, ajoutant que les autorit\u00e9s ne consid\u00e8rent pas les habitants de Menzel Nour comme des citoyens tunisiens.<\/p>\n<p>Il a ajout\u00e9 que l\u2019Etat devra assumer ses responsabilit\u00e9s concernant toutes les retomb\u00e9es de cette \u00e9pid\u00e9mie sur la localit\u00e9 de Menzel Nour.<\/p>\n<p><a href=\"https:\/\/www.tunisienumerique.com\/wp-content\/uploads\/2020\/09\/Manzel-nour-Covid19.mp3\">https:\/\/www.tunisienumerique.com\/wp-content\/uploads\/2020\/09\/Manzel-nour-Covid19.mp3<\/a><\/p>\n<div class=\"swp_social_panel swp_horizontal_panel swp_flat_fresh swp_default_full_color swp_individual_full_color swp_other_full_color scale-100 scale-\" data-min-width=\"1100\" data-float-color=\"#ffffff\" data-float=\"bottom\" data-float-mobile=\"bottom\" data-transition=\"slide\">\n<div class=\"nc_tweetContainer swp_share_button total_shares total_sharesalt\"><span class=\"swp_count\">0 <span class=\"swp_label\">Partages<\/span><\/span><\/div>\n<\/div>\n<p><strong>Que se passe-t-il en Tunisie?<\/strong><br \/>Nous expliquons sur notre <a href=\"https:\/\/www.youtube.com\/channel\/UCRzypVq0B_yBad5eGrwBx0Q?sub_confirmation=1\" target=\"_blank\" rel=\"noopener noreferrer\">cha\u00eene YouTube<\/a> . <a href=\"https:\/\/www.youtube.com\/channel\/UCRzypVq0B_yBad5eGrwBx0Q?sub_confirmation=1\" target=\"_blank\" rel=\"noopener noreferrer\">Abonnez-vous!<\/a><\/p>\n<div class=\"mvp-org-wrap mvp-org-logo\" itemprop=\"publisher\"><img decoding=\"async\" src=\"https:\/\/www.tunisienumerique.com\/wp-content\/uploads\/2017\/02\/logo_tunisie_numerique.png\"\/><\/div>\n<div class=\"mvp-related-posts left relative\">\n<h4 class=\"post-header\"><span class=\"post-header\">Lire aussi<\/span><\/h4>\n<\/div>\n<div id=\"article-ad\"><ins class=\"adsbygoogle c5\" data-ad-client=\"ca-pub-2102118777505746\" data-ad-slot=\"6513972734\" data-ad-format=\"auto\" data-full-width-responsive=\"true\"\/> <\/div>\n<\/div>\n<div id=\"post-sidebar-wrap\"><ins class=\"adsbygoogle c5\" data-ad-client=\"ca-pub-2102118777505746\" data-ad-slot=\"6168283410\" data-ad-format=\"auto\" data-full-width-responsive=\"true\"\/> <\/div>\n<p>Auteur: Yassine Atoui<br \/>\n<a href=\"https:\/\/www.tunisienumerique.com\/tunisie-audio-menzel-nour-une-localite-envahie-par-le-covid-et-laissee-pourcompte-par-les-autorites\/\">Cliquez ici pour lire l&rsquo;article depuis sa source.<\/a><\/p>\n","protected":false},"excerpt":{"rendered":"<p>Par Yassine Atoui \u00a0| Il y a 14 secondes \ud83d\udd0a \u00c9coutez l&rsquo;article La localit\u00e9 de Menzel Nour, relevant du gouvernorat de Monastir, n\u2019a pas cess\u00e9, depuis quelques jours, de d\u00e9frayer la chronique avec ses cas de covid+, de plus en plus nombreux \u00e0 \u00eatre notifi\u00e9s, et avec la rentr\u00e9e scolaire qui y a \u00e9t\u00e9 report\u00e9e [&hellip;]<\/p>\n","protected":false},"author":1789,"featured_media":0,"comment_status":"closed","ping_status":"closed","sticky":false,"template":"","format":"standard","meta":{"fifu_image_url":"","fifu_image_alt":"","footnotes":""},"categories":[73,55],"tags":[],"class_list":["post-98916","post","type-post","status-publish","format-standard","hentry","category-actualite","category-tunisie"],"_links":{"self":[{"href":"https:\/\/linitiative.ca\/International\/wp-json\/wp\/v2\/posts\/98916","targetHints":{"allow":["GET"]}}],"collection":[{"href":"https:\/\/linitiative.ca\/International\/wp-json\/wp\/v2\/posts"}],"about":[{"href":"https:\/\/linitiative.ca\/International\/wp-json\/wp\/v2\/types\/post"}],"author":[{"embeddable":true,"href":"https:\/\/linitiative.ca\/International\/wp-json\/wp\/v2\/users\/1789"}],"replies":[{"embeddable":true,"href":"https:\/\/linitiative.ca\/International\/wp-json\/wp\/v2\/comments?post=98916"}],"version-history":[{"count":0,"href":"https:\/\/linitiative.ca\/International\/wp-json\/wp\/v2\/posts\/98916\/revisions"}],"wp:attachment":[{"href":"https:\/\/linitiative.ca\/International\/wp-json\/wp\/v2\/media?parent=98916"}],"wp:term":[{"taxonomy":"category","embeddable":true,"href":"https:\/\/linitiative.ca\/International\/wp-json\/wp\/v2\/categories?post=98916"},{"taxonomy":"post_tag","embeddable":true,"href":"https:\/\/linitiative.ca\/International\/wp-json\/wp\/v2\/tags?post=98916"}],"curies":[{"name":"wp","href":"https:\/\/api.w.org\/{rel}","templated":true}]}}