{"id":98919,"date":"2020-09-15T16:26:56","date_gmt":"2020-09-15T20:26:56","guid":{"rendered":"https:\/\/linitiative.ca\/International\/mini-sommet-de-la-cedeao-sur-le-mali\/"},"modified":"2020-09-15T16:26:56","modified_gmt":"2020-09-15T20:26:56","slug":"mini-sommet-de-la-cedeao-sur-le-mali","status":"publish","type":"post","link":"https:\/\/linitiative.ca\/International\/mini-sommet-de-la-cedeao-sur-le-mali\/","title":{"rendered":"MINI-SOMMET DE LA CEDEAO SUR LE MALI"},"content":{"rendered":"<div class=\"stream-item stream-item-above-post-content\">\n<p><noscript><\/p>\n<p><a href=\"\/\/www3.smartadserver.com\/ac?jump=1&amp;nwid=2136&amp;siteid=240610&amp;pgname=rg&amp;fmtid=49046&amp;visit=m&amp;tmstp=[timestamp]&amp;out=nonrich\" target=\"_blank\" rel=\"noopener noreferrer\"><img decoding=\"async\" src=\"http:\/\/www3.smartadserver.com\/ac?out=nonrich&amp;nwid=2136&amp;siteid=240610&amp;pgname=rg&amp;fmtid=49046&amp;visit=m&amp;tmstp=[timestamp]\" border=\"0\" alt=\"\"\/><\/a><\/p>\n<p><\/noscript><\/div>\n<p class=\"c3\"><em>Les chefs d\u2019Etat de la CEDEAO se sont pench\u00e9s hier, 15 septembre 2020 \u00e0 Accra, sur la feuille de route de la junte militaire \u00e0 qui ils avaient donn\u00e9 un ultimatum d\u2019une semaine pour d\u00e9signer un civil \u00e0 la t\u00eate du pays apr\u00e8s le coup d\u2019Etat militaire du 18 ao\u00fbt 2020 et dont l\u2019expiration est intervenue le 15 septembre 2020.\u00a0 L\u2019enjeu de ce mini-sommet \u00e9tait, pour le colonel Assimi Go\u00efta, chef de la junte et ses fr\u00e8res d\u2019armes, de faire constater par l\u2019organisation sous r\u00e9gionale les avanc\u00e9es enregistr\u00e9es, notamment la charte adopt\u00e9e le 12 septembre dernier au terme des concertations nationales et partant, la convaincre de lever le pied sur les sanctions qui commencent \u00e0 peser lourdement sur le v\u00e9cu quotidien des Maliens.\u00a0 Ont-ils r\u00e9ussi ce premier examen face aux t\u00eates couronn\u00e9es de la CEDEAO\u00a0? La r\u00e9ponse est non puisque la CEDEAO est rest\u00e9e inflexible. Cela dit, les putschistes auront eu la possibilit\u00e9 de vider leur besace, autrement dit d\u2019exposer leur vision de la conduite de la transition politique. Et cela n\u2019est pas rien. Ce d\u2019autant que ce n\u2019\u00e9tait pas chose gagn\u00e9e d\u2019avance, au regard de l\u2019intransigeance de la CEDEAO sur le choix de celui qui doit piloter la transition politique post-IBK. En tout cas, en allant dans ce sens, le pr\u00e9sident en exercice de la CEDEAO, Nana Akufo-Addo, et ses pairs auront fait preuve de fermet\u00e9. Et cela n\u2019est pas \u00e9tonnant car, il \u00e9tait difficile pour cette organisation d\u2019aller \u00e0 l\u2019encontre de ses principes fondamentaux. Le moins que l\u2019on puisse dire, c\u2019est que le grand oral du colonel Go\u00efta n\u2019aura pas permis de fissurer le bloc CEDEAO, \u00a0contrairement aux autres rencontres sur le Mali, au cours desquelles il y a eu des voix discordantes. C\u2019est donc un vrai flop pour la junte. C\u2019est dire si le colonel Go\u00efta doit changer son fusil d\u2019\u00e9paule. Lui et ses camarades doivent redoubler d\u2019ardeur en \u0153uvrant pour le r\u00e9tablissement de l\u2019ordre constitutionnel en nommant un pr\u00e9sident et un Premier ministre civils, comme l\u2019exige la CEDEAO. \u00a0En tout cas, c\u2019est tout ce qui leur reste \u00e0 faire pour montrer qu\u2019ils ne sont pas mus par une quelconque volont\u00e9 de confisquer le pouvoir. \u00a0\u00a0Comme le malheur ne vient jamais seul, pendant que la junte s\u2019\u00e9chinait \u00e0 convaincre la CEDEAO de la n\u00e9cessit\u00e9 de lever les sanctions, une autre mauvaise nouvelle, la mort de l\u2019ancien pr\u00e9sident malien, le g\u00e9n\u00e9ral Moussa Traor\u00e9, est tomb\u00e9e comme un couperet sur la t\u00eate des Maliens. Faut-il le rappeler, l\u2019homme que les Maliens pleurent a pris les r\u00eanes du pouvoir en 1968 en renversant le p\u00e8re de la Nation, Modibo K\u00e9ita. Il aura dirig\u00e9 le pays d\u2019une main de fer pendant plus de deux d\u00e9cennies avant d\u2019\u00eatre chass\u00e9 \u00e0 son tour en 1991. Et c\u2019est peu dire que les Maliens se souviendront longtemps de cet homme car, il aura marqu\u00e9 l\u2019histoire politique du Mali.<\/em><\/p>\n<p class=\"c3\"><em>\u00a0<\/em><\/p>\n<p class=\"c4\"><strong><em>La disparition de Moussa Traor\u00e9 est une grosse perte pour le Mali<\/em><\/strong><\/p>\n<p class=\"c3\"><em>\u00a0<\/em><\/p>\n<p class=\"c3\"><em>Arriv\u00e9 au pouvoir comme un sauveur, Moussa Traor\u00e9 sera plus tard chass\u00e9 comme un vulgaire bandit par des jeunes officiers dont Amadou Toumani Tour\u00e9 (ATT) et ce, apr\u00e8s un long cycle de violences et de r\u00e9pressions f\u00e9roces contre des manifestants qui r\u00e9clamaient plus de libert\u00e9 et de d\u00e9mocratie car, l\u2019homme avait choisi de mettre son pays en mode pilote automatique. Toujours est-il que Moussa Traor\u00e9 \u00e9tait farouchement oppos\u00e9 \u00e0 l\u2019instauration du multipartisme dans son pays et ce, malgr\u00e9 le discours de La Baule en 1990, qui conditionnait l\u2019aide aux pays africains par la d\u00e9mocratisation du continent. Condamn\u00e9 \u00e0 mort, il sera graci\u00e9 en 2002 par le pr\u00e9sident Alpha Oumar Konar\u00e9. Mais l\u2019on pourrait dire qu\u2019en dehors de ce dernier, aucun autre pr\u00e9sident malien, en tout cas jusque-l\u00e0, n\u2019aura r\u00e9ussi \u00e0 terminer ses mandats constitutionnels. \u00a0On pensait qu\u2019Ibrahim Boubacar Keita r\u00e9ussirait \u00e0 vaincre le signe indien mais h\u00e9las. \u00a0Cela dit, la disparition de Moussa Traor\u00e9 est une grosse perte pour le Mali car, l\u2019homme \u00e9tait tr\u00e8s \u00e9cout\u00e9 par la classe politique malienne. Pour preuve, m\u00eames les tombeurs d\u2019IBK n\u2019avaient pas pu r\u00e9sister \u00e0 la tentation d\u2019aller s\u2019abreuver \u00e0 sa source. L\u2019on peut donc dire qu\u2019il tire sa r\u00e9v\u00e9rence au moment o\u00f9 le Mali avait encore besoin de lui. Cela est d\u2019autant plus vrai que le pays est en train de tracer les sillons d\u2019un Mali nouveau.<\/em><\/p>\n<p class=\"c3\"><em>\u00a0<\/em><\/p>\n<p class=\"c4\"><strong><em>DZ<\/em><\/strong><\/p>\n<p class=\"c3\"><em>\u00a0\u00a0\u00a0<\/em><\/p>\n<p>Auteur: Le Pays<br \/>\n<a href=\"http:\/\/lepays.bf\/mini-sommet-de-la-cedeao-sur-le-mali\/\">Cliquez ici pour lire l&rsquo;article depuis sa source.<\/a><\/p>\n","protected":false},"excerpt":{"rendered":"<p>Les chefs d\u2019Etat de la CEDEAO se sont pench\u00e9s hier, 15 septembre 2020 \u00e0 Accra, sur la feuille de route de la junte militaire \u00e0 qui ils avaient donn\u00e9 un ultimatum d\u2019une semaine pour d\u00e9signer un civil \u00e0 la t\u00eate du pays apr\u00e8s le coup d\u2019Etat militaire du 18 ao\u00fbt 2020 et dont l\u2019expiration est [&hellip;]<\/p>\n","protected":false},"author":1813,"featured_media":0,"comment_status":"closed","ping_status":"closed","sticky":false,"template":"","format":"standard","meta":{"fifu_image_url":"","fifu_image_alt":"","footnotes":""},"categories":[73,81],"tags":[],"class_list":["post-98919","post","type-post","status-publish","format-standard","hentry","category-actualite","category-burkina-faso"],"_links":{"self":[{"href":"https:\/\/linitiative.ca\/International\/wp-json\/wp\/v2\/posts\/98919","targetHints":{"allow":["GET"]}}],"collection":[{"href":"https:\/\/linitiative.ca\/International\/wp-json\/wp\/v2\/posts"}],"about":[{"href":"https:\/\/linitiative.ca\/International\/wp-json\/wp\/v2\/types\/post"}],"author":[{"embeddable":true,"href":"https:\/\/linitiative.ca\/International\/wp-json\/wp\/v2\/users\/1813"}],"replies":[{"embeddable":true,"href":"https:\/\/linitiative.ca\/International\/wp-json\/wp\/v2\/comments?post=98919"}],"version-history":[{"count":0,"href":"https:\/\/linitiative.ca\/International\/wp-json\/wp\/v2\/posts\/98919\/revisions"}],"wp:attachment":[{"href":"https:\/\/linitiative.ca\/International\/wp-json\/wp\/v2\/media?parent=98919"}],"wp:term":[{"taxonomy":"category","embeddable":true,"href":"https:\/\/linitiative.ca\/International\/wp-json\/wp\/v2\/categories?post=98919"},{"taxonomy":"post_tag","embeddable":true,"href":"https:\/\/linitiative.ca\/International\/wp-json\/wp\/v2\/tags?post=98919"}],"curies":[{"name":"wp","href":"https:\/\/api.w.org\/{rel}","templated":true}]}}