{"id":98920,"date":"2020-09-15T16:30:10","date_gmt":"2020-09-15T20:30:10","guid":{"rendered":"https:\/\/linitiative.ca\/International\/condamnation-en-appel-du-journaliste-khaled-drareni\/"},"modified":"2020-09-15T16:30:10","modified_gmt":"2020-09-15T20:30:10","slug":"condamnation-en-appel-du-journaliste-khaled-drareni","status":"publish","type":"post","link":"https:\/\/linitiative.ca\/International\/condamnation-en-appel-du-journaliste-khaled-drareni\/","title":{"rendered":"CONDAMNATION EN APPEL DU JOURNALISTE KHALED DRARENI"},"content":{"rendered":"<div class=\"featured-area featured-area-inner\"><img decoding=\"async\" width=\"780\" height=\"470\" src=\"http:\/\/lepays.bf\/wp-content\/uploads\/2020\/09\/CONDAMNATION-780x470.jpg\" class=\"attachment-jannah-image-post size-jannah-image-post wp-post-image\" alt=\"\" loading=\"lazy\"\/><\/div>\n<div class=\"entry-content entry clearfix\" readability=\"68\">\n<div class=\"stream-item stream-item-above-post-content\">\n<p><noscript><\/p>\n<p><a href=\"\/\/www3.smartadserver.com\/ac?jump=1&amp;nwid=2136&amp;siteid=240610&amp;pgname=rg&amp;fmtid=49046&amp;visit=m&amp;tmstp=[timestamp]&amp;out=nonrich\" target=\"_blank\" rel=\"noopener noreferrer\"><img decoding=\"async\" src=\"http:\/\/www3.smartadserver.com\/ac?out=nonrich&amp;nwid=2136&amp;siteid=240610&amp;pgname=rg&amp;fmtid=49046&amp;visit=m&amp;tmstp=[timestamp]\" border=\"0\" alt=\"\"\/><\/a><\/p>\n<p><\/noscript><\/div>\n<p class=\"c3\">Le journaliste Khaled Drareni a \u00e9t\u00e9 condamn\u00e9 en appel le 15 septembre 2020, \u00e0 deux ans de prison ferme par la Justice alg\u00e9rienne, douchant ainsi les espoirs de sa corporation qui r\u00e9clamait \u00e0 cor et \u00e0 cri sa lib\u00e9ration. Pour \u00a0le secr\u00e9taire g\u00e9n\u00e9ral de RSF, Christophe Deloire, cette sentence est la preuve \u00ab\u00a0d\u2019un enfermement du r\u00e9gime dans une logique de r\u00e9pression absurde, injuste et violente\u00bb. Et l\u2019on pourrait dire qu\u2019il n\u2019a pas tort.\u00a0 Car, la Justice alg\u00e9rienne a beau se d\u00e9fendre, elle\u00a0 peine \u00e0 justifier cette sanction inflig\u00e9e \u00e0 un professionnel de la communication, au regard de la l\u00e9g\u00e8ret\u00e9 du dossier que les avocats du pr\u00e9venu qualifient de vide. On a le sentiment que le pouvoir alg\u00e9rien veut se servir de la Justice pour museler la presse.\u00a0 C\u2019est d\u2019autant plus vrai que\u00a0 le crime de Khaled Drareni n\u2019est autre que d\u2019avoir couvert une manifestation du Hirak, le 7 mars 2020. Le pouvoir alg\u00e9rien ferait mieux de trouver un antidote \u00e0 ce soul\u00e8vement populaire qui trouble son sommeil plut\u00f4t \u00a0que de s\u2019en prendre \u00e0 un pauvre journaliste qui ne demande qu\u2019\u00e0 faire son travail. En tout cas, les charges retenues contre le journaliste Khaled\u00a0: \u00abincitation \u00e0 un attroupement non arm\u00e9\u00a0\u00bb et \u00ab\u00a0atteinte \u00e0 l\u2019unit\u00e9 nationale\u00a0\u00bb, ne sauraient justifier son maintien en d\u00e9tention. Cela dit, le successeur de Bouteflika a tout int\u00e9r\u00eat \u00e0 changer son fusil d\u2019\u00e9paule car, ce n\u2019est pas en s\u2019attaquant ainsi aux Hommes de m\u00e9dias qu\u2019il r\u00e9ussira \u00e0 mettre fin au mouvement de contestation qui \u00e9branle les fondements de son r\u00e9gime. Comme le dit un adage, \u00ab\u00a0ce n\u2019est pas en cassant le thermom\u00e8tre qu\u2019on fait baisser la fi\u00e8vre\u00a0\u00bb. C\u2019est dire s\u2019il se trompe de combat.<\/p>\n<p class=\"c4\"><strong>Le r\u00e9gime Tebboune gagnerait \u00e0 faire lib\u00e9rer le journaliste<\/strong><\/p>\n<p class=\"c3\">\u00a0En jetant un d\u00e9fenseur des sans voix en prison, le pouvoir alg\u00e9rien donne la preuve de sa volont\u00e9 de r\u00e9gner par la r\u00e9pression. Autant dire que le r\u00e9gime de Tebboune n\u2019a pas encore emprunt\u00e9 le chemin de la d\u00e9mocratie \u00e0 laquelle aspire tant le peuple alg\u00e9rien. En tout cas, ce n\u2019est pas en emprisonnant \u00e0 tour de bras qu\u2019il pourra asseoir un r\u00e9gime d\u00e9mocratique. Loin s\u2019en faut. La condamnation de tout d\u00e9fenseur des droits de l\u2019Homme ne fera que r\u00e9v\u00e9ler le caract\u00e8re\u00a0 pr\u00e9dateur de son r\u00e9gime. Car, tout r\u00e9gime d\u00e9mocratique sait que la place d\u2019un journaliste n\u2019est pas en prison mais plut\u00f4t dans une r\u00e9daction.\u00a0 C\u2019est dire si le r\u00e9gime Tebboune gagnerait \u00e0 faire lib\u00e9rer le responsable du site Casbah Tribune et correspondant de la cha\u00eene de t\u00e9l\u00e9vision TV5 MONDE et de l\u2019ONG Reporters sans fronti\u00e8res. Le maintenir en ge\u00f4le pour un crime qu\u2019il n\u2019a pas commis, est, \u00e0 tout point de vue, une mauvaise publicit\u00e9 pour son r\u00e9gime. On est d\u2019autant plus fond\u00e9 \u00e0 le penser que depuis sa condamnation \u00e0 3 ans de prison en premi\u00e8re instance, des voix et pas des moindres, ne cessent de s\u2019\u00e9lever pour r\u00e9clamer sa lib\u00e9ration pure et simple. Et si Tebboune tient \u00e0 redorer l\u2019image de son r\u00e9gime, il doit accorder la libert\u00e9 au journaliste. En attendant, il faut interpeller les grands juges \u00e0 qui le dernier mot revient d\u00e9sormais de sauver ce pauvre journaliste des griffes du pouvoir Tebboune qui, comme un chien de chasse, refuse de l\u00e2cher sa proie.<\/p>\n<p class=\"c4\"><strong>Dabadi ZOUMBARA<\/strong><\/p>\n<\/div>\n<p>Auteur: Le Pays<br \/>\n<a href=\"http:\/\/lepays.bf\/condamnation-en-appel-du-journaliste-khaled-drareni\/\">Cliquez ici pour lire l&rsquo;article depuis sa source.<\/a><\/p>\n","protected":false},"excerpt":{"rendered":"<p>Le journaliste Khaled Drareni a \u00e9t\u00e9 condamn\u00e9 en appel le 15 septembre 2020, \u00e0 deux ans de prison ferme par la Justice alg\u00e9rienne, douchant ainsi les espoirs de sa corporation qui r\u00e9clamait \u00e0 cor et \u00e0 cri sa lib\u00e9ration. Pour \u00a0le secr\u00e9taire g\u00e9n\u00e9ral de RSF, Christophe Deloire, cette sentence est la preuve \u00ab\u00a0d\u2019un enfermement du [&hellip;]<\/p>\n","protected":false},"author":1813,"featured_media":98921,"comment_status":"closed","ping_status":"closed","sticky":false,"template":"","format":"standard","meta":{"fifu_image_url":"","fifu_image_alt":"","footnotes":""},"categories":[73,81],"tags":[],"class_list":["post-98920","post","type-post","status-publish","format-standard","has-post-thumbnail","hentry","category-actualite","category-burkina-faso"],"_links":{"self":[{"href":"https:\/\/linitiative.ca\/International\/wp-json\/wp\/v2\/posts\/98920","targetHints":{"allow":["GET"]}}],"collection":[{"href":"https:\/\/linitiative.ca\/International\/wp-json\/wp\/v2\/posts"}],"about":[{"href":"https:\/\/linitiative.ca\/International\/wp-json\/wp\/v2\/types\/post"}],"author":[{"embeddable":true,"href":"https:\/\/linitiative.ca\/International\/wp-json\/wp\/v2\/users\/1813"}],"replies":[{"embeddable":true,"href":"https:\/\/linitiative.ca\/International\/wp-json\/wp\/v2\/comments?post=98920"}],"version-history":[{"count":0,"href":"https:\/\/linitiative.ca\/International\/wp-json\/wp\/v2\/posts\/98920\/revisions"}],"wp:featuredmedia":[{"embeddable":true,"href":"https:\/\/linitiative.ca\/International\/wp-json\/"}],"wp:attachment":[{"href":"https:\/\/linitiative.ca\/International\/wp-json\/wp\/v2\/media?parent=98920"}],"wp:term":[{"taxonomy":"category","embeddable":true,"href":"https:\/\/linitiative.ca\/International\/wp-json\/wp\/v2\/categories?post=98920"},{"taxonomy":"post_tag","embeddable":true,"href":"https:\/\/linitiative.ca\/International\/wp-json\/wp\/v2\/tags?post=98920"}],"curies":[{"name":"wp","href":"https:\/\/api.w.org\/{rel}","templated":true}]}}