{"id":98924,"date":"2020-09-15T16:40:23","date_gmt":"2020-09-15T20:40:23","guid":{"rendered":"https:\/\/linitiative.ca\/International\/mali-deces-de-lancien-president-moussatraore\/"},"modified":"2020-09-15T16:40:23","modified_gmt":"2020-09-15T20:40:23","slug":"mali-deces-de-lancien-president-moussatraore","status":"publish","type":"post","link":"https:\/\/linitiative.ca\/International\/mali-deces-de-lancien-president-moussatraore\/","title":{"rendered":"Mali : d\u00e9c\u00e8s de l\u2019ancien pr\u00e9sident MoussaTraor\u00e9"},"content":{"rendered":"<div class=\"td-post-featured-image\"><a href=\"https:\/\/www.sidwaya.info\/wp-content\/uploads\/2020\/09\/1-39.jpg\" data-caption=\"\"><img loading=\"lazy\" decoding=\"async\" width=\"595\" height=\"335\" class=\"entry-thumb td-modal-image\" src=\"https:\/\/www.sidwaya.info\/wp-content\/uploads\/2020\/09\/1-39.jpg\" srcset=\"https:\/\/www.sidwaya.info\/wp-content\/uploads\/2020\/09\/1-39.jpg 595w, https:\/\/www.sidwaya.info\/wp-content\/uploads\/2020\/09\/1-39-300x169.jpg 300w\" sizes=\"auto, (max-width: 595px) 100vw, 595px\" alt=\"\" title=\"1\"\/><\/a><\/div>\n<p>L\u2019ancien chef de l\u2019Etat malien, Moussa Traor\u00e9, s\u2019est \u00e9teint dans la mi-journ\u00e9e du mardi 15 septembre 2020 \u00e0 Bamako \u00e0 l\u2019\u00e2ge de 83 ans.<\/p>\n<p>N\u00e9 le 25 septembre 1936 \u00e0 S\u00e9b\u00e9tou dans la r\u00e9gion de Kayes, il fait irruption sur le devant de la sc\u00e8ne politique malienne en novembre 1968. S\u2019appuyant sur un m\u00e9contentement populaire grandissant \u00e0 l\u2019\u00e9gard de Modibo Ke\u00efta, un groupe de jeunes officiers, dont il faisait partie, le lieutenant Moussa Traor\u00e9, renverse le \u00ab p\u00e8re de l\u2019ind\u00e9pendance \u00bb malienne, le 19 novembre. Les putschistes mettent en place un Comit\u00e9 militaire de lib\u00e9ration nationale (CMLN), qui suspend la Constitution et instaure un r\u00e9gime d\u2019exception. D\u2019abord pr\u00e9sident du CMLN, Moussa Traor\u00e9 devient officiellement pr\u00e9sident de la r\u00e9publique, le 19 septembre 1969.<\/p>\n<p>Il exercera alors un pouvoir sans partage pendant plus de 22 ans avant d\u2019\u00eatre renvers\u00e9 par un coup d\u2019Etat militaire perp\u00e9tr\u00e9 par une partie de l\u2019arm\u00e9e, sous la conduite de Amadou Toumani Tour\u00e9, le 26 mars 1991. Condamn\u00e9 \u00e0 mort \u00e0 deux reprises, il est gr\u00e2ci\u00e9 en 2002 par l\u2019ancien pr\u00e9sident malien, Alpha Oumar Konar\u00e9. Ces derni\u00e8res ann\u00e9es, Moussa Traor\u00e9 \u00e9tait devenu une sorte de vieux sage que les politiciens allaient consulter. Son d\u00e9c\u00e8s survient dix jours avant son 84\u00e8me anniversaire et sept jours avant celui de la proclamation de l\u2019ind\u00e9pendance du Mali. Sa disparition intervient aussi alors que son pays, plong\u00e9 depuis des ann\u00e9es dans une profonde crise s\u00e9curitaire, \u00e9conomique et politique, vient de conna\u00eetre son quatri\u00e8me coup d\u2019Etat depuis l\u2019ind\u00e9pendance et cherche \u00e0 grand-peine les suites \u00e0 donner au putsch du 18 ao\u00fbt 2020.<\/p>\n<div class=\"td-a-rec td-a-rec-id-content_inline tdi_30_970 td_block_template_1\"><img loading=\"lazy\" decoding=\"async\" class=\"aligncenter size-full wp-image-21314\" src=\"https:\/\/www.sidwaya.info\/wp-content\/uploads\/2020\/04\/Bandeau-Covid-19-Sidwaya-1.jpg\" alt=\"\" width=\"790\" height=\"98\"\/><\/div>\n<p class=\"c1\"><strong>Sources : AFP\/Jeune Afrique<\/strong><\/p>\n<div class=\"td-a-rec td-a-rec-id-content_bottom tdi_31_f66 td_block_template_1\"><img loading=\"lazy\" decoding=\"async\" class=\"aligncenter size-full wp-image-22415\" src=\"https:\/\/www.sidwaya.info\/wp-content\/uploads\/2020\/05\/Bandeau-paiement-mobile-site.png\" alt=\"\" width=\"728\" height=\"90\"\/><\/div>\n<p>Auteur: BM. Sidwaya<br \/>\n<a href=\"https:\/\/www.sidwaya.info\/blog\/2020\/09\/15\/mali-deces-de-lancien-president-moussatraore\/\">Cliquez ici pour lire l&rsquo;article depuis sa source.<\/a><\/p>\n","protected":false},"excerpt":{"rendered":"<p>L\u2019ancien chef de l\u2019Etat malien, Moussa Traor\u00e9, s\u2019est \u00e9teint dans la mi-journ\u00e9e du mardi 15 septembre 2020 \u00e0 Bamako \u00e0 l\u2019\u00e2ge de 83 ans. N\u00e9 le 25 septembre 1936 \u00e0 S\u00e9b\u00e9tou dans la r\u00e9gion de Kayes, il fait irruption sur le devant de la sc\u00e8ne politique malienne en novembre 1968. S\u2019appuyant sur un m\u00e9contentement populaire [&hellip;]<\/p>\n","protected":false},"author":1816,"featured_media":98925,"comment_status":"closed","ping_status":"closed","sticky":false,"template":"","format":"standard","meta":{"fifu_image_url":"","fifu_image_alt":"","footnotes":""},"categories":[73,81],"tags":[],"class_list":["post-98924","post","type-post","status-publish","format-standard","has-post-thumbnail","hentry","category-actualite","category-burkina-faso"],"_links":{"self":[{"href":"https:\/\/linitiative.ca\/International\/wp-json\/wp\/v2\/posts\/98924","targetHints":{"allow":["GET"]}}],"collection":[{"href":"https:\/\/linitiative.ca\/International\/wp-json\/wp\/v2\/posts"}],"about":[{"href":"https:\/\/linitiative.ca\/International\/wp-json\/wp\/v2\/types\/post"}],"author":[{"embeddable":true,"href":"https:\/\/linitiative.ca\/International\/wp-json\/wp\/v2\/users\/1816"}],"replies":[{"embeddable":true,"href":"https:\/\/linitiative.ca\/International\/wp-json\/wp\/v2\/comments?post=98924"}],"version-history":[{"count":0,"href":"https:\/\/linitiative.ca\/International\/wp-json\/wp\/v2\/posts\/98924\/revisions"}],"wp:featuredmedia":[{"embeddable":true,"href":"https:\/\/linitiative.ca\/International\/wp-json\/"}],"wp:attachment":[{"href":"https:\/\/linitiative.ca\/International\/wp-json\/wp\/v2\/media?parent=98924"}],"wp:term":[{"taxonomy":"category","embeddable":true,"href":"https:\/\/linitiative.ca\/International\/wp-json\/wp\/v2\/categories?post=98924"},{"taxonomy":"post_tag","embeddable":true,"href":"https:\/\/linitiative.ca\/International\/wp-json\/wp\/v2\/tags?post=98924"}],"curies":[{"name":"wp","href":"https:\/\/api.w.org\/{rel}","templated":true}]}}