{"id":98928,"date":"2020-09-15T16:55:18","date_gmt":"2020-09-15T20:55:18","guid":{"rendered":"https:\/\/linitiative.ca\/International\/le-desespoir-des-producteurs-de-zekeze\/"},"modified":"2020-09-15T16:55:18","modified_gmt":"2020-09-15T20:55:18","slug":"le-desespoir-des-producteurs-de-zekeze","status":"publish","type":"post","link":"https:\/\/linitiative.ca\/International\/le-desespoir-des-producteurs-de-zekeze\/","title":{"rendered":"Le d\u00e9sespoir des producteurs  de Z\u00e9k\u00e9z\u00e9"},"content":{"rendered":"<div class=\"td-post-featured-image\"><a href=\"https:\/\/www.sidwaya.info\/wp-content\/uploads\/2020\/09\/on-m.jpg\" data-caption=\"\"><img loading=\"lazy\" decoding=\"async\" width=\"696\" height=\"464\" class=\"entry-thumb td-modal-image\" src=\"https:\/\/www.sidwaya.info\/wp-content\/uploads\/2020\/09\/on-m-696x464.jpg\" srcset=\"https:\/\/www.sidwaya.info\/wp-content\/uploads\/2020\/09\/on-m-696x464.jpg 696w, https:\/\/www.sidwaya.info\/wp-content\/uploads\/2020\/09\/on-m-300x200.jpg 300w, https:\/\/www.sidwaya.info\/wp-content\/uploads\/2020\/09\/on-m-768x512.jpg 768w, https:\/\/www.sidwaya.info\/wp-content\/uploads\/2020\/09\/on-m-630x420.jpg 630w, https:\/\/www.sidwaya.info\/wp-content\/uploads\/2020\/09\/on-m.jpg 787w\" sizes=\"auto, (max-width: 696px) 100vw, 696px\" alt=\"\" title=\"on m\"\/><\/a><\/div>\n<p><strong>Le d\u00e9sespoir des producteurs de Z\u00e9k\u00e9z\u00e9<\/strong><br \/>24 ha de ma\u00efs, 22 ha de manioc, 70 ha de bananes, 50 tonnes de papayes, 50 ha de choux, 40 ha de piment, 10 ha de riz, 1 ha de s\u00e9same et 1 ha de soja. Ce sont les pertes des producteurs du village de Z\u00e9k\u00e9z\u00e9, dans la commune de Bittou, selon les informations parvenues \u00e0 Kantigui. Ce village abrite un affluent du fleuve Nakamb\u00e9, aux bords duquel sont install\u00e9s les producteurs. Selon les t\u00e9moignages des habitants, ces d\u00e9g\u00e2ts auraient \u00e9t\u00e9 caus\u00e9s par l\u2019ouverture r\u00e9guli\u00e8re des vannes du barrage de Bagr\u00e9. Ceux-ci disent regretter le fait de n\u2019\u00eatre pas inform\u00e9s, \u00e0 chaque fois que cela se fait. Les producteurs et les habitants de Z\u00e9k\u00e9z\u00e9, a appris Kantigui, sont dans le d\u00e9sarroi, car ne sachant plus comment se nourrir apr\u00e8s la perte totale de leurs r\u00e9coltes.<\/p>\n<p><strong>Bittou : le manioc \u00e0 l\u2019honneur<\/strong><br \/>La troisi\u00e8me \u00e9dition de la Journ\u00e9e promotionnelle du manioc de Bittou (FESTUBIT) se d\u00e9roulera, du 19 au 21 septembre 2020. Cette manifestation se tient sous le th\u00e8me\u00a0: \u00ab\u00a0Promotion et valorisation des produits agro-sylvo-pastoraux de la r\u00e9gion du Centre-Est\u00a0\u00bb. Durant les trois jours, note Kantigui, il est pr\u00e9vu, entre autres, une exposition de tubercules de manioc, un concours de troupes de danse traditionnelle et un concours d\u2019art culinaire. L\u2019\u00e9dition sera copr\u00e9sid\u00e9e, a-t-on souffl\u00e9 \u00e0 Kantigui, par le ministre de l\u2019Agriculture, Salifou Ou\u00e9draogo et celle en charge de la femme, H\u00e9l\u00e8ne Marie Laurence Ilboudo\/Marchal, avec pour invit\u00e9 d\u2019honneur, le pr\u00e9sident de la Commission \u00e9lectorale nationale ind\u00e9pendante (CENI), Newton Ahmed Barry. Organis\u00e9e par l\u2019Association pour le D\u00e9veloppement de la r\u00e9gion du Centre-Est, en collaboration avec les producteurs et transformatrices de manioc de Bittou, le FESTUBIT b\u00e9n\u00e9ficie de l\u2019appui de plusieurs partenaires, dont ENABEL, le consortium SOS Faim, AVB APROSSA et Afrique Verte Burkina.<\/p>\n<p><strong>C\u00f4te d\u2019Ivoire: la Cour constitutionnelle \u00e9vite l\u2019arr\u00eat de la Cour africaine<\/strong><br \/>Il est revenu \u00e0 Kantigui que la Cour constitutionnelle ivoirienne ne devait pas trancher sur la liste d\u00e9finitive des candidats avant le 16 septembre 2020. Mais, \u00e0 la surprise g\u00e9n\u00e9rale, l\u2019instance sup\u00e9rieure ivoirienne a rendu son verdict dans l\u2019apr\u00e8s-midi du 14 septembre 2020, disqualifiant divers candidats dont Guillaume Soro alors que celui-ci \u00e9tait suspendu \u00e0 un arr\u00eat de la Cour africaine des Droits de l\u2019Homme et des Peuples (CADHP) pr\u00e9vu, hier 15 septembre 2020. Et dans cet arr\u00eat dont Kantigui a obtenu copie, La Cour demande \u00e0 l\u2019Etat de C\u00f4te d\u2019Ivoire de surseoir \u00e0 tous les actes pris subs\u00e9quemment \u00e0 l\u2019ordonnance du 22 avril 2020 et \u00e0 lever tous les obstacles emp\u00eachant Guillaume Soro de jouir de ses droits civiques et d\u2019\u00eatre \u00e9lu, et ce, jusqu\u2019\u00e0 la d\u00e9cision de la Cour sur le fond de l\u2019affaire. Kantigui se souvient que la C\u00f4te d\u2019Ivoire s\u2019\u00e9tait retir\u00e9e de la Cour d\u2019appel en avril dernier au beau milieu de la proc\u00e9dure mais cette d\u00e9cision, de l\u2019avis de la CADHP, est astreinte \u00e0 un pr\u00e9avis d\u2019un an et ne saurait dans tous les cas concerner les affaires en cours d\u2019instruction.<\/p>\n<div class=\"td-a-rec td-a-rec-id-content_inline tdi_30_a5f td_block_template_1\"><img loading=\"lazy\" decoding=\"async\" class=\"aligncenter size-full wp-image-21314\" src=\"https:\/\/www.sidwaya.info\/wp-content\/uploads\/2020\/04\/Bandeau-Covid-19-Sidwaya-1.jpg\" alt=\"\" width=\"790\" height=\"98\"\/><\/div>\n<p class=\"c1\"><strong>Kantigui<\/strong><br \/><strong>kantigui2000@gmail.com<\/strong><br \/><strong>(226) 25 31 22 89<\/strong><\/p>\n<div class=\"td-a-rec td-a-rec-id-content_bottom tdi_31_5fa td_block_template_1\"><img loading=\"lazy\" decoding=\"async\" class=\"aligncenter size-full wp-image-22415\" src=\"https:\/\/www.sidwaya.info\/wp-content\/uploads\/2020\/05\/Bandeau-paiement-mobile-site.png\" alt=\"\" width=\"728\" height=\"90\"\/><\/div>\n<p>Auteur: BM. Sidwaya<br \/>\n<a href=\"https:\/\/www.sidwaya.info\/blog\/2020\/09\/15\/le-desespoir-des-producteurs-de-zekeze\/\">Cliquez ici pour lire l&rsquo;article depuis sa source.<\/a><\/p>\n","protected":false},"excerpt":{"rendered":"<p>Le d\u00e9sespoir des producteurs de Z\u00e9k\u00e9z\u00e924 ha de ma\u00efs, 22 ha de manioc, 70 ha de bananes, 50 tonnes de papayes, 50 ha de choux, 40 ha de piment, 10 ha de riz, 1 ha de s\u00e9same et 1 ha de soja. Ce sont les pertes des producteurs du village de Z\u00e9k\u00e9z\u00e9, dans la commune [&hellip;]<\/p>\n","protected":false},"author":1816,"featured_media":98929,"comment_status":"closed","ping_status":"closed","sticky":false,"template":"","format":"standard","meta":{"fifu_image_url":"","fifu_image_alt":"","footnotes":""},"categories":[73,81],"tags":[],"class_list":["post-98928","post","type-post","status-publish","format-standard","has-post-thumbnail","hentry","category-actualite","category-burkina-faso"],"_links":{"self":[{"href":"https:\/\/linitiative.ca\/International\/wp-json\/wp\/v2\/posts\/98928","targetHints":{"allow":["GET"]}}],"collection":[{"href":"https:\/\/linitiative.ca\/International\/wp-json\/wp\/v2\/posts"}],"about":[{"href":"https:\/\/linitiative.ca\/International\/wp-json\/wp\/v2\/types\/post"}],"author":[{"embeddable":true,"href":"https:\/\/linitiative.ca\/International\/wp-json\/wp\/v2\/users\/1816"}],"replies":[{"embeddable":true,"href":"https:\/\/linitiative.ca\/International\/wp-json\/wp\/v2\/comments?post=98928"}],"version-history":[{"count":0,"href":"https:\/\/linitiative.ca\/International\/wp-json\/wp\/v2\/posts\/98928\/revisions"}],"wp:featuredmedia":[{"embeddable":true,"href":"https:\/\/linitiative.ca\/International\/wp-json\/"}],"wp:attachment":[{"href":"https:\/\/linitiative.ca\/International\/wp-json\/wp\/v2\/media?parent=98928"}],"wp:term":[{"taxonomy":"category","embeddable":true,"href":"https:\/\/linitiative.ca\/International\/wp-json\/wp\/v2\/categories?post=98928"},{"taxonomy":"post_tag","embeddable":true,"href":"https:\/\/linitiative.ca\/International\/wp-json\/wp\/v2\/tags?post=98928"}],"curies":[{"name":"wp","href":"https:\/\/api.w.org\/{rel}","templated":true}]}}