{"id":98933,"date":"2020-09-15T13:18:02","date_gmt":"2020-09-15T17:18:02","guid":{"rendered":"https:\/\/linitiative.ca\/International\/cote-divoire-les-acteurs-frontaliers-formes-a-la-cohabitation-pacifique-aux-frontieres\/"},"modified":"2020-09-15T13:18:02","modified_gmt":"2020-09-15T17:18:02","slug":"cote-divoire-les-acteurs-frontaliers-formes-a-la-cohabitation-pacifique-aux-frontieres","status":"publish","type":"post","link":"https:\/\/linitiative.ca\/International\/cote-divoire-les-acteurs-frontaliers-formes-a-la-cohabitation-pacifique-aux-frontieres\/","title":{"rendered":"C\u00f4te d\u2019Ivoire : les acteurs frontaliers form\u00e9s \u00e0 la cohabitation pacifique aux fronti\u00e8res"},"content":{"rendered":"<p>Quelque 146 acteurs frontaliers compos\u00e9s des leaders communautaires, des forces de d\u00e9fense et de s\u00e9curit\u00e9, des guides religieux ainsi que du corps pr\u00e9fectoral des sous-pr\u00e9fectures de Sikolo (Kong), Katogo (M\u2019bengu\u00e9) et Mahandiana sokourani (Kaniasso), trois localit\u00e9s issues des r\u00e9gions frontali\u00e8res du Tchologo, du Poro et du Folon ont \u00e9t\u00e9 form\u00e9s et impliqu\u00e9s dans la cohabitation pacifique aux fronti\u00e8res.Ces \u00a0s\u00e9ances de formation ont \u00e9t\u00e9 assur\u00e9es les 11, 12 et 14 septembre \u00a0par le secr\u00e9tariat ex\u00e9cutif \u00a0de la Commission nationale des fronti\u00e8res de la C\u00f4te d\u2019ivoire (CNFCI) dans le cadre de la mise en \u0153uvre du projet \u00ab sensibilisation \u00e0 la cohabitation pacifique \u00a0et \u00e0 la lutte contre la covid-19 dans les r\u00e9gions frontali\u00e8res \u00bb financ\u00e9 par la coop\u00e9ration allemande \u00a0\u00e0 travers la GIZ, rapporte une note d\u2019information transmise \u00e0 APA, mardi.<\/p>\n<p>Elles ont \u00e9t\u00e9 l\u2019occasion pour les participants d\u2019\u00e9changer avec la CNFCI sur les diff\u00e9rents probl\u00e8mes qu\u2019ils rencontrent au quotidien. Il en ressort que cette r\u00e9gion nord du pays est en proie \u00e0 l\u2019ins\u00e9curit\u00e9 frontali\u00e8re avec comme lot commun les attaques meurtri\u00e8res \u00a0notamment celle qu\u2019a connu le village de Kafolo, les conflits fonciers, les tentatives d\u2019annexion d\u2019une partie du \u00a0territoire ivoirien et la crainte des menaces terroristes.<\/p>\n<p>En effet, selon T\u00e9houl\u00e9 N\u2019guessan Augustin, pr\u00e9fet du d\u00e9partement de M\u2019bengu\u00e9, l\u2019on d\u00e9nombre de r\u00e9currents conflits fonciers entre les villages ivoiriens et maliens dont le plus r\u00e9cent est le litige foncier qui oppose le village de N\u2019gandaman dans la sous-pr\u00e9fecture de Bougou en C\u00f4te d\u2019Ivoire \u00a0 et celui de Dovong au Mali.<\/p>\n<p>\u00a0\u00ab En 2019, le bilan des affrontements entre ces deux villages frontaliers aurait fait plusieurs bless\u00e9s \u00bb a-t-il expliqu\u00e9 en pr\u00e9conisant la mat\u00e9rialisation des fronti\u00e8res pour r\u00e9soudre durablement ces probl\u00e8mes.<\/p>\n<p>Les villages frontaliers de Ouelli et Ouanguemin dans la sous-pr\u00e9fecture de Mahandiana Sokourani ont \u00e9galement eu \u00a0maille \u00e0 partir avec un village \u00a0du mali en raison d\u2019un litige foncier vieux de plus de 20 ans. A en croire Doumbia T\u00e9maha et Kon\u00e9 Diamah, chefs de ces villages, cette situation couve toujours.<\/p>\n<p>Prenant la parole \u00e0 ces diff\u00e9rentes s\u00e9ances, \u00a0Diakalidia Kon\u00e9, \u00a0secr\u00e9taire ex\u00e9cutif de la Commission nationale des fronti\u00e8res de la C\u00f4te d\u2019ivoire (CNFCI), \u00a0a d\u00e9plor\u00e9 cette situation d\u2019ins\u00e9curit\u00e9 aux fronti\u00e8res.<\/p>\n<p>Poursuivant, il a au nom du premier ministre, ministre de la d\u00e9fense, Hamed Bakayoko, pr\u00e9sident de la CNFCI, rassur\u00e9 les populations frontali\u00e8res \u00a0sur la prise en compte de leur s\u00e9curit\u00e9 par le gouvernement \u00e0 travers la cr\u00e9ation de la CNFCI avant de les impliquer dans la lutte pour \u00a0la s\u00e9curit\u00e9 et la cohabitation pacifique avec leurs voisins.<\/p>\n<p>\u00ab La s\u00e9curit\u00e9 n\u2019est pas seulement l\u2019affaire des forces de d\u00e9fense et de s\u00e9curit\u00e9 seules, mais plut\u00f4t l\u2019affaire de tous. C\u2019est pourquoi, nous devons tous nous mobiliser et nous impliquer v\u00e9ritablement pour ramener pacifiquement la paix et la s\u00e9curit\u00e9 \u00e0 nos fronti\u00e8res. Cela est possible \u00e0 travers la pr\u00e9vention des conflits, le r\u00e8glement pacifique des conflits, la vigilance et la franche collaboration des populations avec les autorit\u00e9s administratives et s\u00e9curitaires locales. La CNFCI est cr\u00e9\u00e9e pour apporter le d\u00e9veloppement \u00e0 nos fronti\u00e8res, mais sans la s\u00e9curit\u00e9 et la paix, on ne peut pas amorcer le d\u00e9veloppement dans les espaces frontaliers \u00bb a-t-il conclu en les exhortant \u00e0 vivre en paix avec leurs voisins \u00a0tout en \u00e9tant cependant vigilants.<\/p>\n<p>M. Konat\u00e9 a enfin remis aux participants des kits sanitaires contre la covid-19 compos\u00e9s de gel hydro alcooliques, de seaux d\u2019hygi\u00e8nes, de thermom\u00e8tres et de papiers hygi\u00e9niques.<\/p>\n<p>Auparavant, le formateur, Michel S\u00e9ka a instruit les participants sur les r\u00f4les des acteurs dans la pr\u00e9vention et r\u00e9solution des conflits, les \u00a0outils de la pr\u00e9vention des conflits \u00a0et les \u00a0m\u00e9thodes de la r\u00e9solution de ces conflits.<\/p>\n<p>A l\u2019en croire, \u00a0\u00ab il faut pr\u00e9venir les conflits \u00e0 travers notamment les alertes pr\u00e9coces, le dialogue intercommunautaire entre les populations par l\u2019activation des comit\u00e9s de paix et les alliances ethniques. En cas de survenance \u00a0de conflits, proc\u00e9der aux r\u00e8glements des conflits au double niveau frontalier et transfrontalier. Ces niveaux sont : le r\u00e8glement au niveau du chef de famille, de quartier, de village. En cas d\u2019\u00e9chec, porter le diff\u00e9rend \u00e0 la connaissance du sous-pr\u00e9fet de sa localit\u00e9 \u00a0 et du pr\u00e9fet plus tard \u00a0si une solution n\u2019est pas trouv\u00e9e. \u00bb<\/p>\n<p>Il a enfin exhort\u00e9 les \u00a0chefs traditionnels, guides religieux, femmes et jeunes \u00e0 dire \u00ab non \u00bb \u00e0 l\u2019utilisation des m\u00e9thodes \u00a0violentes pour la r\u00e9solution des conflits, mais \u00e9galement \u00ab non \u00bb \u00e0 la diffusion des rumeurs et \u00ab oui \u00bb au vivre ensemble et \u00e0 la cohabitation pacifique.<\/p>\n<p>Impr\u00e9gn\u00e9s de cette formation, les participants ont promis utiliser ces connaissances acquises pour servir d\u2019acteurs de paix \u00a0et de s\u00e9curit\u00e9 dans leur village respectif.<\/p>\n<p>\u00a0\u00ab Les passages non officiels font que chaque jour nous enregistrons des entr\u00e9es dans nos villages malgr\u00e9 la fermeture des fronti\u00e8res. Nous avons aussi beaucoup de probl\u00e8mes fonciers et d\u2019annexion de territoire. Par le pass\u00e9, nous utilisions la violence qui ne nous rendait pas service \u00bb, a soulign\u00e9 Bamba Ti\u00e9moko, chef du village de Kafolo \u00a0et pr\u00e9sident de l\u2019association des chefs de village de la sous-pr\u00e9fecture de Sikolo. \u00a0\u00a0<\/p>\n<p>\u00ab Avec la formation que nous venons de recevoir, nous avons les outils et les m\u00e9thodes pour r\u00e9gler pacifiquement \u00a0les conflits et litiges que nous allons avoir avec les villages des pays voisins qui sont aussi nos fr\u00e8res. Nous serons aussi vigilants et nous allons collaborer avec les autorit\u00e9s \u00bb a-t-il promis.<\/p>\n<p>\u00a0La Commission nationale des fronti\u00e8res de la C\u00f4te d\u2019Ivoire (CNFCI) a pour mission d\u2019assister le gouvernement dans la conception, la d\u00e9finition et la mise en \u0153uvre des politique et strat\u00e9gie nationales des fronti\u00e8res.<\/p>\n<p>Elle est charg\u00e9e notamment de faire des suggestions ou propositions au gouvernement en mati\u00e8re de d\u00e9limitation, de mat\u00e9rialisation et de gestion des fronti\u00e8res. La CNFCI a \u00e9galement pour mission de veiller \u00e0 la mise en \u0153uvre effective des politique et strat\u00e9gie nationales par le Secr\u00e9tariat ex\u00e9cutif.<\/p>\n<p>Enfin, la Commission nationale des fronti\u00e8res de la C\u00f4te d\u2019Ivoire doit veiller \u00e0 la pr\u00e9vention et au r\u00e8glement des litiges frontaliers pouvant surgir entre la C\u00f4te d\u2019Ivoire et les pays limitrophes.<\/p>\n<p>Auteur: APA News<br \/>\n<a href=\"https:\/\/www.journalducameroun.com\/cote-divoire-les-acteurs-frontaliers-formes-a-la-cohabitation-pacifique-aux-frontieres\/\">Cliquez ici pour lire l&rsquo;article depuis sa source.<\/a><\/p>\n","protected":false},"excerpt":{"rendered":"<p>Quelque 146 acteurs frontaliers compos\u00e9s des leaders communautaires, des forces de d\u00e9fense et de s\u00e9curit\u00e9, des guides religieux ainsi que du corps pr\u00e9fectoral des sous-pr\u00e9fectures de Sikolo (Kong), Katogo (M\u2019bengu\u00e9) et Mahandiana sokourani (Kaniasso), trois localit\u00e9s issues des r\u00e9gions frontali\u00e8res du Tchologo, du Poro et du Folon ont \u00e9t\u00e9 form\u00e9s et impliqu\u00e9s dans la cohabitation [&hellip;]<\/p>\n","protected":false},"author":1965,"featured_media":0,"comment_status":"closed","ping_status":"closed","sticky":false,"template":"","format":"standard","meta":{"fifu_image_url":"","fifu_image_alt":"","footnotes":""},"categories":[73,82],"tags":[],"class_list":["post-98933","post","type-post","status-publish","format-standard","hentry","category-actualite","category-cameroun"],"_links":{"self":[{"href":"https:\/\/linitiative.ca\/International\/wp-json\/wp\/v2\/posts\/98933","targetHints":{"allow":["GET"]}}],"collection":[{"href":"https:\/\/linitiative.ca\/International\/wp-json\/wp\/v2\/posts"}],"about":[{"href":"https:\/\/linitiative.ca\/International\/wp-json\/wp\/v2\/types\/post"}],"author":[{"embeddable":true,"href":"https:\/\/linitiative.ca\/International\/wp-json\/wp\/v2\/users\/1965"}],"replies":[{"embeddable":true,"href":"https:\/\/linitiative.ca\/International\/wp-json\/wp\/v2\/comments?post=98933"}],"version-history":[{"count":0,"href":"https:\/\/linitiative.ca\/International\/wp-json\/wp\/v2\/posts\/98933\/revisions"}],"wp:attachment":[{"href":"https:\/\/linitiative.ca\/International\/wp-json\/wp\/v2\/media?parent=98933"}],"wp:term":[{"taxonomy":"category","embeddable":true,"href":"https:\/\/linitiative.ca\/International\/wp-json\/wp\/v2\/categories?post=98933"},{"taxonomy":"post_tag","embeddable":true,"href":"https:\/\/linitiative.ca\/International\/wp-json\/wp\/v2\/tags?post=98933"}],"curies":[{"name":"wp","href":"https:\/\/api.w.org\/{rel}","templated":true}]}}