{"id":98934,"date":"2020-09-15T13:54:07","date_gmt":"2020-09-15T17:54:07","guid":{"rendered":"https:\/\/linitiative.ca\/International\/cameroun-le-ministre-rene-sadi-monte-aussi-au-creneau-contre-la-manifestation-projetee-par-maurice-kamto\/"},"modified":"2020-09-15T13:54:07","modified_gmt":"2020-09-15T17:54:07","slug":"cameroun-le-ministre-rene-sadi-monte-aussi-au-creneau-contre-la-manifestation-projetee-par-maurice-kamto","status":"publish","type":"post","link":"https:\/\/linitiative.ca\/International\/cameroun-le-ministre-rene-sadi-monte-aussi-au-creneau-contre-la-manifestation-projetee-par-maurice-kamto\/","title":{"rendered":"Cameroun : le ministre Ren\u00e9 Sadi monte aussi au cr\u00e9neau contre la manifestation projet\u00e9e par Maurice Kamto"},"content":{"rendered":"<div readability=\"32\">\n<p>Publi\u00e9 le 15.09.2020 \u00e0 18h54 par Christian Djimadeu<\/p>\n<\/div>\n<div readability=\"48\">\n<h2 class=\"c6\">Apr\u00e8s le ministre de l\u2019Administration territoriale hier, c\u2019est autour du ministre de la Communication de d\u00e9noncer la manifestation du MRC annonc\u00e9e le 29 septembre 2020. Dans un communiqu\u00e9 publi\u00e9 ce 15 septembre 2020, Ren\u00e9 Emmanuel Sadi brandit des menaces aux personnes qui s\u2019associeront \u00e0 ce projet.<\/h2>\n<p class=\"c7\"><strong>Ren\u00e9 Emmanuel Sadi<\/strong> r\u00e9it\u00e8re l\u2019interdiction de la manifestation annonc\u00e9e par le Mouvement pour la renaissance du Cameroun (<strong>MRC<\/strong>) le 29 septembre prochain. \u00ab\u00a0<em>Le Gouvernement de la R\u00e9publique tient \u00e0 rappeler qu\u2019aucune<\/em> <em>manifestation ne saurait \u00eatre consid\u00e9r\u00e9e comme pacifique lorsque le but d\u00e9clar\u00e9 en est le lancement d\u2019un mouvement insurrectionnel et le renversement d\u2019institutions r\u00e9publicaines d\u00e9mocratiquement \u00e9lues<\/em>\u00a0\u00bb, \u00e9crit le ministre de la Communication dans un communiqu\u00e9 publi\u00e9 ce 15 septembre 2020.<\/p>\n<p class=\"c7\">Aux personnes qui prendront part \u00e0 ladite manifestation, Ren\u00e9 Emmanuel Sadi pr\u00e9vient que\u00a0: \u00ab\u00a0<em>tous ceux qui s\u2019associeront \u00e0 un tel projet<\/em> <em>devront s\u2019attendre \u00e1 en r\u00e9pondre devant les instances judiciaires comp\u00e9tentes. Les forces de s\u00e9curit\u00e9 prendront \u00e0 cet \u00e9gard toutes les mesures n\u00e9cessaires pour assurer fermement le maintien de l\u2019ordre public et de la paix sociale<\/em>\u00a0\u00bb.<\/p>\n<p class=\"c7\">La sortie du <strong>Mincom<\/strong> arrive 24 heures apr\u00e8s la circulaire de son coll\u00e8gue de l\u2019Administration territoriale adress\u00e9e aux gouverneurs des r\u00e9gions du Centre, du Littoral et de l\u2019Ouest. <strong>Paul Atanga Nji<\/strong> a ordonn\u00e9 aux gouverneurs d\u2019interpeller et de garder \u00e0 vue les participants \u00e0 la manifestation du 29 septembre ainsi que ses organisateurs.<\/p>\n<\/div>\n<p>Auteur: Christian DJIMADEU<br \/>\n<a href=\"https:\/\/www.journalducameroun.com\/cameroun-le-ministre-rene-sadi-monte-aussi-au-creneau-contre-la-manifestation-projetee-par-maurice-kamto-cameroun\/\">Cliquez ici pour lire l&rsquo;article depuis sa source.<\/a><\/p>\n","protected":false},"excerpt":{"rendered":"<p>Publi\u00e9 le 15.09.2020 \u00e0 18h54 par Christian Djimadeu Apr\u00e8s le ministre de l\u2019Administration territoriale hier, c\u2019est autour du ministre de la Communication de d\u00e9noncer la manifestation du MRC annonc\u00e9e le 29 septembre 2020. Dans un communiqu\u00e9 publi\u00e9 ce 15 septembre 2020, Ren\u00e9 Emmanuel Sadi brandit des menaces aux personnes qui s\u2019associeront \u00e0 ce projet. Ren\u00e9 [&hellip;]<\/p>\n","protected":false},"author":1965,"featured_media":0,"comment_status":"closed","ping_status":"closed","sticky":false,"template":"","format":"standard","meta":{"fifu_image_url":"","fifu_image_alt":"","footnotes":""},"categories":[73,82],"tags":[],"class_list":["post-98934","post","type-post","status-publish","format-standard","hentry","category-actualite","category-cameroun"],"_links":{"self":[{"href":"https:\/\/linitiative.ca\/International\/wp-json\/wp\/v2\/posts\/98934","targetHints":{"allow":["GET"]}}],"collection":[{"href":"https:\/\/linitiative.ca\/International\/wp-json\/wp\/v2\/posts"}],"about":[{"href":"https:\/\/linitiative.ca\/International\/wp-json\/wp\/v2\/types\/post"}],"author":[{"embeddable":true,"href":"https:\/\/linitiative.ca\/International\/wp-json\/wp\/v2\/users\/1965"}],"replies":[{"embeddable":true,"href":"https:\/\/linitiative.ca\/International\/wp-json\/wp\/v2\/comments?post=98934"}],"version-history":[{"count":0,"href":"https:\/\/linitiative.ca\/International\/wp-json\/wp\/v2\/posts\/98934\/revisions"}],"wp:attachment":[{"href":"https:\/\/linitiative.ca\/International\/wp-json\/wp\/v2\/media?parent=98934"}],"wp:term":[{"taxonomy":"category","embeddable":true,"href":"https:\/\/linitiative.ca\/International\/wp-json\/wp\/v2\/categories?post=98934"},{"taxonomy":"post_tag","embeddable":true,"href":"https:\/\/linitiative.ca\/International\/wp-json\/wp\/v2\/tags?post=98934"}],"curies":[{"name":"wp","href":"https:\/\/api.w.org\/{rel}","templated":true}]}}