{"id":98935,"date":"2020-09-15T14:18:02","date_gmt":"2020-09-15T18:18:02","guid":{"rendered":"https:\/\/linitiative.ca\/International\/mali-deces-de-lex-chef-de-letat-moussa-traore\/"},"modified":"2020-09-15T14:18:02","modified_gmt":"2020-09-15T18:18:02","slug":"mali-deces-de-lex-chef-de-letat-moussa-traore","status":"publish","type":"post","link":"https:\/\/linitiative.ca\/International\/mali-deces-de-lex-chef-de-letat-moussa-traore\/","title":{"rendered":"Mali : d\u00e9c\u00e8s de l\u2019ex-chef de l\u2019\u00c9tat Moussa Traor\u00e9"},"content":{"rendered":"<div readability=\"32\">\n<p>Publi\u00e9 le 15.09.2020 \u00e0 19h18 par APA News<\/p>\n<\/div>\n<div readability=\"62\">\n<p>L\u2019ancien pr\u00e9sident de la R\u00e9publique du Mali, Moussa Traor\u00e9, est mort ce mardi 15 septembre \u00e0 l\u2019\u00e2ge de 84 ans.La disparition de l\u2019auteur du premier coup d\u2019\u00c9tat de l\u2019histoire du Mali, en 1968, intervient au moment o\u00f9 ce pays cherche une issue \u00e0 une crise sociopolitique. Celle-ci a conduit au renversement, le 18 ao\u00fbt dernier, du pr\u00e9sident Ibrahim Boubacar Ke\u00efta (IBK).<\/p>\n<p>Le chef de la junte militaire au pouvoir, le colonel Assimi Go\u00efta, s\u2019est rendu ce mardi \u00e0 Accra (Ghana) pour discuter de la transition politique avec les chefs d\u2019\u00c9tat de la Communaut\u00e9 \u00e9conomique des \u00c9tats de l\u2019Afrique de l\u2019ouest (Cedeao).<\/p>\n<p>L\u2019ultimatum de l\u2019organisation r\u00e9gionale, pour la d\u00e9signation de deux civils aux postes de pr\u00e9sident et de Premier ministre de la transition, arrive \u00e0 expiration aujourd\u2019hui.<\/p>\n<p>N\u00e9 le 25 septembre 1936, le G\u00e9n\u00e9ral Moussa Traor\u00e9 avait destitu\u00e9 Modibo Ke\u00efta, le p\u00e8re de l\u2019ind\u00e9pendance du Mali. Il perdra \u00e0 son tour le pouvoir, en 1991, \u00e0 la suite d\u2019un coup d\u2019\u00c9tat militaire. Tomb\u00e9 en\u00a0disgr\u00e2ce, Moussa Traor\u00e9 fera ensuite l\u2019objet d\u2019une condamnation \u00e0 mort et doit son salut au pr\u00e9sident Alpha Oumar Konar\u00e9 qui l\u2019a graci\u00e9 en 2002.<\/p>\n<\/div>\n<p>Auteur: APA News<br \/>\n<a href=\"https:\/\/www.journalducameroun.com\/mali-deces-de-lex-chef-de-letat-moussa-traore\/\">Cliquez ici pour lire l&rsquo;article depuis sa source.<\/a><\/p>\n","protected":false},"excerpt":{"rendered":"<p>Publi\u00e9 le 15.09.2020 \u00e0 19h18 par APA News L\u2019ancien pr\u00e9sident de la R\u00e9publique du Mali, Moussa Traor\u00e9, est mort ce mardi 15 septembre \u00e0 l\u2019\u00e2ge de 84 ans.La disparition de l\u2019auteur du premier coup d\u2019\u00c9tat de l\u2019histoire du Mali, en 1968, intervient au moment o\u00f9 ce pays cherche une issue \u00e0 une crise sociopolitique. Celle-ci [&hellip;]<\/p>\n","protected":false},"author":1965,"featured_media":0,"comment_status":"closed","ping_status":"closed","sticky":false,"template":"","format":"standard","meta":{"fifu_image_url":"","fifu_image_alt":"","footnotes":""},"categories":[73,82],"tags":[],"class_list":["post-98935","post","type-post","status-publish","format-standard","hentry","category-actualite","category-cameroun"],"_links":{"self":[{"href":"https:\/\/linitiative.ca\/International\/wp-json\/wp\/v2\/posts\/98935","targetHints":{"allow":["GET"]}}],"collection":[{"href":"https:\/\/linitiative.ca\/International\/wp-json\/wp\/v2\/posts"}],"about":[{"href":"https:\/\/linitiative.ca\/International\/wp-json\/wp\/v2\/types\/post"}],"author":[{"embeddable":true,"href":"https:\/\/linitiative.ca\/International\/wp-json\/wp\/v2\/users\/1965"}],"replies":[{"embeddable":true,"href":"https:\/\/linitiative.ca\/International\/wp-json\/wp\/v2\/comments?post=98935"}],"version-history":[{"count":0,"href":"https:\/\/linitiative.ca\/International\/wp-json\/wp\/v2\/posts\/98935\/revisions"}],"wp:attachment":[{"href":"https:\/\/linitiative.ca\/International\/wp-json\/wp\/v2\/media?parent=98935"}],"wp:term":[{"taxonomy":"category","embeddable":true,"href":"https:\/\/linitiative.ca\/International\/wp-json\/wp\/v2\/categories?post=98935"},{"taxonomy":"post_tag","embeddable":true,"href":"https:\/\/linitiative.ca\/International\/wp-json\/wp\/v2\/tags?post=98935"}],"curies":[{"name":"wp","href":"https:\/\/api.w.org\/{rel}","templated":true}]}}