{"id":98936,"date":"2020-09-15T18:03:45","date_gmt":"2020-09-15T22:03:45","guid":{"rendered":"https:\/\/linitiative.ca\/International\/covid-19-le-maroc-pointe-au-38eme-rang-mondial-des-pays-les-plus-touches-par-le-coronavirus\/"},"modified":"2020-09-15T18:03:45","modified_gmt":"2020-09-15T22:03:45","slug":"covid-19-le-maroc-pointe-au-38eme-rang-mondial-des-pays-les-plus-touches-par-le-coronavirus","status":"publish","type":"post","link":"https:\/\/linitiative.ca\/International\/covid-19-le-maroc-pointe-au-38eme-rang-mondial-des-pays-les-plus-touches-par-le-coronavirus\/","title":{"rendered":"Covid-19 : Le Maroc pointe au 38\u00e8me\u00a0rang mondial des pays les plus touch\u00e9s par le Coronavirus"},"content":{"rendered":"<div readability=\"32\">\n<p>Publi\u00e9 le 15.09.2020 \u00e0 23h18 par APA News<\/p>\n<\/div>\n<div readability=\"94\">\n<p>Le Maroc se positionne au 38-\u00e8me rang dans le monde et 3-\u00e8me en Afrique en ce qui concerne le nombre de contaminations, a pr\u00e9cis\u00e9 mardi le minist\u00e8re de la sant\u00e9.Pour ce qui est du nombre des d\u00e9c\u00e8s, le Royaume pointe \u00e0 la 44-\u00e8me position mondialement et 4-\u00e8me en Afrique et 32-\u00e8me au niveau mondial et 2-\u00e8me en Afrique en ce qui concerne le nombre de tests, a fait savoir le chef de division des maladies transmissibles \u00e0 la direction de l\u2019\u00e9pid\u00e9miologie et lutte contre les maladies relevant du minist\u00e8re, Abdelkrim Meziane Bellefqui.<\/p>\n<p>Pr\u00e9sentant le bilan bimensuel relative \u00e0 la situation \u00e9pid\u00e9miologique li\u00e9e au Covid-19, le responsable sanitaire a indiqu\u00e9 que le taux de reproduction du virus est stable actuellement \u00e0 1,11 et que le plan national de lutte contre la Covid-19 vise \u00e0 le faire chuter \u00e0 -1.<\/p>\n<p>Il a, en outre, mis la lumi\u00e8re sur l\u2019\u00e9volution de la situation \u00e9pid\u00e9miologique durant les deux derni\u00e8res semaines, soulignant que le nombre de cas de contaminations dans le Royaume, du 7 au 13 septembre, a atteint 14.292, contre 10.995 du 31 ao\u00fbt au 6 septembre, soit une augmentation de 30%. Le nombre de personnes d\u00e9clar\u00e9es gu\u00e9ries a, de son c\u00f4t\u00e9, affich\u00e9 une hausse de 37% (de 8.919 \u00e0 12.254), tandis que le nombre de d\u00e9c\u00e8s a accus\u00e9 une baisse de 13% (217 contre 250) durant la m\u00eame p\u00e9riode, a-t-il pr\u00e9cis\u00e9.<\/p>\n<p>Il a, \u00e9galement, rappel\u00e9 que 88.203 est le nombre de contaminations dans le Royaume depuis le premier cas signal\u00e9 le 2 mars, contre 68.970 personnes totalement r\u00e9tablies, soit un taux de gu\u00e9rison de 78,2%, notant que le nombre de d\u00e9c\u00e8s est de 1.614, soit un taux de l\u00e9talit\u00e9 de 1,8% et le taux d\u2019incidence est de 243\/100.000 habitants.<\/p>\n<p>Selon le responsable sanitaire, le taux d\u2019incidence hebdomadaire a commenc\u00e9 \u00e0 augmenter de mani\u00e8re rapide, \u00e0 partir du mois de septembre.<\/p>\n<p>S\u2019agissant de la r\u00e9partition du taux d\u2019incidence hebdomadaire pour chaque 100.000 habitants suivant les r\u00e9gions, du 7 au 13 septembre, M. Bellefqui a fait observer que les r\u00e9gions concern\u00e9es par un taux d\u2019incidence de 20\/100.000 habitants sont l\u2019Oriental, Tanger-T\u00e9touan-Al Hoceima, F\u00e8s-Mekn\u00e8s, Guelmim-Oued Noun et La\u00e2youne-Sakia El Hamra.<\/p>\n<p>Quant au nombre de d\u00e9c\u00e8s apr\u00e8s mi-ao\u00fbt, il a atteint plus de 200 cas par semaine, a-t-il relev\u00e9.<\/p>\n<\/div>\n<p>Auteur: APA News<br \/>\n<a href=\"https:\/\/www.journalducameroun.com\/covid-19-le-maroc-pointe-au-38eme-rang-mondial-des-pays-les-plus-touches-par-le-coronavirus\/\">Cliquez ici pour lire l&rsquo;article depuis sa source.<\/a><\/p>\n","protected":false},"excerpt":{"rendered":"<p>Publi\u00e9 le 15.09.2020 \u00e0 23h18 par APA News Le Maroc se positionne au 38-\u00e8me rang dans le monde et 3-\u00e8me en Afrique en ce qui concerne le nombre de contaminations, a pr\u00e9cis\u00e9 mardi le minist\u00e8re de la sant\u00e9.Pour ce qui est du nombre des d\u00e9c\u00e8s, le Royaume pointe \u00e0 la 44-\u00e8me position mondialement et 4-\u00e8me [&hellip;]<\/p>\n","protected":false},"author":1965,"featured_media":0,"comment_status":"closed","ping_status":"closed","sticky":false,"template":"","format":"standard","meta":{"fifu_image_url":"","fifu_image_alt":"","footnotes":""},"categories":[73,82],"tags":[],"class_list":["post-98936","post","type-post","status-publish","format-standard","hentry","category-actualite","category-cameroun"],"_links":{"self":[{"href":"https:\/\/linitiative.ca\/International\/wp-json\/wp\/v2\/posts\/98936","targetHints":{"allow":["GET"]}}],"collection":[{"href":"https:\/\/linitiative.ca\/International\/wp-json\/wp\/v2\/posts"}],"about":[{"href":"https:\/\/linitiative.ca\/International\/wp-json\/wp\/v2\/types\/post"}],"author":[{"embeddable":true,"href":"https:\/\/linitiative.ca\/International\/wp-json\/wp\/v2\/users\/1965"}],"replies":[{"embeddable":true,"href":"https:\/\/linitiative.ca\/International\/wp-json\/wp\/v2\/comments?post=98936"}],"version-history":[{"count":0,"href":"https:\/\/linitiative.ca\/International\/wp-json\/wp\/v2\/posts\/98936\/revisions"}],"wp:attachment":[{"href":"https:\/\/linitiative.ca\/International\/wp-json\/wp\/v2\/media?parent=98936"}],"wp:term":[{"taxonomy":"category","embeddable":true,"href":"https:\/\/linitiative.ca\/International\/wp-json\/wp\/v2\/categories?post=98936"},{"taxonomy":"post_tag","embeddable":true,"href":"https:\/\/linitiative.ca\/International\/wp-json\/wp\/v2\/tags?post=98936"}],"curies":[{"name":"wp","href":"https:\/\/api.w.org\/{rel}","templated":true}]}}