{"id":98937,"date":"2020-09-15T03:29:03","date_gmt":"2020-09-15T07:29:03","guid":{"rendered":"https:\/\/linitiative.ca\/International\/la-cud-rompt-son-contrat-avec-zenith-insurance\/"},"modified":"2020-09-15T03:29:03","modified_gmt":"2020-09-15T07:29:03","slug":"la-cud-rompt-son-contrat-avec-zenith-insurance","status":"publish","type":"post","link":"https:\/\/linitiative.ca\/International\/la-cud-rompt-son-contrat-avec-zenith-insurance\/","title":{"rendered":"La CUD rompt son contrat avec Zenith Insurance"},"content":{"rendered":"<p>A\u00a0l\u2019origine du bras de fer\u00a0entre le Dr. Fritz Ntone\u00a0Ntone, l\u2019ex-d\u00e9l\u00e9gu\u00e9 du gouvernement aupr\u00e8s de la Communaut\u00e9 urbaine de Douala\u00a0(Cud) et les 10 d\u00e9l\u00e9gu\u00e9s du\u00a0personnel de cette institution,\u00a0le dossier sur l\u2019assurance maladie refait surface \u00e0 la Mairie de Douala. Cette fois, le\u00a0diff\u00e9rend oppose la Communaut\u00e9 urbaine de Douala et la\u00a0compagnie d\u2019assurances Zenithe Insurance. Roger Mbassa Ndine, le Maire de Douala\u00a0a d\u00e9cid\u00e9 de mettre un terme\u00a0au contrat qui lie la communaut\u00e9 urbaine \u00e0 la compagnie\u00a0d\u2019assurance. \u00abNon-reconduction de la tranche conditionnelle de vos contrats d\u2019assurance maladie du personnel\u00a0et des organes dirigeants de\u00a0la CUD\u00bb, indique l\u2019objet de\u00a0la correspondance adress\u00e9e\u00a0\u00e0 l\u2019Administrateur directeur\u00a0g\u00e9n\u00e9ral de Z\u00e9nithe Insurance,\u00a0ce 27 ao\u00fbt 2020.<\/p>\n<p>Au centre de la discorde,\u00a0d\u2019apr\u00e8s la Communaut\u00e9\u00a0urbaine de Douala, \u00ab\u2026.les\u00a0nombreux griefs relev\u00e9s\u00a0contre votre compagnie et\u00a0rest\u00e9s sans r\u00e9ponse \u00e0 ce jour\u00a0dans mes services\u00bb.<\/p>\n<p><strong>Lire aussi<\/strong> : <a href=\"https:\/\/ecomatin.net\/lothe-consulting-nouveau-courtier-dassurance-de-la-communaute-urbaine-de-douala\/\">Lothe consulting, nouveau courtier d\u2019assurance de la communaut\u00e9 urbaine de Douala<\/a><\/p>\n<p>De bonnes sources \u00e0 la Mairie\u00a0de Douala, la nouvelle \u00e9quipe\u00a0dirigeante \u00e0 la Communaut\u00e9\u00a0urbaine de Douala aurait\u00a0constat\u00e9 quelques irr\u00e9gularit\u00e9s dans l\u2019ex\u00e9cution du march\u00e9 n\u00b021\/M\/CUD\/SG\/DIE\/SDPMAP\/2019 et de la lettre\u00a0commande n\u00b027\/LC\/CUD\/SG\/DIE\/SDPMAP\/2019 pass\u00e9s apr\u00e8s appel d\u2019offres national restreint en proc\u00e9dure\u00a0d\u2019urgence n\u00b0010\/AONR\/CUD\/CIPM\/2019 du 15 avril\u00a02019, relatifs \u00e0 la souscription de polices d\u2019assurance\u00a0sant\u00e9 du personnel et des\u00a0dirigeants de la Communaut\u00e9\u00a0urbaine de Douala lot n\u00b01\u00a0et 2.<\/p>\n<p>La d\u00e9cision de non reconduction d\u00e9cid\u00e9e par Roger\u00a0Mbassa Ndine semble traduire un ras-le-bol du maire\u00a0de Douala face \u00e0 l\u2019attitude de\u00a0la compagnie Zenithe Insurance. \u00abEn effet, je vous ai\u00a0r\u00e9guli\u00e8rement fait part des\u00a0pr\u00e9occupations l\u00e9gitimes de\u00a0mon personnel et vous n\u2019y\u00a0avez daign\u00e9 apporter des\u00a0solutions satisfaisante pour\u00a0pouvoir poursuivre notre relation contractuelle\u00bb, r\u00e9v\u00e8le\u00a0la correspondance.<\/p>\n<p><strong>Lire aussi<\/strong> : \u00a0<a href=\"https:\/\/ecomatin.net\/inondations-a-douala-la-facture\/\">Inondations \u00e0 Douala\u00a0: la facture<\/a><\/p>\n<p>La Communaut\u00e9 urbaine de\u00a0Douala dispose de plus de\u00a01200 employ\u00e9s pour un budget 2020 de 46.496.470.653\u00a0F CFA. La rupture de contrat\u00a0avec la Communaut\u00e9 urbaine\u00a0de Douala est incontestablement un coup dur pour\u00a0Zenithe Insurance, bien que\u00a0de nombreux agents de cette\u00a0institution avouent n\u2019avoir\u00a0jamais souscrits \u00e0 la police\u00a0d\u2019assurance sant\u00e9 aupr\u00e8s de\u00a0cette compagnie.<\/p>\n<p>Cr\u00e9\u00e9e en 2005 Zenithe insu-rance est dot\u00e9e d\u2019un capital\u00a0social de 3 milliards FCFA.\u00a0La compagnie d\u2019assurance\u00a0dispose d\u2019un r\u00e9seau compos\u00e9 \u00e0 travers les 10 r\u00e9gions\u00a0du Cameroun de 14 bureaux\u00a0directs et 9 agents g\u00e9n\u00e9raux.<\/p>\n<p>En une dizaine d\u2019ann\u00e9es\u00a0d\u2019activit\u00e9s, Zenithe Insurance\u00a0a r\u00e9alis\u00e9 un chiffre d\u2019affaires\u00a0cumul\u00e9 de pr\u00e8s de 40 milliards de F.CFA. La compagnie s\u2019est par ailleurs acquitt\u00e9e de plus de 30 milliards de\u00a0FCFA de sinistres pay\u00e9s.<\/p>\n<p><strong>Lire aussi<\/strong> : <a href=\"https:\/\/ecomatin.net\/cud-mbassa-ndine-reduit-le-budget-de-pres-de-13-milliards-de-fcfa\/\">CUD\u00a0: Mbassa Ndine r\u00e9duit le budget de pr\u00e8s de 13 milliards de FCFA<\/a><\/p>\n<div class=\"awac-wrapper awac widget posts-list-widget-11\">\n<h4 class=\"widget-title\">Le plus r\u00e9cent<\/h4>\n<\/div>\n<p>Auteur: Eco Matin<br \/>\n<a href=\"https:\/\/ecomatin.net\/la-cud-rompt-son-contrat-avec-zenith-insurance\/\">Cliquez ici pour lire l&rsquo;article depuis sa source.<\/a><\/p>\n","protected":false},"excerpt":{"rendered":"<p>A\u00a0l\u2019origine du bras de fer\u00a0entre le Dr. Fritz Ntone\u00a0Ntone, l\u2019ex-d\u00e9l\u00e9gu\u00e9 du gouvernement aupr\u00e8s de la Communaut\u00e9 urbaine de Douala\u00a0(Cud) et les 10 d\u00e9l\u00e9gu\u00e9s du\u00a0personnel de cette institution,\u00a0le dossier sur l\u2019assurance maladie refait surface \u00e0 la Mairie de Douala. Cette fois, le\u00a0diff\u00e9rend oppose la Communaut\u00e9 urbaine de Douala et la\u00a0compagnie d\u2019assurances Zenithe Insurance. Roger Mbassa Ndine, [&hellip;]<\/p>\n","protected":false},"author":1969,"featured_media":0,"comment_status":"closed","ping_status":"closed","sticky":false,"template":"","format":"standard","meta":{"fifu_image_url":"","fifu_image_alt":"","footnotes":""},"categories":[82,78],"tags":[],"class_list":["post-98937","post","type-post","status-publish","format-standard","hentry","category-cameroun","category-economie"],"_links":{"self":[{"href":"https:\/\/linitiative.ca\/International\/wp-json\/wp\/v2\/posts\/98937","targetHints":{"allow":["GET"]}}],"collection":[{"href":"https:\/\/linitiative.ca\/International\/wp-json\/wp\/v2\/posts"}],"about":[{"href":"https:\/\/linitiative.ca\/International\/wp-json\/wp\/v2\/types\/post"}],"author":[{"embeddable":true,"href":"https:\/\/linitiative.ca\/International\/wp-json\/wp\/v2\/users\/1969"}],"replies":[{"embeddable":true,"href":"https:\/\/linitiative.ca\/International\/wp-json\/wp\/v2\/comments?post=98937"}],"version-history":[{"count":0,"href":"https:\/\/linitiative.ca\/International\/wp-json\/wp\/v2\/posts\/98937\/revisions"}],"wp:attachment":[{"href":"https:\/\/linitiative.ca\/International\/wp-json\/wp\/v2\/media?parent=98937"}],"wp:term":[{"taxonomy":"category","embeddable":true,"href":"https:\/\/linitiative.ca\/International\/wp-json\/wp\/v2\/categories?post=98937"},{"taxonomy":"post_tag","embeddable":true,"href":"https:\/\/linitiative.ca\/International\/wp-json\/wp\/v2\/tags?post=98937"}],"curies":[{"name":"wp","href":"https:\/\/api.w.org\/{rel}","templated":true}]}}