{"id":98938,"date":"2020-09-15T03:34:57","date_gmt":"2020-09-15T07:34:57","guid":{"rendered":"https:\/\/linitiative.ca\/International\/carrefour-market-va-ouvrir-un-nouveau-centre-commercial-a-douala\/"},"modified":"2020-09-15T03:34:57","modified_gmt":"2020-09-15T07:34:57","slug":"carrefour-market-va-ouvrir-un-nouveau-centre-commercial-a-douala","status":"publish","type":"post","link":"https:\/\/linitiative.ca\/International\/carrefour-market-va-ouvrir-un-nouveau-centre-commercial-a-douala\/","title":{"rendered":"Carrefour Market va ouvrir un nouveau centre commercial \u00e0 Douala"},"content":{"rendered":"<div class=\"featured-area featured-area-inner\" readability=\"7\"><img loading=\"lazy\" decoding=\"async\" width=\"1024\" height=\"578\" src=\"https:\/\/ecomatin.net\/wp-content\/uploads\/2020\/09\/Carrefour.jpg\" class=\"attachment-full size-full wp-post-image\" alt=\"\" srcset=\"https:\/\/ecomatin.net\/wp-content\/uploads\/2020\/09\/Carrefour.jpg 1024w, https:\/\/ecomatin.net\/wp-content\/uploads\/2020\/09\/Carrefour-300x169.jpg 300w, https:\/\/ecomatin.net\/wp-content\/uploads\/2020\/09\/Carrefour-768x434.jpg 768w, https:\/\/ecomatin.net\/wp-content\/uploads\/2020\/09\/Carrefour-390x220.jpg 390w, https:\/\/ecomatin.net\/wp-content\/uploads\/2020\/09\/Carrefour-600x339.jpg 600w\" sizes=\"auto, (max-width: 1024px) 100vw, 1024px\" data-attachment-id=\"18488\" data-permalink=\"https:\/\/ecomatin.net\/carrefour-market-va-ouvrir-un-nouveau-centre-commercial-a-douala\/carrefour-5\/\" data-orig-file=\"https:\/\/ecomatin.net\/wp-content\/uploads\/2020\/09\/Carrefour.jpg\" data-orig-size=\"1024,578\" data-comments-opened=\"0\" data-image-meta=\"{&quot;aperture&quot;:&quot;0&quot;,&quot;credit&quot;:&quot;&quot;,&quot;camera&quot;:&quot;&quot;,&quot;caption&quot;:&quot;&quot;,&quot;created_timestamp&quot;:&quot;0&quot;,&quot;copyright&quot;:&quot;&quot;,&quot;focal_length&quot;:&quot;0&quot;,&quot;iso&quot;:&quot;0&quot;,&quot;shutter_speed&quot;:&quot;0&quot;,&quot;title&quot;:&quot;&quot;,&quot;orientation&quot;:&quot;0&quot;}\" data-image-title=\"Carrefour\" data-image-description=\"\" data-medium-file=\"https:\/\/ecomatin.net\/wp-content\/uploads\/2020\/09\/Carrefour-300x169.jpg\" data-large-file=\"https:\/\/ecomatin.net\/wp-content\/uploads\/2020\/09\/Carrefour.jpg\"\/> une vue de Carrefour Market Bonamoussadi<\/div>\n<div class=\"entry-content entry clearfix\" readability=\"31.914486279515\">\n<p>L\u2019op\u00e9rateur fran\u00e7ais de grande distribution, Carrefour proc\u00e9dera le 16 septembre prochain \u00e0 l\u2019inauguration d\u2019une nouvelle boutique au quartier Akwa dans la ville de Douala. L\u2019\u00e9difice construit s\u2019\u00e9tend sur une superficie de 1 100 m2, soit 700 m2 de surface de vente. Dans la ville de Douala, c\u2019est le deuxi\u00e8me \u00e9difice du genre, apr\u00e8s celui de Bonamoussadi dont l\u2019investissement se chiffrait \u00e0\u00a010,7 millions d\u2019euros\u00a0\u00a0soit 7 milliards de FCFA, inaugur\u00e9 le 5 d\u00e9cembre 2017.<\/p>\n<p><strong>Lire aussi<\/strong> : <a href=\"https:\/\/ecomatin.net\/grande-distribution-carrefour-poursuit-son-expansion-dans-la-ville-de-yaounde\/\">Grand distribution\u00a0: Carrefour poursuit son expansion dans la ville de Yaound\u00e9<\/a><\/p>\n<p>Toujours dans la m\u00eame ville, l\u2019entreprise annonce une troisi\u00e8me boutique, qui sera quant \u00e0 elle log\u00e9e dans l\u2019enceinte du Douala Grand Mall. A toutes ces boutiques s\u2019ajoute le Carrefour Market d\u2019Ekie dans la ville de Yaound\u00e9 inaugur\u00e9 le 9 octobre 2019.<\/p>\n<p>Notons que l\u2019expansion des boutiques Carrefour Market pour le moment dans les deux cit\u00e9s capitales est le fruit de la collaboration entre Carrefour et son associ\u00e9 CFAO Retail. Ces deux entreprises qui enregistraient en 2019, des chiffres d\u2019affaires respectifs de 80\u00a0672 milliards d\u2019euros (52, 917 milliards de FCFA) et 5,5 milliards d\u2019euros (3,607 milliards de FCFA). Indiquons que ces entreprises envisagent construire 5 supermarch\u00e9s au Cameroun d\u2019ici la fin de l\u2019ann\u00e9e en cours.<\/p>\n<p><strong>Lire aussi<\/strong> : <a href=\"https:\/\/ecomatin.net\/commerce-linstallation-du-distributeur-francais-carrefour-hypothequee\/\">Commerce l\u2019installation du distributeur fran\u00e7ais Carrefour hypoth\u00e9qu\u00e9e<\/a><\/p>\n<div class=\"awac-wrapper awac widget posts-list-widget-11\">\n<h4 class=\"widget-title\">Le plus r\u00e9cent<\/h4>\n<\/div>\n<\/div>\n<p>Auteur: Eco Matin<br \/>\n<a href=\"https:\/\/ecomatin.net\/carrefour-market-va-ouvrir-un-nouveau-centre-commercial-a-douala\/\">Cliquez ici pour lire l&rsquo;article depuis sa source.<\/a><\/p>\n","protected":false},"excerpt":{"rendered":"<p>une vue de Carrefour Market Bonamoussadi L\u2019op\u00e9rateur fran\u00e7ais de grande distribution, Carrefour proc\u00e9dera le 16 septembre prochain \u00e0 l\u2019inauguration d\u2019une nouvelle boutique au quartier Akwa dans la ville de Douala. L\u2019\u00e9difice construit s\u2019\u00e9tend sur une superficie de 1 100 m2, soit 700 m2 de surface de vente. Dans la ville de Douala, c\u2019est le deuxi\u00e8me [&hellip;]<\/p>\n","protected":false},"author":1969,"featured_media":98939,"comment_status":"closed","ping_status":"closed","sticky":false,"template":"","format":"standard","meta":{"fifu_image_url":"","fifu_image_alt":"","footnotes":""},"categories":[82,78],"tags":[],"class_list":["post-98938","post","type-post","status-publish","format-standard","has-post-thumbnail","hentry","category-cameroun","category-economie"],"_links":{"self":[{"href":"https:\/\/linitiative.ca\/International\/wp-json\/wp\/v2\/posts\/98938","targetHints":{"allow":["GET"]}}],"collection":[{"href":"https:\/\/linitiative.ca\/International\/wp-json\/wp\/v2\/posts"}],"about":[{"href":"https:\/\/linitiative.ca\/International\/wp-json\/wp\/v2\/types\/post"}],"author":[{"embeddable":true,"href":"https:\/\/linitiative.ca\/International\/wp-json\/wp\/v2\/users\/1969"}],"replies":[{"embeddable":true,"href":"https:\/\/linitiative.ca\/International\/wp-json\/wp\/v2\/comments?post=98938"}],"version-history":[{"count":0,"href":"https:\/\/linitiative.ca\/International\/wp-json\/wp\/v2\/posts\/98938\/revisions"}],"wp:featuredmedia":[{"embeddable":true,"href":"https:\/\/linitiative.ca\/International\/wp-json\/"}],"wp:attachment":[{"href":"https:\/\/linitiative.ca\/International\/wp-json\/wp\/v2\/media?parent=98938"}],"wp:term":[{"taxonomy":"category","embeddable":true,"href":"https:\/\/linitiative.ca\/International\/wp-json\/wp\/v2\/categories?post=98938"},{"taxonomy":"post_tag","embeddable":true,"href":"https:\/\/linitiative.ca\/International\/wp-json\/wp\/v2\/tags?post=98938"}],"curies":[{"name":"wp","href":"https:\/\/api.w.org\/{rel}","templated":true}]}}