{"id":98942,"date":"2020-09-15T13:44:35","date_gmt":"2020-09-15T17:44:35","guid":{"rendered":"https:\/\/linitiative.ca\/International\/le-nigerien-mohamed-moussa-briguera-un-deuxieme-mandat-la-tete-de-lasecna\/"},"modified":"2020-09-15T13:44:35","modified_gmt":"2020-09-15T17:44:35","slug":"le-nigerien-mohamed-moussa-briguera-un-deuxieme-mandat-la-tete-de-lasecna","status":"publish","type":"post","link":"https:\/\/linitiative.ca\/International\/le-nigerien-mohamed-moussa-briguera-un-deuxieme-mandat-la-tete-de-lasecna\/","title":{"rendered":"Le Nig\u00e9rien Mohamed Moussa briguera un deuxi\u00e8me mandat la t\u00eate de l\u2019Asecna"},"content":{"rendered":"<div class=\"featured-area featured-area-inner\" readability=\"7\"><img loading=\"lazy\" decoding=\"async\" width=\"678\" height=\"381\" src=\"https:\/\/ecomatin.net\/wp-content\/uploads\/2020\/09\/Mohamed-Moussa-DG-Asecna.jpg\" class=\"attachment-full size-full wp-post-image\" alt=\"\" srcset=\"https:\/\/ecomatin.net\/wp-content\/uploads\/2020\/09\/Mohamed-Moussa-DG-Asecna.jpg 678w, https:\/\/ecomatin.net\/wp-content\/uploads\/2020\/09\/Mohamed-Moussa-DG-Asecna-300x169.jpg 300w, https:\/\/ecomatin.net\/wp-content\/uploads\/2020\/09\/Mohamed-Moussa-DG-Asecna-390x220.jpg 390w, https:\/\/ecomatin.net\/wp-content\/uploads\/2020\/09\/Mohamed-Moussa-DG-Asecna-600x337.jpg 600w\" sizes=\"auto, (max-width: 678px) 100vw, 678px\" data-attachment-id=\"18497\" data-permalink=\"https:\/\/ecomatin.net\/le-nigerien-mohamed-moussa-briguera-un-deuxieme-mandat-la-tete-de-lasecna\/mohamed-moussa-dg-asecna\/\" data-orig-file=\"https:\/\/ecomatin.net\/wp-content\/uploads\/2020\/09\/Mohamed-Moussa-DG-Asecna.jpg\" data-orig-size=\"678,381\" data-comments-opened=\"0\" data-image-meta=\"{&quot;aperture&quot;:&quot;0&quot;,&quot;credit&quot;:&quot;&quot;,&quot;camera&quot;:&quot;&quot;,&quot;caption&quot;:&quot;&quot;,&quot;created_timestamp&quot;:&quot;0&quot;,&quot;copyright&quot;:&quot;&quot;,&quot;focal_length&quot;:&quot;0&quot;,&quot;iso&quot;:&quot;0&quot;,&quot;shutter_speed&quot;:&quot;0&quot;,&quot;title&quot;:&quot;&quot;,&quot;orientation&quot;:&quot;0&quot;}\" data-image-title=\"Mohamed Moussa DG Asecna\" data-image-description=\"\" data-medium-file=\"https:\/\/ecomatin.net\/wp-content\/uploads\/2020\/09\/Mohamed-Moussa-DG-Asecna-300x169.jpg\" data-large-file=\"https:\/\/ecomatin.net\/wp-content\/uploads\/2020\/09\/Mohamed-Moussa-DG-Asecna.jpg\"\/> le Directeur g\u00e9n\u00e9ral de l&rsquo;Asecna Mohamed Moussa<\/div>\n<div class=\"entry-content entry clearfix\" readability=\"39.699224806202\">\n<p>Mohamed Moussa continuera de diriger l\u2019Agence pour la s\u00e9curit\u00e9 de la navigation a\u00e9rienne en Afrique et \u00e0 Madagascar (Ascena). Il a \u00e9t\u00e9 reconduit \u00e0 son poste de Directeur g\u00e9n\u00e9ral lors de la 66<sup>e<\/sup>\u00a0session extraordinaire du comit\u00e9 des ministres qui s\u2019est ouverte le 14 septembre 2020, \u00e0 Dakar et qui devait d\u00e9signer son futur Directeur g\u00e9n\u00e9ral. Le candidat \u00e0 sa propre succession remporte ainsi le poste avec 10 voix contre ses adversaires.<\/p>\n<p>Sur la ligne de d\u00e9part pour diriger l\u2019Agence pour la s\u00e9curit\u00e9 de la navigation a\u00e9rienne en Afrique et \u00e0 Madagascar,\u00a0le mauritanien Hassena Ould Ely\u00a0\u00a0ancien Directeur g\u00e9n\u00e9ral de la Compagnie Mauritania Airlines International, qui a eu 3 voix\u00a0;\u00a0\u00a0le Centrafricain Th\u00e9odore Jousso qui a obtenu 2 voix et le Camerounais Englbert Zoa Etoundi qui s\u2019en sort avec 3 voix. Indiquons que l\u2019audition de ces quatre candidats a \u00e9t\u00e9 supervis\u00e9e par le B\u00e9ninois Herv\u00e9 Hehomey, suivi d\u2019un vote \u00e0 bulletin secret.<\/p>\n<p><strong>Lire aussi<\/strong> : \u00a0<a href=\"https:\/\/ecomatin.net\/le-candidat-du-cameroun-au-poste-de-dg-de-lasecna-est-connu\/\">Le candidat du Cameroun au poste de DG de l\u2019Asecna est connu<\/a><\/p>\n<p>Le Directeur g\u00e9n\u00e9ral \u00e9lu ici dispose d\u2019un mandat de quatre ans, renouvelable une seule fois. L\u2019organisation cr\u00e9\u00e9e le 12 d\u00e9cembre 1959, compte 18 \u00c9tats membres, dont 17 pays africains que sont le B\u00e9nin, le Burkina Faso, le Cameroun, la Centrafrique, le Congo, la C\u00f4te d\u2019Ivoire, le Gabon, la Guin\u00e9e-Bissau, la Guin\u00e9e \u00c9quatoriale, Madagascar, le Mali, la Mauritanie, le Niger, le S\u00e9n\u00e9gal, le Tchad, le Togo, les \u00celes Comores et la France.<\/p>\n<div class=\"awac-wrapper awac widget posts-list-widget-11\">\n<h4 class=\"widget-title\">Le plus r\u00e9cent<\/h4>\n<\/div>\n<\/div>\n<p>Auteur: Eco Matin<br \/>\n<a href=\"https:\/\/ecomatin.net\/le-nigerien-mohamed-moussa-briguera-un-deuxieme-mandat-la-tete-de-lasecna\/\">Cliquez ici pour lire l&rsquo;article depuis sa source.<\/a><\/p>\n","protected":false},"excerpt":{"rendered":"<p>le Directeur g\u00e9n\u00e9ral de l&rsquo;Asecna Mohamed Moussa Mohamed Moussa continuera de diriger l\u2019Agence pour la s\u00e9curit\u00e9 de la navigation a\u00e9rienne en Afrique et \u00e0 Madagascar (Ascena). Il a \u00e9t\u00e9 reconduit \u00e0 son poste de Directeur g\u00e9n\u00e9ral lors de la 66e\u00a0session extraordinaire du comit\u00e9 des ministres qui s\u2019est ouverte le 14 septembre 2020, \u00e0 Dakar et [&hellip;]<\/p>\n","protected":false},"author":1969,"featured_media":98943,"comment_status":"closed","ping_status":"closed","sticky":false,"template":"","format":"standard","meta":{"fifu_image_url":"","fifu_image_alt":"","footnotes":""},"categories":[82,78],"tags":[],"class_list":["post-98942","post","type-post","status-publish","format-standard","has-post-thumbnail","hentry","category-cameroun","category-economie"],"_links":{"self":[{"href":"https:\/\/linitiative.ca\/International\/wp-json\/wp\/v2\/posts\/98942","targetHints":{"allow":["GET"]}}],"collection":[{"href":"https:\/\/linitiative.ca\/International\/wp-json\/wp\/v2\/posts"}],"about":[{"href":"https:\/\/linitiative.ca\/International\/wp-json\/wp\/v2\/types\/post"}],"author":[{"embeddable":true,"href":"https:\/\/linitiative.ca\/International\/wp-json\/wp\/v2\/users\/1969"}],"replies":[{"embeddable":true,"href":"https:\/\/linitiative.ca\/International\/wp-json\/wp\/v2\/comments?post=98942"}],"version-history":[{"count":0,"href":"https:\/\/linitiative.ca\/International\/wp-json\/wp\/v2\/posts\/98942\/revisions"}],"wp:featuredmedia":[{"embeddable":true,"href":"https:\/\/linitiative.ca\/International\/wp-json\/"}],"wp:attachment":[{"href":"https:\/\/linitiative.ca\/International\/wp-json\/wp\/v2\/media?parent=98942"}],"wp:term":[{"taxonomy":"category","embeddable":true,"href":"https:\/\/linitiative.ca\/International\/wp-json\/wp\/v2\/categories?post=98942"},{"taxonomy":"post_tag","embeddable":true,"href":"https:\/\/linitiative.ca\/International\/wp-json\/wp\/v2\/tags?post=98942"}],"curies":[{"name":"wp","href":"https:\/\/api.w.org\/{rel}","templated":true}]}}