{"id":98944,"date":"2020-09-16T08:39:10","date_gmt":"2020-09-16T12:39:10","guid":{"rendered":"https:\/\/linitiative.ca\/International\/greg-kelly-ancien-assistant-de-ghosn-clame-son-innocence-au-1er-jour-de-son-proces-a-tokyo\/"},"modified":"2020-09-16T08:39:10","modified_gmt":"2020-09-16T12:39:10","slug":"greg-kelly-ancien-assistant-de-ghosn-clame-son-innocence-au-1er-jour-de-son-proces-a-tokyo","status":"publish","type":"post","link":"https:\/\/linitiative.ca\/International\/greg-kelly-ancien-assistant-de-ghosn-clame-son-innocence-au-1er-jour-de-son-proces-a-tokyo\/","title":{"rendered":"Greg Kelly, ancien assistant de Ghosn, clame son innocence au 1er jour  de son proc\u00e8s \u00e0 Tokyo"},"content":{"rendered":"<header readability=\"1.3612716763006\">\n<\/header>\n<div class=\"entry-content clearfix\" readability=\"50\"><img decoding=\"async\" class=\"post_layout_5_img\" src=\"http:\/\/aujourdhui.ma\/wp-content\/uploads\/2020\/09\/Greg-Kelly-ancien-assistant-de-Ghosn-clame-son-innocence-au-1er-jour-de-son-proc\u00e8s-\u00e0-Tokyo.jpg\" alt=\"Greg Kelly, ancien assistant de Ghosn, clame son innocence au 1er jour de son proc&#xE8;s &#xE0; Tokyo\"\/><\/p>\n<p><strong>Greg Kelly, ancien collaborateur de Carlos Ghosn chez Nissan accus\u00e9 comme lui de malversations financi\u00e8res, a plaid\u00e9 mardi non coupable \u00e0 l\u2019ouverture de son proc\u00e8s \u00e0 Tokyo, o\u00f9 il compara\u00eet sans son ancien patron, en fuite au Liban.<\/strong><span id=\"more-355556\"\/><\/p>\n<p>\u00abJe pense que les \u00e9l\u00e9ments attesteront que je n\u2019ai pas viol\u00e9 les r\u00e8gles\u00bb boursi\u00e8res japonaises, a d\u00e9clar\u00e9 M. Kelly \u00e0 l\u2019ouverture du proc\u00e8s, le jour de son 64\u00e8me anniversaire. Il \u00e9tait arriv\u00e9 peu avant au tribunal accompagn\u00e9 de trois de ses avocats, portant un masque et un costume gris anthracite.<br \/>Son proc\u00e8s doit durer environ dix mois et intervient pr\u00e8s de deux ans apr\u00e8s son arrestation au Japon, qui avait eu lieu le m\u00eame jour que celle de M. Ghosn.<br \/>L\u2019ancien grand patron de Renault et Nissan ayant \u00e9chapp\u00e9 \u00e0 la justice japonaise, M. Kelly se retrouve en premi\u00e8re ligne dans ce proc\u00e8s, aux c\u00f4t\u00e9s du groupe japonais, poursuivi en tant que personne morale.<br \/>Un repr\u00e9sentant de Nissan a confirm\u00e9 mardi au proc\u00e8s que le groupe allait plaider coupable.<\/p>\n<\/div>\n<p>Auteur: ALM<br \/>\n<a href=\"https:\/\/aujourdhui.ma\/automobile\/greg-kelly-ancien-assistant-de-ghosn-clame-son-innocence-au-1er-jour-de-son-proces-a-tokyo\">Cliquez ici pour lire l&rsquo;article depuis sa source.<\/a><\/p>\n","protected":false},"excerpt":{"rendered":"<p>Greg Kelly, ancien collaborateur de Carlos Ghosn chez Nissan accus\u00e9 comme lui de malversations financi\u00e8res, a plaid\u00e9 mardi non coupable \u00e0 l\u2019ouverture de son proc\u00e8s \u00e0 Tokyo, o\u00f9 il compara\u00eet sans son ancien patron, en fuite au Liban. \u00abJe pense que les \u00e9l\u00e9ments attesteront que je n\u2019ai pas viol\u00e9 les r\u00e8gles\u00bb boursi\u00e8res japonaises, a d\u00e9clar\u00e9 [&hellip;]<\/p>\n","protected":false},"author":1759,"featured_media":98945,"comment_status":"closed","ping_status":"closed","sticky":false,"template":"","format":"standard","meta":{"fifu_image_url":"","fifu_image_alt":"","footnotes":""},"categories":[73,54],"tags":[],"class_list":["post-98944","post","type-post","status-publish","format-standard","has-post-thumbnail","hentry","category-actualite","category-maroc"],"_links":{"self":[{"href":"https:\/\/linitiative.ca\/International\/wp-json\/wp\/v2\/posts\/98944","targetHints":{"allow":["GET"]}}],"collection":[{"href":"https:\/\/linitiative.ca\/International\/wp-json\/wp\/v2\/posts"}],"about":[{"href":"https:\/\/linitiative.ca\/International\/wp-json\/wp\/v2\/types\/post"}],"author":[{"embeddable":true,"href":"https:\/\/linitiative.ca\/International\/wp-json\/wp\/v2\/users\/1759"}],"replies":[{"embeddable":true,"href":"https:\/\/linitiative.ca\/International\/wp-json\/wp\/v2\/comments?post=98944"}],"version-history":[{"count":0,"href":"https:\/\/linitiative.ca\/International\/wp-json\/wp\/v2\/posts\/98944\/revisions"}],"wp:featuredmedia":[{"embeddable":true,"href":"https:\/\/linitiative.ca\/International\/wp-json\/"}],"wp:attachment":[{"href":"https:\/\/linitiative.ca\/International\/wp-json\/wp\/v2\/media?parent=98944"}],"wp:term":[{"taxonomy":"category","embeddable":true,"href":"https:\/\/linitiative.ca\/International\/wp-json\/wp\/v2\/categories?post=98944"},{"taxonomy":"post_tag","embeddable":true,"href":"https:\/\/linitiative.ca\/International\/wp-json\/wp\/v2\/tags?post=98944"}],"curies":[{"name":"wp","href":"https:\/\/api.w.org\/{rel}","templated":true}]}}