{"id":98946,"date":"2020-09-16T08:44:19","date_gmt":"2020-09-16T12:44:19","guid":{"rendered":"https:\/\/linitiative.ca\/International\/le-constructeur-de-poids-lourds-man-veut-supprimer-un-quart-des-effectifs\/"},"modified":"2020-09-16T08:44:19","modified_gmt":"2020-09-16T12:44:19","slug":"le-constructeur-de-poids-lourds-man-veut-supprimer-un-quart-des-effectifs","status":"publish","type":"post","link":"https:\/\/linitiative.ca\/International\/le-constructeur-de-poids-lourds-man-veut-supprimer-un-quart-des-effectifs\/","title":{"rendered":"Le constructeur de poids lourds MAN veut supprimer un quart des effectifs"},"content":{"rendered":"<header readability=\"1.3421052631579\">\n<\/header>\n<div class=\"entry-content clearfix\" readability=\"56\"><img decoding=\"async\" class=\"post_layout_5_img\" src=\"http:\/\/aujourdhui.ma\/wp-content\/uploads\/2020\/09\/man.jpg\" alt=\"Le constructeur de poids lourds MAN veut supprimer un quart des effectifs\"\/><\/p>\n<p><strong>Le constructeur allemand de poids lourds MAN, filiale du groupe Volkswagen, a annonc\u00e9 vendredi qu\u2019il comptait supprimer 9.500 emplois, soit un quart de ses effectifs dans le monde, dans le cadre d\u2019un plan de restructuration mondial.<\/strong><span id=\"more-355559\"\/><\/p>\n<p>Le directoire \u00aba d\u00e9cid\u00e9 une r\u00e9orientation de grande envergure\u00bb, incluant des \u00e9conomies de 1,8 milliard d\u2019euros, dont \u00abla suppression de jusqu\u2019\u00e0 9.500 emplois en Allemagne, Autriche et dans le monde, dans tous les secteurs d\u2019activit\u00e9 du groupe\u00bb, a d\u00e9taill\u00e9 l\u2019entreprise dans un communiqu\u00e9.<br \/>Trois usines, \u00e0 Steyr en Autriche ainsi qu\u2019\u00e0 Plauen et Wittlich en Allemagne, pourraient \u00eatre ferm\u00e9es, ajoute MAN. L\u2019objectif de la restructuration est selon le groupe de \u00abpouvoir continuer \u00e0 investir dans les sujets d\u2019avenir\u00bb alors qu\u2019il compte tourner son attention vers les camions connect\u00e9s, autonomes, \u00e9lectriques ou propuls\u00e9s \u00e0 l\u2019hydrog\u00e8ne.<br \/>MAN d\u00e9marrera rapidement les n\u00e9gociations avec les repr\u00e9sentants du personnel\u00bb sur la restructuration\u00bb, a pr\u00e9cis\u00e9 le constructeur dans un communiqu\u00e9, promettant de discuter de solutions \u00absocialement responsables\u00bb.<\/p>\n<\/div>\n<p>Auteur: ALM<br \/>\n<a href=\"https:\/\/aujourdhui.ma\/automobile\/le-constructeur-de-poids-lourds-man-veut-supprimer-un-quart-des-effectifs\">Cliquez ici pour lire l&rsquo;article depuis sa source.<\/a><\/p>\n","protected":false},"excerpt":{"rendered":"<p>Le constructeur allemand de poids lourds MAN, filiale du groupe Volkswagen, a annonc\u00e9 vendredi qu\u2019il comptait supprimer 9.500 emplois, soit un quart de ses effectifs dans le monde, dans le cadre d\u2019un plan de restructuration mondial. Le directoire \u00aba d\u00e9cid\u00e9 une r\u00e9orientation de grande envergure\u00bb, incluant des \u00e9conomies de 1,8 milliard d\u2019euros, dont \u00abla suppression [&hellip;]<\/p>\n","protected":false},"author":1759,"featured_media":98947,"comment_status":"closed","ping_status":"closed","sticky":false,"template":"","format":"standard","meta":{"fifu_image_url":"","fifu_image_alt":"","footnotes":""},"categories":[73,54],"tags":[],"class_list":["post-98946","post","type-post","status-publish","format-standard","has-post-thumbnail","hentry","category-actualite","category-maroc"],"_links":{"self":[{"href":"https:\/\/linitiative.ca\/International\/wp-json\/wp\/v2\/posts\/98946","targetHints":{"allow":["GET"]}}],"collection":[{"href":"https:\/\/linitiative.ca\/International\/wp-json\/wp\/v2\/posts"}],"about":[{"href":"https:\/\/linitiative.ca\/International\/wp-json\/wp\/v2\/types\/post"}],"author":[{"embeddable":true,"href":"https:\/\/linitiative.ca\/International\/wp-json\/wp\/v2\/users\/1759"}],"replies":[{"embeddable":true,"href":"https:\/\/linitiative.ca\/International\/wp-json\/wp\/v2\/comments?post=98946"}],"version-history":[{"count":0,"href":"https:\/\/linitiative.ca\/International\/wp-json\/wp\/v2\/posts\/98946\/revisions"}],"wp:featuredmedia":[{"embeddable":true,"href":"https:\/\/linitiative.ca\/International\/wp-json\/"}],"wp:attachment":[{"href":"https:\/\/linitiative.ca\/International\/wp-json\/wp\/v2\/media?parent=98946"}],"wp:term":[{"taxonomy":"category","embeddable":true,"href":"https:\/\/linitiative.ca\/International\/wp-json\/wp\/v2\/categories?post=98946"},{"taxonomy":"post_tag","embeddable":true,"href":"https:\/\/linitiative.ca\/International\/wp-json\/wp\/v2\/tags?post=98946"}],"curies":[{"name":"wp","href":"https:\/\/api.w.org\/{rel}","templated":true}]}}