{"id":98952,"date":"2020-09-16T11:00:03","date_gmt":"2020-09-16T15:00:03","guid":{"rendered":"https:\/\/linitiative.ca\/International\/afrique-une-normalisation-des-produits-pharmaceutiques-dans-le-cadre-des-accords-zleca\/"},"modified":"2020-09-16T11:00:03","modified_gmt":"2020-09-16T15:00:03","slug":"afrique-une-normalisation-des-produits-pharmaceutiques-dans-le-cadre-des-accords-zleca","status":"publish","type":"post","link":"https:\/\/linitiative.ca\/International\/afrique-une-normalisation-des-produits-pharmaceutiques-dans-le-cadre-des-accords-zleca\/","title":{"rendered":"Afrique : Une normalisation des produits pharmaceutiques dans le cadre des accords ZLECA"},"content":{"rendered":"<p><img decoding=\"async\" class=\"post_layout_5_img\" src=\"http:\/\/aujourdhui.ma\/wp-content\/uploads\/2020\/09\/Mrs.-Kanayo-Awani-Afreximbank\u2019s-Managing-Director-of-the-Intra-African-Trade-Initiative-Eng-Hani-Salem-Sonbol-ITFC-CEO.jpg\" alt=\"Afrique : Une normalisation des produits pharmaceutiques dans le cadre des accords ZLECA\"\/><\/p>\n<p><span class=\"c5\"><strong>Cette initiative va \u00e9galement permettre \u00e0 l\u2019Afrique de b\u00e9n\u00e9ficier d\u2019un secteur pharmaceutique en plein essor, \u00e9largissant les possibilit\u00e9s commerciales au niveau local et au-del\u00e0 des fronti\u00e8res, cr\u00e9ant ainsi un impact socio-\u00e9conomique durable \u00e0 long terme sur le continent<\/strong><\/span><span id=\"more-355517\"\/><\/p>\n<p>L\u2019Organisation africaine de normalisation (ORAN) vient de recevoir, officiellement, le soutien de la Banque africaine d\u2019import-export (Afreximbank) et la Soci\u00e9t\u00e9 internationale islamique de financement du commerce (ITFC) pour la mise en \u0153uvre du programme d\u2019harmonisation des normes africaines relatives aux produits pharmaceutiques et \u00e9quipements m\u00e9dicaux. Le Maroc est concern\u00e9 \u00e0 travers son engagement de rendre accessible le vaccin anti Covid-19 \u00e0 tout le continent africain. Les d\u00e9tails.<\/p>\n<p>C\u2019est officiel. La Banque africaine d\u2019import-export (Afreximbank) et la Soci\u00e9t\u00e9 internationale islamique de financement du commerce (ITFC) s\u2019associent \u00e0 l\u2019Organisation africaine de normalisation (ORAN), dans le cadre du programme AATB, pour accro\u00eetre le commerce intra-africain des produits pharmaceutiques et \u00e9quipements m\u00e9dicaux. L\u2019objectif premier \u00e9tant d\u2019harmoniser les normes africaines relatives aux produits pharmaceutiques et \u00e9quipements m\u00e9dicaux pour r\u00e9duire la pr\u00e9sence de produits de contrefa\u00e7on et d\u00e9velopper des syst\u00e8mes de sant\u00e9 r\u00e9gionaux r\u00e9silients. Baptis\u00e9e \u00abHarmonisation des normes pour les produits pharmaceutiques et les \u00e9quipements m\u00e9dicaux en Afrique\u00bb, cette initiative a \u00e9t\u00e9 lanc\u00e9e dans le cadre du Programme des ponts du commerce arabo-africain (AATB) pour renforcer la qualit\u00e9 et la fiabilit\u00e9 des m\u00e9dicaments et des \u00e9quipements m\u00e9dicaux import\u00e9s ou produits en Afrique.<br \/>Dans un contexte macro\u00e9conomique tr\u00e8s volatil, les diff\u00e9rentes parties comptent, en effet, \u0153uvrer pour la mise en \u0153uvre de la Zone de libre-\u00e9change continentale africaine (ZLECAf). Ce programme rentre, par ailleurs, dans le cadre de la d\u00e9marche qui devrait obliger les producteurs de biens sur le continent \u00e0 se conformer aux exigences r\u00e9glementaires et aux normes qualit\u00e9 les autorisant \u00e0 approvisionner le march\u00e9 continental avec des produits qui r\u00e9pondent \u00e0 ces standards.<br \/>Concr\u00e8tement, la mise en \u0153uvre du programme s\u2019\u00e9talera sur trois ans. La premi\u00e8re \u00e9tape sera consacr\u00e9e \u00e0 l\u2019harmonisation des normes applicables aux produits pharmaceutiques et aux \u00e9quipements m\u00e9dicaux jug\u00e9s d\u2019utilit\u00e9 dans le cadre de la r\u00e9ponse \u00e0 la pand\u00e9mie de Covid-19. La seconde \u00e9tape permettra d\u2019\u00e9valuer le niveau d\u2019adaptabilit\u00e9 des normes internationales, r\u00e9gionales et nationales existantes, aux besoins de l\u2019industrie pharmaceutique en Afrique. Enfin, la troisi\u00e8me permettra l\u2019aboutissement \u00e0 l\u2019harmonisation des normes africaines correspondantes et leur mise en application.<br \/>\u00abDu point de vue du d\u00e9veloppement du commerce, l\u2019harmonisation des normes des produits pharmaceutiques et des \u00e9quipements m\u00e9dicaux en Afrique est une premi\u00e8re \u00e9tape cruciale pour d\u00e9velopper la production locale et le commerce au sein du secteur. Ces normes constitueront une base de r\u00e9f\u00e9rence n\u00e9cessaire pour r\u00e9glementer le secteur plus efficacement, am\u00e9liorant ainsi la qualit\u00e9 des m\u00e9dicaments vitaux et \u00e9quipements m\u00e9dicaux produits sur le continent. De ce fait, l\u2019acc\u00e8s \u00e0 des m\u00e9dicaments, vaccins et autres services de sant\u00e9 appropri\u00e9s sera plus facile, fiable et abordable pour ceux qui en ont besoin. Enfin, cette initiative va \u00e9galement permettre \u00e0 l\u2019Afrique de b\u00e9n\u00e9ficier d\u2019un secteur pharmaceutique en plein essor, \u00e9largissant les possibilit\u00e9s commerciales au niveau local et au-del\u00e0 des fronti\u00e8res, cr\u00e9ant ainsi un impact socio-\u00e9conomique durable \u00e0 long terme sur le continent\u00bb, explique, \u00e0 juste titre, Hani Salem Sonbol, DG de l\u2019ITFC.<br \/>Les enjeux sont clairs. Pour le Maroc aussi compte tenu de la coop\u00e9ration Sud-Sud. La pand\u00e9mie a pouss\u00e9 des secteurs \u00e0 sortir du lot. Celui de l\u2019industrie pharmaceutique en fait partie\u2026<br \/>Selon Kanayo Awani, DG de l\u2019initiative pour le commerce intra-africain d\u2019Afreximbank, \u00abl\u2019Afrique a besoin de renforcer les cha\u00eenes de valeur r\u00e9gionales pour d\u00e9velopper une offre de produits et services de sant\u00e9 de qualit\u00e9. Cela devra \u00e9galement permettre, \u00e0 l\u2019avenir, de renforcer la r\u00e9silience du continent face \u00e0 des pand\u00e9mies telles que celle de Covid-19. En parall\u00e8le, cette initiative va encourager le commerce intra-africain de produits pharmaceutiques et consommables m\u00e9dicaux en s\u2019appuyant sur l\u2019accord de libre-\u00e9change continental africain\u00bb.<br \/>Bref, dans un contexte marqu\u00e9 par une pand\u00e9mie in\u00e9dite, l\u2019harmonisation des normes permettra de faciliter le d\u00e9veloppement de r\u00e9glementations techniques de m\u00eame niveau entre pays africains. La commercialisation de fournitures et d\u2019\u00e9quipements m\u00e9dicaux entre les pays s\u2019en verra \u00e9galement facilit\u00e9e.<br \/>Dr Hermog\u00e8ne Nsengimana, secr\u00e9taire g\u00e9n\u00e9ral de l\u2019Oran, a justement d\u00e9clar\u00e9 que \u00absi, de prime abord, la pand\u00e9mie de Covid-19 a cr\u00e9\u00e9 la distanciation sociale comme nouvelle normalit\u00e9, elle a aussi rassembl\u00e9 l\u2019Afrique pour acc\u00e9l\u00e9rer son industrialisation. Les normes relatives aux masques faciaux et aux gels hydroalcooliques communiqu\u00e9es par l\u2019Oran et d\u2019autres organismes de normalisation ont \u00e9t\u00e9 largement utilis\u00e9es par les PME africaines pour \u00e9laborer des \u00e9quipements de protection individuelle fabriqu\u00e9s localement (\u2026)\u00bb.<br \/>Les d\u00e9s sont jet\u00e9s. Imposer les r\u00e8gles du jeu dans un secteur strat\u00e9gique tel que l\u2019industrie pharmaceutique ne sera que salutaire pour asseoir une politique globale o\u00f9 les pays africains devront trouver leur compte. C\u2019est une question de gouvernance. Le Maroc compte bien se d\u00e9marquer. Sa politique de production du vaccin contre la Covid-19 suite \u00e0 la signature avec le gouvernement chinois le d\u00e9montre ais\u00e9ment. L\u2019objectif \u00e9tant d\u2019assurer l\u2019accessibilit\u00e9 de l\u2019antidote au reste du continent africain. A suivre\u2026<\/p>\n<p>Auteur: Dounia Essabban<br \/>\n<a href=\"https:\/\/aujourdhui.ma\/monde\/afrique-une-normalisation-des-produits-pharmaceutiques-dans-le-cadre-des-accords-zleca\">Cliquez ici pour lire l&rsquo;article depuis sa source.<\/a><\/p>\n","protected":false},"excerpt":{"rendered":"<p>Cette initiative va \u00e9galement permettre \u00e0 l\u2019Afrique de b\u00e9n\u00e9ficier d\u2019un secteur pharmaceutique en plein essor, \u00e9largissant les possibilit\u00e9s commerciales au niveau local et au-del\u00e0 des fronti\u00e8res, cr\u00e9ant ainsi un impact socio-\u00e9conomique durable \u00e0 long terme sur le continent L\u2019Organisation africaine de normalisation (ORAN) vient de recevoir, officiellement, le soutien de la Banque africaine d\u2019import-export (Afreximbank) [&hellip;]<\/p>\n","protected":false},"author":1759,"featured_media":98953,"comment_status":"closed","ping_status":"closed","sticky":false,"template":"","format":"standard","meta":{"fifu_image_url":"","fifu_image_alt":"","footnotes":""},"categories":[73,54],"tags":[],"class_list":["post-98952","post","type-post","status-publish","format-standard","has-post-thumbnail","hentry","category-actualite","category-maroc"],"_links":{"self":[{"href":"https:\/\/linitiative.ca\/International\/wp-json\/wp\/v2\/posts\/98952","targetHints":{"allow":["GET"]}}],"collection":[{"href":"https:\/\/linitiative.ca\/International\/wp-json\/wp\/v2\/posts"}],"about":[{"href":"https:\/\/linitiative.ca\/International\/wp-json\/wp\/v2\/types\/post"}],"author":[{"embeddable":true,"href":"https:\/\/linitiative.ca\/International\/wp-json\/wp\/v2\/users\/1759"}],"replies":[{"embeddable":true,"href":"https:\/\/linitiative.ca\/International\/wp-json\/wp\/v2\/comments?post=98952"}],"version-history":[{"count":0,"href":"https:\/\/linitiative.ca\/International\/wp-json\/wp\/v2\/posts\/98952\/revisions"}],"wp:featuredmedia":[{"embeddable":true,"href":"https:\/\/linitiative.ca\/International\/wp-json\/"}],"wp:attachment":[{"href":"https:\/\/linitiative.ca\/International\/wp-json\/wp\/v2\/media?parent=98952"}],"wp:term":[{"taxonomy":"category","embeddable":true,"href":"https:\/\/linitiative.ca\/International\/wp-json\/wp\/v2\/categories?post=98952"},{"taxonomy":"post_tag","embeddable":true,"href":"https:\/\/linitiative.ca\/International\/wp-json\/wp\/v2\/tags?post=98952"}],"curies":[{"name":"wp","href":"https:\/\/api.w.org\/{rel}","templated":true}]}}