{"id":98956,"date":"2020-09-16T06:10:00","date_gmt":"2020-09-16T10:10:00","guid":{"rendered":"https:\/\/linitiative.ca\/International\/ould-abbes-et-berkat-condamnes-a-8-ans-et-4-de-prison-ferme\/"},"modified":"2020-09-16T06:10:00","modified_gmt":"2020-09-16T10:10:00","slug":"ould-abbes-et-berkat-condamnes-a-8-ans-et-4-de-prison-ferme","status":"publish","type":"post","link":"https:\/\/linitiative.ca\/International\/ould-abbes-et-berkat-condamnes-a-8-ans-et-4-de-prison-ferme\/","title":{"rendered":"Ould Abb\u00e8s et Berkat condamn\u00e9s \u00e0 8 ans et 4 de prison ferme"},"content":{"rendered":"<div id=\"originalText\" readability=\"47\">\n<p class=\"c6\">Le tribunal de Sidi M&rsquo;hamed a condamn\u00e9 l&rsquo;ancien ministre de la Solidarit\u00e9, Djamal Ould Abb\u00e8s, \u00e0 8 ans de prison ferme assortie d&rsquo;une amende d&rsquo;un million de dinars.<\/p>\n<p class=\"c6\">Le m\u00eame tribunal a prononc\u00e9 une peine de 4 ans de prison contre l&rsquo;ancien ministre de la Solidarit\u00e9 Sa\u00efd Barkat et une amende d&rsquo;un million de dinars. Il a \u00e9galement condamn\u00e9 Bouchnak Khalladi, ancien secr\u00e9taire g\u00e9n\u00e9ral du minist\u00e8re de la Solidarit\u00e9, \u00e0 une peine de 3 ans avec sursis et d&rsquo;une amende d&rsquo;un million de dinars.<\/p>\n<p class=\"c6\">Quant \u00e0 l&rsquo;ancien Directeur du protocole au sein du minist\u00e8re de la Solidarit\u00e9 nationale,\u00a0Djelouli Saadi, il a \u00e9t\u00e9 condamn\u00e9 \u00e0 un an d&#8217;emprisonnement avec sursis.<\/p>\n<p class=\"c7\"><strong>R\u00e9daction WEB<\/strong><\/p>\n<\/div>\n<div id=\"text_core\" readability=\"47\">\n<p class=\"c6\">Le tribunal de Sidi M&rsquo;hamed a condamn\u00e9 l&rsquo;ancien ministre de la Solidarit\u00e9, Djamal Ould Abb\u00e8s, \u00e0 8 ans de prison ferme assortie d&rsquo;une amende d&rsquo;un million de dinars.<\/p>\n<p class=\"c6\">Le m\u00eame tribunal a prononc\u00e9 une peine de 4 ans de prison contre l&rsquo;ancien ministre de la Solidarit\u00e9 Sa\u00efd Barkat et une amende d&rsquo;un million de dinars. Il a \u00e9galement condamn\u00e9 Bouchnak Khalladi, ancien secr\u00e9taire g\u00e9n\u00e9ral du minist\u00e8re de la Solidarit\u00e9, \u00e0 une peine de 3 ans avec sursis et d&rsquo;une amende d&rsquo;un million de dinars.<\/p>\n<p class=\"c6\">Quant \u00e0 l&rsquo;ancien Directeur du protocole au sein du minist\u00e8re de la Solidarit\u00e9 nationale,\u00a0Djelouli Saadi, il a \u00e9t\u00e9 condamn\u00e9 \u00e0 un an d&#8217;emprisonnement avec sursis.<\/p>\n<p class=\"c7\"><strong>R\u00e9daction WEB<\/strong><\/p>\n<\/div>\n<p>Auteur:<br \/>\n<a href=\"https:\/\/www.liberte-algerie.com\/actualite\/ould-abbes-et-berkat-condamnes-a-8-ans-et-4-de-prison-ferme-345661\">Cliquez ici pour lire l&rsquo;article depuis sa source.<\/a><\/p>\n","protected":false},"excerpt":{"rendered":"<p>Le tribunal de Sidi M&rsquo;hamed a condamn\u00e9 l&rsquo;ancien ministre de la Solidarit\u00e9, Djamal Ould Abb\u00e8s, \u00e0 8 ans de prison ferme assortie d&rsquo;une amende d&rsquo;un million de dinars. Le m\u00eame tribunal a prononc\u00e9 une peine de 4 ans de prison contre l&rsquo;ancien ministre de la Solidarit\u00e9 Sa\u00efd Barkat et une amende d&rsquo;un million de dinars. [&hellip;]<\/p>\n","protected":false},"author":1742,"featured_media":0,"comment_status":"closed","ping_status":"closed","sticky":false,"template":"","format":"standard","meta":{"fifu_image_url":"","fifu_image_alt":"","footnotes":""},"categories":[73,53],"tags":[],"class_list":["post-98956","post","type-post","status-publish","format-standard","hentry","category-actualite","category-algerie"],"_links":{"self":[{"href":"https:\/\/linitiative.ca\/International\/wp-json\/wp\/v2\/posts\/98956","targetHints":{"allow":["GET"]}}],"collection":[{"href":"https:\/\/linitiative.ca\/International\/wp-json\/wp\/v2\/posts"}],"about":[{"href":"https:\/\/linitiative.ca\/International\/wp-json\/wp\/v2\/types\/post"}],"author":[{"embeddable":true,"href":"https:\/\/linitiative.ca\/International\/wp-json\/wp\/v2\/users\/1742"}],"replies":[{"embeddable":true,"href":"https:\/\/linitiative.ca\/International\/wp-json\/wp\/v2\/comments?post=98956"}],"version-history":[{"count":0,"href":"https:\/\/linitiative.ca\/International\/wp-json\/wp\/v2\/posts\/98956\/revisions"}],"wp:attachment":[{"href":"https:\/\/linitiative.ca\/International\/wp-json\/wp\/v2\/media?parent=98956"}],"wp:term":[{"taxonomy":"category","embeddable":true,"href":"https:\/\/linitiative.ca\/International\/wp-json\/wp\/v2\/categories?post=98956"},{"taxonomy":"post_tag","embeddable":true,"href":"https:\/\/linitiative.ca\/International\/wp-json\/wp\/v2\/tags?post=98956"}],"curies":[{"name":"wp","href":"https:\/\/api.w.org\/{rel}","templated":true}]}}