{"id":98961,"date":"2020-09-16T10:29:59","date_gmt":"2020-09-16T14:29:59","guid":{"rendered":"https:\/\/linitiative.ca\/International\/adoption-dun-systeme-des-cartes-prepayees-delectricite\/"},"modified":"2020-09-16T10:29:59","modified_gmt":"2020-09-16T14:29:59","slug":"adoption-dun-systeme-des-cartes-prepayees-delectricite","status":"publish","type":"post","link":"https:\/\/linitiative.ca\/International\/adoption-dun-systeme-des-cartes-prepayees-delectricite\/","title":{"rendered":"Adoption d\u2019un syst\u00e8me des cartes pr\u00e9pay\u00e9es d\u2019\u00e9lectricit\u00e9"},"content":{"rendered":"<div class=\"single-featured\"><img alt=\"\" data-src=\"http:\/\/www.mapmarrakech.ma\/map\/uploads\/2020\/08\/ONEE.jpg\"\/><\/div>\n<div class=\"single-post-excerpt post-excerpt-bc\" readability=\"36\">\n<p>El Kel\u00e2a des Sraghna \u2013 La direction provinciale de l\u2019Office National de l\u2019\u00e9lectricit\u00e9 et de l\u2019eau potable (Branche Electricit\u00e9) \u00e0 El Kel\u00e2a des Sraghna vient d\u2019annoncer l\u2019adoption d\u2019un nouveau syst\u00e8me informatique tr\u00e8s d\u00e9velopp\u00e9, d\u00e9di\u00e9 aux cartes de recharge pr\u00e9pay\u00e9es d\u2019\u00e9lectricit\u00e9.<\/p>\n<\/div>\n<div class=\"entry-content clearfix single-post-content\" readability=\"50\">\n<p>Dans un communiqu\u00e9 destin\u00e9 aux habitants en milieu rural au niveau de la province, la direction a pr\u00e9cis\u00e9 que le syst\u00e8me \u00e0 pr\u00e9paiement \u00ab\u00a0Nour\u00a0\u00bb sera suspendu temporairement du jeudi 17 septembre au samedi 19 septembre en vue d\u2019assurer le passage vers un nouveau syst\u00e8me informatique dot\u00e9 de fonctionnalit\u00e9s tr\u00e8s d\u00e9velopp\u00e9es, avec l\u2019entame de l\u2019utilisation d\u2019un nouveau compteur \u00e0 pr\u00e9paiement qui offrira des services suppl\u00e9mentaires.<\/p>\n<p>Ce nouveau syst\u00e8me informatique permet d\u2019effectuer l\u2019op\u00e9ration de recharge \u00e0 partir de toute agence ou tout point de vente externe relevant de l\u2019Office \u00e0 l\u2019\u00e9chelle nationale, selon la m\u00eame source, qui a ajout\u00e9 que le nouveau compteur fait partie de la nouvelle g\u00e9n\u00e9ration des compteurs rechargeables par le biais d\u2019un code de 20 chiffres introduit via le clavier dudit compteur, ce qui permet d\u2019effectuer l\u2019op\u00e9ration de recharge sans avoir recours \u00e0 une carte de recharge.<\/p>\n<p>La direction provinciale a invit\u00e9 les clients \u00e0 contacter les agences de l\u2019Office national d\u2019\u00e9lectricit\u00e9 dans la province d\u2019El Kel\u00e2a des Sraghna, pour prendre connaissance des caract\u00e9ristiques de ce syst\u00e8me informatique et de cette nouvelle g\u00e9n\u00e9ration de compteurs.<\/p>\n<\/div>\n<p>Auteur: Meriem IGASS<br \/>\n<a href=\"http:\/\/www.mapmarrakech.ma\/fr\/adoption-dun-nouveau-systeme-des-cartes-prepayees-delectricite\/\">Cliquez ici pour lire l&rsquo;article depuis sa source.<\/a><\/p>\n","protected":false},"excerpt":{"rendered":"<p>El Kel\u00e2a des Sraghna \u2013 La direction provinciale de l\u2019Office National de l\u2019\u00e9lectricit\u00e9 et de l\u2019eau potable (Branche Electricit\u00e9) \u00e0 El Kel\u00e2a des Sraghna vient d\u2019annoncer l\u2019adoption d\u2019un nouveau syst\u00e8me informatique tr\u00e8s d\u00e9velopp\u00e9, d\u00e9di\u00e9 aux cartes de recharge pr\u00e9pay\u00e9es d\u2019\u00e9lectricit\u00e9. Dans un communiqu\u00e9 destin\u00e9 aux habitants en milieu rural au niveau de la province, la [&hellip;]<\/p>\n","protected":false},"author":1788,"featured_media":98962,"comment_status":"closed","ping_status":"closed","sticky":false,"template":"","format":"standard","meta":{"fifu_image_url":"","fifu_image_alt":"","footnotes":""},"categories":[54,76],"tags":[],"class_list":["post-98961","post","type-post","status-publish","format-standard","has-post-thumbnail","hentry","category-maroc","category-regions"],"_links":{"self":[{"href":"https:\/\/linitiative.ca\/International\/wp-json\/wp\/v2\/posts\/98961","targetHints":{"allow":["GET"]}}],"collection":[{"href":"https:\/\/linitiative.ca\/International\/wp-json\/wp\/v2\/posts"}],"about":[{"href":"https:\/\/linitiative.ca\/International\/wp-json\/wp\/v2\/types\/post"}],"author":[{"embeddable":true,"href":"https:\/\/linitiative.ca\/International\/wp-json\/wp\/v2\/users\/1788"}],"replies":[{"embeddable":true,"href":"https:\/\/linitiative.ca\/International\/wp-json\/wp\/v2\/comments?post=98961"}],"version-history":[{"count":0,"href":"https:\/\/linitiative.ca\/International\/wp-json\/wp\/v2\/posts\/98961\/revisions"}],"wp:featuredmedia":[{"embeddable":true,"href":"https:\/\/linitiative.ca\/International\/wp-json\/"}],"wp:attachment":[{"href":"https:\/\/linitiative.ca\/International\/wp-json\/wp\/v2\/media?parent=98961"}],"wp:term":[{"taxonomy":"category","embeddable":true,"href":"https:\/\/linitiative.ca\/International\/wp-json\/wp\/v2\/categories?post=98961"},{"taxonomy":"post_tag","embeddable":true,"href":"https:\/\/linitiative.ca\/International\/wp-json\/wp\/v2\/tags?post=98961"}],"curies":[{"name":"wp","href":"https:\/\/api.w.org\/{rel}","templated":true}]}}