{"id":98974,"date":"2020-09-15T19:55:38","date_gmt":"2020-09-15T23:55:38","guid":{"rendered":"https:\/\/linitiative.ca\/International\/ofppt-oriental-debut-des-examens-de-fin-de-formation\/"},"modified":"2020-09-15T19:55:38","modified_gmt":"2020-09-15T23:55:38","slug":"ofppt-oriental-debut-des-examens-de-fin-de-formation","status":"publish","type":"post","link":"https:\/\/linitiative.ca\/International\/ofppt-oriental-debut-des-examens-de-fin-de-formation\/","title":{"rendered":"OFPPT\/Oriental : d\u00e9but des examens de fin de formation"},"content":{"rendered":"<p class=\"c4\">Les examens report\u00e9s de fin de formation pour les stagiaires admis dans les diff\u00e9rents \u00e9tablissements relevant l\u2019Office de la formation professionnelle et de la promotion du travail (OFPPT) dans la r\u00e9gion de l\u2019Oriental ont d\u00e9but\u00e9, mardi, dans le respect total des mesures de pr\u00e9vention sanitaire.<\/p>\n<p class=\"c4\">Une panoplie de mesures exceptionnelle r\u00e9pondant aux exigences de la conjoncture particuli\u00e8re n\u00e9e de la pand\u00e9mie du nouveau coronavirus (Covid-19) ont \u00e9t\u00e9 prises par la direction r\u00e9gionale de l\u2019OFPPT pour assurer le d\u00e9roulement dans les meilleures conditions des \u00e9preuves de fin de formation au titre de la session 2020.<\/p>\n<p class=\"c4\">Les pr\u00e9paratifs de ces examens qui se tiennent du 15 au 18 septembre ont pris en consid\u00e9ration notamment les efforts de lutte contre la propagation de la pand\u00e9mie et la pr\u00e9servation de la s\u00e9curit\u00e9 sanitaire des apprentis, des formateurs et du staff administratif, et ce \u00e0 travers la cr\u00e9ation des conditions ad\u00e9quates et la mobilisation des moyens n\u00e9cessaires.<\/p>\n<p class=\"c4\">Dans la r\u00e9gion de l\u2019Oriental, a expliqu\u00e9, par l\u2019occasion, le Directeur r\u00e9gional de l\u2019OFPPT Mohamed Azzaoui, les examens de fin de formation concernent quelque 5.500 stagiaires r\u00e9partis sur 23 instituts sp\u00e9cialis\u00e9s et trois niveaux, qui sont le niveau \u00ab\u00a0Technicien sp\u00e9cialis\u00e9\u00a0\u00bb (2.879 stagiaires), le niveau \u00ab\u00a0Technicien\u00a0\u00bb avec 1.582 stagiaires et le niveau \u00ab\u00a0Qualification\u00a0\u00bb (1.038).<\/p>\n<p class=\"c4\">Pr\u00e9cisant que les fili\u00e8res couvertes sont au nombre de 61, M. Azzaoui a fait remarquer, dans une d\u00e9claration \u00e0 la MAP, que les \u00e9preuves de fin de formation qui interviennent dans une conjoncture particuli\u00e8re ne couvrent que les modules assur\u00e9s en pr\u00e9sentiel avant le confinement obligatoire.<\/p>\n<p><img class=\"wp-image-23152 aligncenter\" data-src=\"http:\/\/www.mapoujda.ma\/map\/uploads\/2020\/09\/Des-mesures-pr&#xE9;ventives-au-d&#xE9;but-des-exams-de-lOFPPT-M750&#xD7;430-MAP-1.jpg\" alt=\"\" width=\"576\" height=\"330\" srcset=\"http:\/\/www.mapoujda.ma\/map\/uploads\/2020\/09\/Des-mesures-pr&#xE9;ventives-au-d&#xE9;but-des-exams-de-lOFPPT-M750&#xD7;430-MAP-1.jpg 750w, http:\/\/www.mapoujda.ma\/map\/uploads\/2020\/09\/Des-mesures-pr&#xE9;ventives-au-d&#xE9;but-des-exams-de-lOFPPT-M750&#xD7;430-MAP-1-300x172.jpg 300w\" sizes=\"(max-width: 576px) 100vw, 576px\"\/><\/p>\n<p class=\"c4\">Le responsable r\u00e9gional de l\u2019Office a mis l\u2019accent dans ce sens sur les dispositions et mesures prises dans le but de stopper la propagation du coronavirus, assurant que les examens se passent dans de bonnes conditions et dans un climat de responsabilit\u00e9 marqu\u00e9 par le respect strict des mesures de pr\u00e9vention sanitaire d\u00e9cr\u00e9t\u00e9es par les autorit\u00e9s comp\u00e9tentes.<\/p>\n<p class=\"c4\">Parmi les mesures adopt\u00e9es en coordination avec les services de protection sanitaire \u00e0 l\u2019\u00e9chelon local et r\u00e9gional, il a cit\u00e9, entres autres actions, la d\u00e9sinfection des \u00e9tablissements et des d\u00e9pendances, la r\u00e9duction du nombre de stagiaires dans les salles d\u2019examen (13 par salle), le respect de la distanciation physique, la mise en place en quantit\u00e9s suffisantes de produits d\u00e9sinfectants, la mesure de la temp\u00e9rature \u00e0 l\u2019entr\u00e9e des \u00e9tablissements, l\u2019imposition de l\u2019utilisation correcte du masque, en sus des stickers de signalisation et d\u2019orientation.<\/p>\n<p class=\"c4\">Et d\u2019ajouter que des mesures exceptionnelles ont \u00e9t\u00e9 prises pour les examens de fin de formation \u00e0 l\u2019institut d\u00e9di\u00e9 aux m\u00e9tiers de la valorisation des dattes \u00e0 Figuig, l\u2019unique du genre au niveau national et qui accueille des stagiaires des diff\u00e9rentes r\u00e9gions du Royaume.<\/p>\n<p class=\"c4\">M. Azzaoui a pr\u00e9cis\u00e9 \u00e0 cet effet que dans le souci d\u2019\u00e9viter les risques li\u00e9s aux d\u00e9placements des stagiaires concern\u00e9s de leurs lieux de r\u00e9sidence vers l\u2019\u00e9tablissement sectoriel de Figuig, il a \u00e9t\u00e9 proc\u00e9d\u00e9 \u00e0 l\u2019am\u00e9nagement de 15 centres d\u2019examen de proximit\u00e9 relevant de l\u2019OFPPT dans six r\u00e9gions du Royaume.<\/p>\n<p class=\"c4\">Aussi, et depuis le d\u00e9but de la pand\u00e9mie, l\u2019Office a d\u00e9cid\u00e9 de placer les 70 stagiaires \u00e9trangers originaires de 14 pays africains qui poursuivent leur formation dans 18 sp\u00e9cialit\u00e9s au sein de centres situ\u00e9s dans les diff\u00e9rents provinces de la r\u00e9gion de l\u2019Oriental, dans l\u2019internat de l\u2019Institut sp\u00e9cialis\u00e9 dans les m\u00e9tiers de transport routier et logistique qui est dot\u00e9 d\u2019une capacit\u00e9 d\u2019accueil de 200 lit.<\/p>\n<p class=\"c4\">Le directeur r\u00e9gional de l\u2019OFPPT a poursuivi dans ce sens qu\u2019un centre d\u2019examen a \u00e9t\u00e9 mobilis\u00e9 au profit de ces stagiaires afin d\u2019\u00e9viter leur d\u00e9placement vers les \u00e9tablissements o\u00f9 ils ont fait leur formation et les risques sanitaires li\u00e9s \u00e0 la pand\u00e9mie du coronavirus.<\/p>\n<p>Auteur: Soufiane ELAHMAR<br \/>\n<a href=\"http:\/\/www.mapoujda.ma\/fr\/ofppt-oriental-debut-des-examens-de-fin-de-formation\/\">Cliquez ici pour lire l&rsquo;article depuis sa source.<\/a><\/p>\n","protected":false},"excerpt":{"rendered":"<p>Les examens report\u00e9s de fin de formation pour les stagiaires admis dans les diff\u00e9rents \u00e9tablissements relevant l\u2019Office de la formation professionnelle et de la promotion du travail (OFPPT) dans la r\u00e9gion de l\u2019Oriental ont d\u00e9but\u00e9, mardi, dans le respect total des mesures de pr\u00e9vention sanitaire. Une panoplie de mesures exceptionnelle r\u00e9pondant aux exigences de la [&hellip;]<\/p>\n","protected":false},"author":1788,"featured_media":98975,"comment_status":"closed","ping_status":"closed","sticky":false,"template":"","format":"standard","meta":{"fifu_image_url":"","fifu_image_alt":"","footnotes":""},"categories":[54,76],"tags":[],"class_list":["post-98974","post","type-post","status-publish","format-standard","has-post-thumbnail","hentry","category-maroc","category-regions"],"_links":{"self":[{"href":"https:\/\/linitiative.ca\/International\/wp-json\/wp\/v2\/posts\/98974","targetHints":{"allow":["GET"]}}],"collection":[{"href":"https:\/\/linitiative.ca\/International\/wp-json\/wp\/v2\/posts"}],"about":[{"href":"https:\/\/linitiative.ca\/International\/wp-json\/wp\/v2\/types\/post"}],"author":[{"embeddable":true,"href":"https:\/\/linitiative.ca\/International\/wp-json\/wp\/v2\/users\/1788"}],"replies":[{"embeddable":true,"href":"https:\/\/linitiative.ca\/International\/wp-json\/wp\/v2\/comments?post=98974"}],"version-history":[{"count":0,"href":"https:\/\/linitiative.ca\/International\/wp-json\/wp\/v2\/posts\/98974\/revisions"}],"wp:featuredmedia":[{"embeddable":true,"href":"https:\/\/linitiative.ca\/International\/wp-json\/"}],"wp:attachment":[{"href":"https:\/\/linitiative.ca\/International\/wp-json\/wp\/v2\/media?parent=98974"}],"wp:term":[{"taxonomy":"category","embeddable":true,"href":"https:\/\/linitiative.ca\/International\/wp-json\/wp\/v2\/categories?post=98974"},{"taxonomy":"post_tag","embeddable":true,"href":"https:\/\/linitiative.ca\/International\/wp-json\/wp\/v2\/tags?post=98974"}],"curies":[{"name":"wp","href":"https:\/\/api.w.org\/{rel}","templated":true}]}}