{"id":98982,"date":"2020-09-16T10:15:37","date_gmt":"2020-09-16T14:15:37","guid":{"rendered":"https:\/\/linitiative.ca\/International\/non-les-enfants-ne-sont-pas-des-super-contaminateurs\/"},"modified":"2020-09-16T10:15:37","modified_gmt":"2020-09-16T14:15:37","slug":"non-les-enfants-ne-sont-pas-des-super-contaminateurs","status":"publish","type":"post","link":"https:\/\/linitiative.ca\/International\/non-les-enfants-ne-sont-pas-des-super-contaminateurs\/","title":{"rendered":"Non, les enfants ne sont pas  des \u00absuper-contaminateurs\u00bb"},"content":{"rendered":"<p class=\"rtejustify\">Contrairement \u00e0 l\u2019id\u00e9e largement r\u00e9pandue au d\u00e9but de la pand\u00e9mie, les enfants ne semblent pas \u00eatre de \u00absuper-contaminateurs\u00bb au coronavirus. Ils sont jug\u00e9s moins contagieux que les adultes. \u00abA l\u2019\u00e9chelle mondiale, la probabilit\u00e9 qu\u2019un enfant de moins de 15 ans soit porteur du virus et puisse le transmettre est de 1,1%. Pour la tranche allant jusqu\u2019\u00e0 19 ans, elle est de 2%\u00bb, rel\u00e8ve Ja\u00e2far Heikel, \u00e9pid\u00e9miologiste sp\u00e9cialiste des maladies infectieuses, \u00e9galement \u00e9conomiste de la sant\u00e9.<\/p>\n<div class=\"dnd-atom-wrapper type-image context-sdl_editor_representation\" contenteditable=\"false\">\n<div class=\"dnd-drop-wrapper\">\n<div class=\"image\"><img loading=\"lazy\" decoding=\"async\" typeof=\"foaf:Image\" class=\"img-responsive\" src=\"https:\/\/www.leconomiste.com\/sites\/default\/files\/eco7\/public\/thumbnails\/image\/enfants-covid-044.jpg\" width=\"660\" height=\"330\" alt=\"enfants-covid-044.jpg\" title=\"enfants-covid-044.jpg\"\/><\/div>\n<\/div>\n<\/div>\n<p class=\"rtejustify\">Au Maroc, sur les\u00a0 86.686 cas confirm\u00e9s enregistr\u00e9s, seuls 1,4% sont des individus de moins de 18 ans ayant \u00e9t\u00e9 admis dans un milieu hospitalier. Une tr\u00e8s faible part de ces mineurs (entre 0,2 \u00e0 0,4%) ont d\u00e9velopp\u00e9 une forme grave ou critique de la maladie. \u00abIl est tr\u00e8s rare de traiter un enfant avec de l\u2019hydroxychloroquine et l\u2019azithromycine. D\u2019ailleurs, la majorit\u00e9 d\u2019entre eux ne sont pas trait\u00e9s. Ils sont gard\u00e9s uniquement en observation, et ils \u00e9voluent impeccablement!\u00bb explique l\u2019infectiologue.<\/p>\n<p class=\"rtejustify\">Toutefois, ces jeunes sont bien porteurs du virus. \u00abLa diff\u00e9rence est qu\u2019ils sont capables de mieux combattre le virus\u00bb, indique Heikel.\u00a0 \u00abLeur syst\u00e8me immunitaire est plus actif pour lutter contre cette infection, m\u00eame s\u2019ils sont tout aussi sensibles au virus que les adultes\u00bb, confirme My Mustapha Ennaji, directeur du laboratoire de virologie de l\u2019universit\u00e9 Hassan II de Casablanca. \u00abDepuis leur naissance, ils ont \u00e9t\u00e9 sujets \u00e0 des coronavirus. Ils ont ainsi d\u00e9velopp\u00e9 des anticorps, et une immunit\u00e9 crois\u00e9e dot\u00e9e de cellules m\u00e9moires leur permettant de lutter plus efficacement contre le Covid-19. De plus, ils re\u00e7oivent beaucoup de vaccins \u00e0 leur jeune \u00e2ge, ce qui renforce davantage leur syst\u00e8me immunitaire\u00bb, explique-t-il.\u00a0<\/p>\n<p class=\"rtejustify\">Mais s\u2019ils sont plus \u00abprot\u00e9g\u00e9s contre le Covid-19\u00bb, cela n\u2019exclut pas le risque de contamination. \u00abDans un foyer, la probabilit\u00e9 qu\u2019un enfant transmette le virus \u00e0 l\u2019un de ses parents est de 9,7%\u00bb, souligne Heikel. La vigilance et le respect des mesures sanitaires restent donc de mise, quel que soit l\u2019\u00e2ge!<\/p>\n<p class=\"rtejustify\"><em>Tilila EL GHOUARI<\/em><\/p>\n<blockquote readability=\"24\">\n<p class=\"rtecenter\"><strong>Rentr\u00e9e scolaire Prendre en compte\u00a0 les r\u00e9gions<\/strong><\/p>\n<p class=\"rtejustify\">\u00abLa rentr\u00e9e scolaire 2020-2021 s\u2019inscrit dans le registre de l\u2019exceptionnel, mais la pand\u00e9mie ne date pas d\u2019une semaine. Nous avions largement le temps de mieux pr\u00e9parer la reprise\u00bb, rel\u00e8ve Allal Amraoui, chirurgien et parlementaire PI. Selon lui, \u00able minist\u00e8re de l\u2019Education nationale avait lui-m\u00eame reconnu que 40% des \u00e9l\u00e8ves n\u2019avaient pas suivi l\u2019enseignement \u00e0 distance l\u2019ann\u00e9e derni\u00e8re. Les chiffres du HCP montrent aussi que cette formule n\u2019a pas suffisamment r\u00e9ussi\u00bb.<br \/>On se retrouve donc entre deux feux. D\u2019un c\u00f4t\u00e9, une activit\u00e9 virale assez inqui\u00e9tante dans certaines grandes villes. De l\u2019autre, la n\u00e9cessit\u00e9 d\u2019une scolarisation acceptable. \u00abJe consid\u00e8re la d\u00e9cision du minist\u00e8re comme une non-d\u00e9cision, car elle n\u2019est pas tranch\u00e9e. Elle renvoie la responsabilit\u00e9 aux parents uniquement. Nous avons compris que le gouvernement a cherch\u00e9 \u00e0 faire plaisir \u00e0 tout le monde, mais il s\u2019agit du choix le plus difficile sur le plan logistique, alors que nous connaissons tr\u00e8s bien les limites de notre syst\u00e8me \u00e9ducatif\u00bb, souligne le parlementaire.<br \/>Sur un autre registre, la d\u00e9cision du d\u00e9partement d\u2019Amzazi ne fixe pas les conditions ou les indicateurs de son applicabilit\u00e9 pour l\u2019ensemble du territoire. \u00abLa situation \u00e9pid\u00e9miologique diff\u00e8re d\u2019une province \u00e0 une autre, et les sp\u00e9cificit\u00e9s territoriales et logistiques sont in\u00e9gales d\u2019une localit\u00e9 \u00e0 une autre, et m\u00eame d\u2019une \u00e9cole \u00e0 une autre. Concentrer le d\u00e9bat uniquement sur le caract\u00e8re pr\u00e9sentiel ou \u00e0 distance de l\u2019enseignement est en lui-m\u00eame la preuve que nous passons \u00e0 c\u00f4t\u00e9 de l\u2019essentiel\u00bb, remarque Amraoui.<\/p>\n<p class=\"rtejustify\"><em>Y.S.A.<\/em><\/p>\n<\/blockquote>\n<p class=\"rtejustify\">\u00a0<\/p>\n<p>Auteur: hlafriqi<br \/>\n<a href=\"https:\/\/www.leconomiste.com\/article\/1067260-non-les-enfants-ne-sont-pas-des-super-contaminateurs\">Cliquez ici pour lire l&rsquo;article depuis sa source.<\/a><\/p>\n","protected":false},"excerpt":{"rendered":"<p>Contrairement \u00e0 l\u2019id\u00e9e largement r\u00e9pandue au d\u00e9but de la pand\u00e9mie, les enfants ne semblent pas \u00eatre de \u00absuper-contaminateurs\u00bb au coronavirus. Ils sont jug\u00e9s moins contagieux que les adultes. \u00abA l\u2019\u00e9chelle mondiale, la probabilit\u00e9 qu\u2019un enfant de moins de 15 ans soit porteur du virus et puisse le transmettre est de 1,1%. Pour la tranche allant [&hellip;]<\/p>\n","protected":false},"author":1763,"featured_media":98983,"comment_status":"closed","ping_status":"closed","sticky":false,"template":"","format":"standard","meta":{"fifu_image_url":"","fifu_image_alt":"","footnotes":""},"categories":[78,54],"tags":[],"class_list":["post-98982","post","type-post","status-publish","format-standard","has-post-thumbnail","hentry","category-economie","category-maroc"],"_links":{"self":[{"href":"https:\/\/linitiative.ca\/International\/wp-json\/wp\/v2\/posts\/98982","targetHints":{"allow":["GET"]}}],"collection":[{"href":"https:\/\/linitiative.ca\/International\/wp-json\/wp\/v2\/posts"}],"about":[{"href":"https:\/\/linitiative.ca\/International\/wp-json\/wp\/v2\/types\/post"}],"author":[{"embeddable":true,"href":"https:\/\/linitiative.ca\/International\/wp-json\/wp\/v2\/users\/1763"}],"replies":[{"embeddable":true,"href":"https:\/\/linitiative.ca\/International\/wp-json\/wp\/v2\/comments?post=98982"}],"version-history":[{"count":0,"href":"https:\/\/linitiative.ca\/International\/wp-json\/wp\/v2\/posts\/98982\/revisions"}],"wp:featuredmedia":[{"embeddable":true,"href":"https:\/\/linitiative.ca\/International\/wp-json\/"}],"wp:attachment":[{"href":"https:\/\/linitiative.ca\/International\/wp-json\/wp\/v2\/media?parent=98982"}],"wp:term":[{"taxonomy":"category","embeddable":true,"href":"https:\/\/linitiative.ca\/International\/wp-json\/wp\/v2\/categories?post=98982"},{"taxonomy":"post_tag","embeddable":true,"href":"https:\/\/linitiative.ca\/International\/wp-json\/wp\/v2\/tags?post=98982"}],"curies":[{"name":"wp","href":"https:\/\/api.w.org\/{rel}","templated":true}]}}