{"id":98984,"date":"2020-09-16T10:24:12","date_gmt":"2020-09-16T14:24:12","guid":{"rendered":"https:\/\/linitiative.ca\/International\/epidemiologie-virologie-pneumologie-parcours-des-invites-du-club-de-leconomiste\/"},"modified":"2020-09-16T10:24:12","modified_gmt":"2020-09-16T14:24:12","slug":"epidemiologie-virologie-pneumologie-parcours-des-invites-du-club-de-leconomiste","status":"publish","type":"post","link":"https:\/\/linitiative.ca\/International\/epidemiologie-virologie-pneumologie-parcours-des-invites-du-club-de-leconomiste\/","title":{"rendered":"Epid\u00e9miologie, virologie, pneumologie&#8230; parcours des invit\u00e9s du Club de L\u2019Economiste"},"content":{"rendered":"<p class=\"rtejustify\"><strong>\u25a0 Ja\u00e2far Heikel<\/strong><\/p>\n<div class=\"dnd-atom-wrapper type-image context-sdl_editor_representation atom-align-right\" contenteditable=\"false\">\n<div class=\"dnd-drop-wrapper\">\n<div class=\"image\"><img loading=\"lazy\" decoding=\"async\" typeof=\"foaf:Image\" class=\"img-responsive\" src=\"https:\/\/www.leconomiste.com\/sites\/default\/files\/eco7\/public\/thumbnails\/image\/jaafar-heikel-044.jpg\" width=\"165\" height=\"227\" alt=\"jaafar-heikel-044.jpg\" title=\"jaafar-heikel-044.jpg\"\/><\/div>\n<\/div>\n<\/div>\n<p class=\"rtejustify\">Il est m\u00e9decin \u00e9pid\u00e9miologiste, sp\u00e9cialiste des maladies infectieuses, \u00e9conomiste et professeur de m\u00e9decine depuis 20 ans. Il d\u00e9tient aussi une ma\u00eetrise \u00e8s sciences de la sant\u00e9 communautaire de l\u2019universit\u00e9 de Montr\u00e9al, un MBA en finance et organisation de l\u2019universit\u00e9 de Sherbrooke et un doctorat d\u2019Etat en sciences \u00e9conomiques de la Sorbonne. Il a occup\u00e9, durant 15 ans,\u00a0 diff\u00e9rents postes au sein du minist\u00e8re de la Sant\u00e9. Ja\u00e2far Heikel a \u00e9t\u00e9 doyen et vice-pr\u00e9sident \u00e0 l\u2019Universit\u00e9 internationale de Casablanca (UIC). Il est actuellement professeur associ\u00e9 \u00e0 la facult\u00e9 de m\u00e9decine et de pharmacie de l\u2019Universit\u00e9 Mohammed VI des sciences de la sant\u00e9, et pr\u00e9sident du Coll\u00e8ge national des m\u00e9decins gestionnaires. Heikel a contribu\u00e9 \u00e0 plusieurs \u00e9tudes et travaux en politique et \u00e9conomie de la sant\u00e9 au Maroc et \u00e0 l\u2019international. Il est \u00e9galement auteur et co-auteur de 211 communications et publications scientifiques.<\/p>\n<p class=\"rtecenter\"><strong><u>\u00a0\u00a0\u00a0\u00a0\u00a0\u00a0\u00a0\u00a0\u00a0\u00a0\u00a0\u00a0\u00a0\u00a0\u00a0\u00a0\u00a0\u00a0\u00a0\u00a0\u00a0\u00a0\u00a0\u00a0\u00a0\u00a0\u00a0\u00a0\u00a0\u00a0\u00a0\u00a0\u00a0\u00a0\u00a0\u00a0\u00a0\u00a0\u00a0\u00a0\u00a0\u00a0\u00a0\u00a0\u00a0\u00a0\u00a0\u00a0\u00a0\u00a0\u00a0\u00a0\u00a0\u00a0\u00a0\u00a0\u00a0\u00a0\u00a0\u00a0\u00a0\u00a0\u00a0\u00a0\u00a0\u00a0\u00a0\u00a0\u00a0\u00a0\u00a0\u00a0\u00a0\u00a0\u00a0\u00a0\u00a0\u00a0\u00a0\u00a0\u00a0\u00a0\u00a0\u00a0\u00a0\u00a0 <\/u><\/strong><\/p>\n<p class=\"rtejustify\"><strong>\u25a0\u00a0Allal Amraoui<\/strong><\/p>\n<div class=\"dnd-atom-wrapper type-image context-sdl_editor_representation atom-align-right\" contenteditable=\"false\">\n<div class=\"dnd-drop-wrapper\">\n<div class=\"image\"><img loading=\"lazy\" decoding=\"async\" typeof=\"foaf:Image\" class=\"img-responsive\" src=\"https:\/\/www.leconomiste.com\/sites\/default\/files\/eco7\/public\/thumbnails\/image\/allal-amraoui-044.jpg\" width=\"182\" height=\"227\" alt=\"allal-amraoui-044.jpg\" title=\"allal-amraoui-044.jpg\"\/><\/div>\n<\/div>\n<\/div>\n<p class=\"rtejustify\">Ayant b\u00e9n\u00e9fici\u00e9 de plusieurs formations en d\u00e9veloppement local et renforcement des capacit\u00e9s de gestion, management et leadership, Allal Amraoui a particip\u00e9 \u00e0 la cr\u00e9ation de la facult\u00e9 de m\u00e9decine de F\u00e8s, ainsi qu\u2019au lancement du CHU de F\u00e8s. Directeur r\u00e9gional de la sant\u00e9 pendant 8 ans, il a remport\u00e9 le grand prix de la sant\u00e9 en 2013. Il est aussi pr\u00e9sident fondateur du Centre marocain des \u00e9tudes et recherches sur les politiques de sant\u00e9 (CMERPS). Homme politique, membre du parti de l\u2019Istiqlal, Amraoui est membre du conseil communal de F\u00e8s depuis 2003. Il a \u00e9t\u00e9 le premier adjoint au maire de F\u00e8s de 2009 \u00e0 2015. D\u00e9put\u00e9 de F\u00e8s depuis 2016, il est vice-pr\u00e9sident de la commission des affaires \u00e9trang\u00e8res du Parlement. Il assume la responsabilit\u00e9 de pr\u00e9sident de la d\u00e9l\u00e9gation marocaine \u00e0 l&rsquo;assembl\u00e9e parlementaire du Conseil de l&rsquo;Europe. N\u00e9 \u00e0 F\u00e8s en 1965, Allal Amraoui est mari\u00e9 et p\u00e8re de 3 enfants.<\/p>\n<p class=\"rtecenter\"><strong><u>\u00a0\u00a0\u00a0\u00a0\u00a0\u00a0\u00a0\u00a0\u00a0\u00a0\u00a0\u00a0\u00a0\u00a0\u00a0\u00a0\u00a0\u00a0\u00a0\u00a0\u00a0\u00a0\u00a0\u00a0\u00a0\u00a0\u00a0\u00a0\u00a0\u00a0\u00a0\u00a0\u00a0\u00a0\u00a0\u00a0\u00a0\u00a0\u00a0\u00a0\u00a0\u00a0\u00a0\u00a0\u00a0\u00a0\u00a0\u00a0\u00a0\u00a0\u00a0\u00a0\u00a0\u00a0\u00a0\u00a0\u00a0\u00a0\u00a0\u00a0\u00a0\u00a0\u00a0\u00a0\u00a0\u00a0\u00a0\u00a0\u00a0\u00a0\u00a0\u00a0\u00a0\u00a0\u00a0\u00a0\u00a0\u00a0\u00a0\u00a0\u00a0\u00a0\u00a0\u00a0\u00a0\u00a0 <\/u><\/strong><\/p>\n<p class=\"rtejustify\"><strong>\u25a0 Hanane Laarej<\/strong><\/p>\n<div class=\"dnd-atom-wrapper type-image context-sdl_editor_representation atom-align-right\" contenteditable=\"false\">\n<div class=\"dnd-drop-wrapper\">\n<div class=\"image\"><img loading=\"lazy\" decoding=\"async\" typeof=\"foaf:Image\" class=\"img-responsive\" src=\"https:\/\/www.leconomiste.com\/sites\/default\/files\/eco7\/public\/thumbnails\/image\/hanane-laarej-044.jpg\" width=\"164\" height=\"227\" alt=\"hanane-laarej-044.jpg\" title=\"hanane-laarej-044.jpg\"\/><\/div>\n<\/div>\n<\/div>\n<p class=\"rtejustify\">Elle est sp\u00e9cialis\u00e9e en pneumologie et allergologie (adultes et enfants). Elle a d\u00e9croch\u00e9 son doctorat \u00e0 la facult\u00e9 de m\u00e9decine de Rabat. Hanane Laarej est aussi sp\u00e9cialiste en hypnose m\u00e9dicale pour sevrage tabagique, ainsi qu\u2019en traitement des troubles respiratoires li\u00e9s au sommeil et aux ronflements. Elle est, \u00e9galement, titulaire d\u2019un dipl\u00f4me de m\u00e9decine du travail de la facult\u00e9 de m\u00e9decine de Rennes. La praticienne a exerc\u00e9 de 2010 \u00e0 2015 en tant que m\u00e9decin r\u00e9sident en pneumologie-allergologie au CHU de Rabat. En 2016, elle devient m\u00e9decin-professeur en pneumologie-allergologie \u00e0 l\u2019H\u00f4pital universitaire internationale Cheikh Khalifa de Casablanca. Quatre ans plus tard, elle ouvre son cabinet m\u00e9dical de pneumologie-allergologie-ronflements et apn\u00e9es de sommeil-sevrage tabagique \u00e0 Casablanca. Hanane Laarej est \u00e9galement membre de plusieurs associations et soci\u00e9t\u00e9s savantes, \u00e0 savoir la Soci\u00e9t\u00e9 am\u00e9ricaine thoracique (ATS), l\u2019Association internationale du cancer pulmonaire (IASLC), la Soci\u00e9t\u00e9 europ\u00e9enne respiratoire (ERS) et la soci\u00e9t\u00e9 fran\u00e7aise de pneumologie (SPLF).<\/p>\n<p class=\"rtecenter\"><strong><u>\u00a0\u00a0\u00a0\u00a0\u00a0\u00a0\u00a0\u00a0\u00a0\u00a0\u00a0\u00a0\u00a0\u00a0\u00a0\u00a0\u00a0\u00a0\u00a0\u00a0\u00a0\u00a0\u00a0\u00a0\u00a0\u00a0\u00a0\u00a0\u00a0\u00a0\u00a0\u00a0\u00a0\u00a0\u00a0\u00a0\u00a0\u00a0\u00a0\u00a0\u00a0\u00a0\u00a0\u00a0\u00a0\u00a0\u00a0\u00a0\u00a0\u00a0\u00a0\u00a0\u00a0\u00a0\u00a0\u00a0\u00a0\u00a0\u00a0\u00a0\u00a0\u00a0\u00a0\u00a0\u00a0\u00a0\u00a0\u00a0\u00a0\u00a0\u00a0\u00a0\u00a0\u00a0\u00a0\u00a0\u00a0\u00a0\u00a0\u00a0\u00a0\u00a0\u00a0\u00a0\u00a0\u00a0 <\/u><\/strong><\/p>\n<p class=\"rtejustify\"><strong>\u25a0 Moulay Mustapha Ennaji<\/strong><\/p>\n<div class=\"dnd-atom-wrapper type-image context-sdl_editor_representation atom-align-right\" contenteditable=\"false\">\n<div class=\"dnd-drop-wrapper\">\n<div class=\"image\"><img loading=\"lazy\" decoding=\"async\" typeof=\"foaf:Image\" class=\"img-responsive\" src=\"https:\/\/www.leconomiste.com\/sites\/default\/files\/eco7\/public\/thumbnails\/image\/moulay-mustapha-ennaji-044.jpg\" width=\"164\" height=\"227\" alt=\"moulay-mustapha-ennaji-044.jpg\" title=\"moulay-mustapha-ennaji-044.jpg\"\/><\/div>\n<\/div>\n<\/div>\n<p class=\"rtejustify\">Il est directeur du laboratoire de virologie de l\u2019universit\u00e9 Hassan II de Casablanca. Il a longtemps travaill\u00e9 sur la famille des coronavirus (depuis les ann\u00e9es 80). Ennaji a pass\u00e9 20 ans de sa carri\u00e8re en Am\u00e9rique du Nord, durant lesquels il a enseign\u00e9 dans plusieurs universit\u00e9s canadiennes et am\u00e9ricaines. Il a aussi \u00e9t\u00e9 officier de recherche au conseil national de recherche du Canada. Il est rentr\u00e9 au Maroc vers le milieu des ann\u00e9es 90. Ennaji compte \u00e0 son actif plus de 700 publications et communications scientifiques, en plus de 7 livres (3 autres sont en cours). Il est aussi \u00e0 l\u2019origine de la publication de 400 s\u00e9quences g\u00e9n\u00e9tiques au NCBI GeneBank (banque de s\u00e9quences ADN am\u00e9ricaine). Il a encadr\u00e9 42 th\u00e8ses de doctorat, et a \u00e9t\u00e9 membre de 100 jurys scientifiques nationaux et internationaux.<\/p>\n<p class=\"rtecenter\"><strong><u>\u00a0\u00a0\u00a0\u00a0\u00a0\u00a0\u00a0\u00a0\u00a0\u00a0\u00a0\u00a0\u00a0\u00a0\u00a0\u00a0\u00a0\u00a0\u00a0\u00a0\u00a0\u00a0\u00a0\u00a0\u00a0\u00a0\u00a0\u00a0\u00a0\u00a0\u00a0\u00a0\u00a0\u00a0\u00a0\u00a0\u00a0\u00a0\u00a0\u00a0\u00a0\u00a0\u00a0\u00a0\u00a0\u00a0\u00a0\u00a0\u00a0\u00a0\u00a0\u00a0\u00a0\u00a0\u00a0\u00a0\u00a0\u00a0\u00a0\u00a0\u00a0\u00a0\u00a0\u00a0\u00a0\u00a0\u00a0\u00a0\u00a0\u00a0\u00a0\u00a0\u00a0\u00a0\u00a0\u00a0\u00a0\u00a0\u00a0\u00a0\u00a0\u00a0\u00a0\u00a0\u00a0\u00a0 <\/u><\/strong><\/p>\n<p class=\"rtejustify\"><strong>\u25a0 Said Moutaouakil<\/strong><\/p>\n<div class=\"dnd-atom-wrapper type-image context-sdl_editor_representation atom-align-right\" contenteditable=\"false\">\n<div class=\"dnd-drop-wrapper\">\n<div class=\"image\"><img loading=\"lazy\" decoding=\"async\" typeof=\"foaf:Image\" class=\"img-responsive\" src=\"https:\/\/www.leconomiste.com\/sites\/default\/files\/eco7\/public\/thumbnails\/image\/said-moutaouakil-044.jpg\" width=\"171\" height=\"227\" alt=\"said-moutaouakil-044.jpg\" title=\"said-moutaouakil-044.jpg\"\/><\/div>\n<\/div>\n<\/div>\n<p class=\"rtejustify\">Il est anesth\u00e9siste-r\u00e9animateur, sp\u00e9cialis\u00e9 en r\u00e9animation des maladies septiques. Il a exerc\u00e9 en tant que chef du d\u00e9partement de r\u00e9animation m\u00e9dicale \u00e0 l&rsquo;h\u00f4pital universitaire Ibn Rochd de Casablanca, et en tant que directeur du laboratoire de biologie et de m\u00e9decine exp\u00e9rimentale \u00e0 la facult\u00e9 de m\u00e9decine de Casablanca. Ce militant associatif est pr\u00e9sident d&rsquo;honneur de l&rsquo;Association marocaine des sciences m\u00e9dicales. Il est aussi membre du Comit\u00e9 scientifique et technique national du minist\u00e8re de la Sant\u00e9, et membre de comit\u00e9s scientifiques et m\u00e9dicaux au Maroc et \u00e0 l&rsquo;\u00e9tranger. Moutaouakil a publi\u00e9 plusieurs \u00e9tudes scientifiques et m\u00e9dicales dans les domaines de la m\u00e9decine, de l&rsquo;immunologie, des intoxications et des infections.<\/p>\n<p class=\"rtecenter\"><strong><u>\u00a0\u00a0\u00a0\u00a0\u00a0\u00a0\u00a0\u00a0\u00a0\u00a0\u00a0\u00a0\u00a0\u00a0\u00a0\u00a0\u00a0\u00a0\u00a0\u00a0\u00a0\u00a0\u00a0\u00a0\u00a0\u00a0\u00a0\u00a0\u00a0\u00a0\u00a0\u00a0\u00a0\u00a0\u00a0\u00a0\u00a0\u00a0\u00a0\u00a0\u00a0\u00a0\u00a0\u00a0\u00a0\u00a0\u00a0\u00a0\u00a0\u00a0\u00a0\u00a0\u00a0\u00a0\u00a0\u00a0\u00a0\u00a0\u00a0\u00a0\u00a0\u00a0\u00a0\u00a0\u00a0\u00a0\u00a0\u00a0\u00a0\u00a0\u00a0\u00a0\u00a0\u00a0\u00a0\u00a0\u00a0\u00a0\u00a0\u00a0\u00a0\u00a0\u00a0\u00a0\u00a0\u00a0 <\/u><\/strong><\/p>\n<p class=\"rtejustify\"><strong>\u25a0 Mohamed Mounir Mikou<\/strong><\/p>\n<div class=\"dnd-atom-wrapper type-image context-sdl_editor_representation atom-align-right\" contenteditable=\"false\">\n<div class=\"dnd-drop-wrapper\">\n<div class=\"image\"><img loading=\"lazy\" decoding=\"async\" typeof=\"foaf:Image\" class=\"img-responsive\" src=\"https:\/\/www.leconomiste.com\/sites\/default\/files\/eco7\/public\/thumbnails\/image\/mohamed-mounir-mikou-044.jpg\" width=\"164\" height=\"227\" alt=\"mohamed-mounir-mikou-044.jpg\" title=\"mohamed-mounir-mikou-044.jpg\"\/><\/div>\n<\/div>\n<\/div>\n<p class=\"rtejustify\">Il est anesth\u00e9siste-r\u00e9animateur, membre de la Soci\u00e9t\u00e9 marocaine d&rsquo;anesth\u00e9sie, d&rsquo;analg\u00e9sie et de r\u00e9animation (SMAAR). Natif de F\u00e8s, Mikou est laur\u00e9at de la facult\u00e9 de m\u00e9decine de Rabat. Il s\u2019est sp\u00e9cialis\u00e9 en anesth\u00e9sie-r\u00e9animation \u00e0 la facult\u00e9 de m\u00e9decine de F\u00e8s. Mikou est aussi sp\u00e9cialiste du traitement de la douleur (association douleur sans fronti\u00e8res en France), sp\u00e9cialiste en hypnose m\u00e9dicale, reconnu par l&rsquo;association fran\u00e7aise d&rsquo;hypnose m\u00e9dicale. Formateur dans les techniques d&rsquo;activation de la conscience par le CITAC (Coll\u00e8ge international de th\u00e9rapies par activation de la conscience) en France, Mikou est \u00e9galement chercheur en psychologie \u00e0 la facult\u00e9 des sciences humaines de F\u00e8s. Son parcours professionnel a commenc\u00e9 dans les h\u00f4pitaux des CHU de Rabat, F\u00e8s et Nancy en France. \u00abJ\u2019ai aussi travaill\u00e9 dans les h\u00f4pitaux de Taza, Sefrou et F\u00e8s avant de rejoindre le secteur priv\u00e9\u00bb, rappelle-t-il. Mikou est, par ailleurs, secr\u00e9taire g\u00e9n\u00e9ral de l&rsquo;association ISAAD (Initiative sant\u00e9 et aide au d\u00e9veloppement), et tr\u00e9sorier du Centre d&rsquo;\u00e9tudes et de recherche en politique de sant\u00e9. Il est mari\u00e9 et p\u00e8re de 2 enfants.<\/p>\n<p class=\"rtecenter\"><strong><u>\u00a0\u00a0\u00a0\u00a0\u00a0\u00a0\u00a0\u00a0\u00a0\u00a0\u00a0\u00a0\u00a0\u00a0\u00a0\u00a0\u00a0\u00a0\u00a0\u00a0\u00a0\u00a0\u00a0\u00a0\u00a0\u00a0\u00a0\u00a0\u00a0\u00a0\u00a0\u00a0\u00a0\u00a0\u00a0\u00a0\u00a0\u00a0\u00a0\u00a0\u00a0\u00a0\u00a0\u00a0\u00a0\u00a0\u00a0\u00a0\u00a0\u00a0\u00a0\u00a0\u00a0\u00a0\u00a0\u00a0\u00a0\u00a0\u00a0\u00a0\u00a0\u00a0\u00a0\u00a0\u00a0\u00a0\u00a0\u00a0\u00a0\u00a0\u00a0\u00a0\u00a0\u00a0\u00a0\u00a0\u00a0\u00a0\u00a0\u00a0\u00a0\u00a0\u00a0\u00a0\u00a0\u00a0 <\/u><\/strong><\/p>\n<p class=\"rtejustify\"><strong>\u25a0 Driss El Habchi<\/strong><\/p>\n<div class=\"dnd-atom-wrapper type-image context-sdl_editor_representation atom-align-right\" contenteditable=\"false\">\n<div class=\"dnd-drop-wrapper\">\n<div class=\"image\"><img loading=\"lazy\" decoding=\"async\" typeof=\"foaf:Image\" class=\"img-responsive\" src=\"https:\/\/www.leconomiste.com\/sites\/default\/files\/eco7\/public\/thumbnails\/image\/driss-el-habchi-044.jpg\" width=\"164\" height=\"227\" alt=\"driss-el-habchi-044.jpg\" title=\"driss-el-habchi-044.jpg\"\/><\/div>\n<\/div>\n<\/div>\n<p class=\"rtejustify\">Il est responsable du service de chimie-toxicologie \u00e0 l&rsquo;Institut Pasteur de Casablanca. Cet ing\u00e9nieur de formation est aussi membre du Comit\u00e9 de vigilance Covid et du Comit\u00e9 scientifique et technique du m\u00eame institut. El Habchi fait, par ailleurs, partie du Bureau national du Syndicat national de la sant\u00e9 publique. Il est membre fondateur de la F\u00e9d\u00e9ration d\u00e9mocratique du travail.<\/p>\n<p class=\"rtejustify\">\u00a0<\/p>\n<p class=\"rtejustify\">\u00a0<\/p>\n<div class=\"dnd-atom-wrapper type-image context-sdl_editor_representation\" contenteditable=\"false\">\n<div class=\"dnd-drop-wrapper\">\n<div class=\"image\"><img loading=\"lazy\" decoding=\"async\" typeof=\"foaf:Image\" class=\"img-responsive\" src=\"https:\/\/www.leconomiste.com\/sites\/default\/files\/eco7\/public\/thumbnails\/image\/restrictions-monde-044.jpg\" width=\"800\" height=\"852\" alt=\"restrictions-monde-044.jpg\" title=\"restrictions-monde-044.jpg\"\/><\/div>\n<\/div>\n<\/div>\n<p class=\"rtecenter\"><strong><u>\u00a0\u00a0\u00a0\u00a0\u00a0\u00a0\u00a0\u00a0\u00a0\u00a0\u00a0\u00a0\u00a0\u00a0\u00a0\u00a0\u00a0\u00a0\u00a0\u00a0\u00a0\u00a0\u00a0\u00a0\u00a0\u00a0\u00a0\u00a0\u00a0\u00a0\u00a0\u00a0\u00a0\u00a0\u00a0\u00a0\u00a0\u00a0\u00a0\u00a0\u00a0\u00a0\u00a0\u00a0\u00a0\u00a0\u00a0\u00a0\u00a0\u00a0\u00a0\u00a0\u00a0\u00a0\u00a0\u00a0\u00a0\u00a0\u00a0\u00a0\u00a0\u00a0\u00a0\u00a0\u00a0\u00a0\u00a0\u00a0\u00a0\u00a0\u00a0\u00a0\u00a0\u00a0\u00a0\u00a0\u00a0\u00a0\u00a0\u00a0\u00a0\u00a0\u00a0\u00a0\u00a0\u00a0 <\/u><\/strong><\/p>\n<blockquote readability=\"13\">\n<p class=\"rtecenter\"><strong><span>Comment le monde r\u00e9agit&#8230;<\/span><\/strong><\/p>\n<p class=\"rtejustify\">Lanc\u00e9 \u00e0 l\u2019initiative de l\u2019Universit\u00e9 d\u2019Oxford, l\u2019Oxford Covid-19 Government Response Tracker (OxCGRT) dont L\u2019Economiste republie les trois infographies ci-contre est l\u2019un des premiers outils de veille acad\u00e9mique \u00e0 avoir \u00e9t\u00e9 d\u00e9velopp\u00e9 pour suivre et comparer les r\u00e9ponses politiques des gouvernements qui luttent contre l\u2019\u00e9pid\u00e9mie de coronavirus dans le monde. L\u2019outil collecte syst\u00e9matiquement des informations sur plusieurs r\u00e9ponses politiques communes que les gouvernements ont prises, note la rigueur de ces mesures et agr\u00e8ge ces scores dans un indice commun. Les donn\u00e9es sont collect\u00e9es \u00e0 partir de sources publiques par une \u00e9quipe de dizaines d\u2019\u00e9tudiants et de membres du personnel de l\u2019Universit\u00e9 d\u2019Oxford de toutes les r\u00e9gions du monde.\u00a0 Concr\u00e8tement l\u2019outil s\u2019appuie\u00a0 sur 17 indicateurs relatifs aux r\u00e9ponses des gouvernements. Huit des indicateurs enregistrent des informations sur les politiques de confinement, telles que les fermetures d\u2019\u00e9coles et les restrictions de mouvement. Quatre des indicateurs se rapportent aux\u00a0 politiques \u00e9conomiques (telles que le soutien du revenu aux citoyens ou la fourniture d\u2019aide \u00e9trang\u00e8re). Cinq des indicateurs concernent\u00a0 les politiques\u00a0 de sant\u00e9 telles que le r\u00e9gime de d\u00e9pistage du Covid-19 ou les investissements d\u2019urgence dans les soins de sant\u00e9.<\/p>\n<\/blockquote>\n<div class=\"dnd-atom-wrapper type-image context-sdl_editor_representation\" contenteditable=\"false\">\n<div class=\"dnd-drop-wrapper\">\n<div class=\"image\"><img loading=\"lazy\" decoding=\"async\" typeof=\"foaf:Image\" class=\"img-responsive\" src=\"https:\/\/www.leconomiste.com\/sites\/default\/files\/eco7\/public\/thumbnails\/image\/carte-covid-044.jpg\" width=\"800\" height=\"395\" alt=\"carte-covid-044.jpg\" title=\"carte-covid-044.jpg\"\/><\/div>\n<\/div>\n<\/div>\n<p class=\"rtejustify\">\u00a0<\/p>\n<p class=\"rtejustify\">\u00a0<\/p>\n<p class=\"rtejustify\">\u00a0<\/p>\n<p class=\"rtejustify\">\u00a0<\/p>\n<p>Auteur: hlafriqi<br \/>\n<a href=\"https:\/\/www.leconomiste.com\/article\/1067261-epidemiologie-virologie-pneumologie-parcours-des-invites-du-club-de-l-economiste\">Cliquez ici pour lire l&rsquo;article depuis sa source.<\/a><\/p>\n","protected":false},"excerpt":{"rendered":"<p>\u25a0 Ja\u00e2far Heikel Il est m\u00e9decin \u00e9pid\u00e9miologiste, sp\u00e9cialiste des maladies infectieuses, \u00e9conomiste et professeur de m\u00e9decine depuis 20 ans. Il d\u00e9tient aussi une ma\u00eetrise \u00e8s sciences de la sant\u00e9 communautaire de l\u2019universit\u00e9 de Montr\u00e9al, un MBA en finance et organisation de l\u2019universit\u00e9 de Sherbrooke et un doctorat d\u2019Etat en sciences \u00e9conomiques de la Sorbonne. Il [&hellip;]<\/p>\n","protected":false},"author":1763,"featured_media":98985,"comment_status":"closed","ping_status":"closed","sticky":false,"template":"","format":"standard","meta":{"fifu_image_url":"","fifu_image_alt":"","footnotes":""},"categories":[78,54],"tags":[],"class_list":["post-98984","post","type-post","status-publish","format-standard","has-post-thumbnail","hentry","category-economie","category-maroc"],"_links":{"self":[{"href":"https:\/\/linitiative.ca\/International\/wp-json\/wp\/v2\/posts\/98984","targetHints":{"allow":["GET"]}}],"collection":[{"href":"https:\/\/linitiative.ca\/International\/wp-json\/wp\/v2\/posts"}],"about":[{"href":"https:\/\/linitiative.ca\/International\/wp-json\/wp\/v2\/types\/post"}],"author":[{"embeddable":true,"href":"https:\/\/linitiative.ca\/International\/wp-json\/wp\/v2\/users\/1763"}],"replies":[{"embeddable":true,"href":"https:\/\/linitiative.ca\/International\/wp-json\/wp\/v2\/comments?post=98984"}],"version-history":[{"count":0,"href":"https:\/\/linitiative.ca\/International\/wp-json\/wp\/v2\/posts\/98984\/revisions"}],"wp:featuredmedia":[{"embeddable":true,"href":"https:\/\/linitiative.ca\/International\/wp-json\/"}],"wp:attachment":[{"href":"https:\/\/linitiative.ca\/International\/wp-json\/wp\/v2\/media?parent=98984"}],"wp:term":[{"taxonomy":"category","embeddable":true,"href":"https:\/\/linitiative.ca\/International\/wp-json\/wp\/v2\/categories?post=98984"},{"taxonomy":"post_tag","embeddable":true,"href":"https:\/\/linitiative.ca\/International\/wp-json\/wp\/v2\/tags?post=98984"}],"curies":[{"name":"wp","href":"https:\/\/api.w.org\/{rel}","templated":true}]}}