{"id":98986,"date":"2020-09-16T10:31:42","date_gmt":"2020-09-16T14:31:42","guid":{"rendered":"https:\/\/linitiative.ca\/International\/de-la-chine-au-monde\/"},"modified":"2020-09-16T10:31:42","modified_gmt":"2020-09-16T14:31:42","slug":"de-la-chine-au-monde","status":"publish","type":"post","link":"https:\/\/linitiative.ca\/International\/de-la-chine-au-monde\/","title":{"rendered":"De la Chine au monde\u2026"},"content":{"rendered":"<p class=\"rtejustify\">Le 11 mars 2020, l\u2019Organisation mondiale de la Sant\u00e9 (OMS) qualifie l\u2019\u00e9pid\u00e9mie de Covid-19 de \u00abpand\u00e9mie\u00bb tout en estimant que le nouveau coronavirus peut \u00eatre \u00abma\u00eetris\u00e9\u00bb. Plus de 120.000 personnes ont \u00e9t\u00e9 alors officiellement contamin\u00e9es, et 4.200 en sont mortes, principalement en Chine, dans la r\u00e9gion de Wuhan. Six mois plus tard, au 10 septembre, le bilan donne le tournis: \u00ab28 millions de contaminations ont \u00e9t\u00e9 recens\u00e9es \u00e0 travers le monde, conduisant \u00e0 plus de 900.000 d\u00e9c\u00e8s\u00bb, selon un comptage r\u00e9alis\u00e9 par l\u2019AFP \u00e0 partir de donn\u00e9es officielles.<\/p>\n<p class=\"rtejustify\"><strong>\u25a0 Le virus se r\u00e9pand<\/strong><\/p>\n<div class=\"dnd-atom-wrapper type-image context-sdl_editor_representation atom-align-right\" contenteditable=\"false\">\n<div class=\"dnd-drop-wrapper\">\n<div class=\"image\"><img loading=\"lazy\" decoding=\"async\" typeof=\"foaf:Image\" class=\"img-responsive\" src=\"https:\/\/www.leconomiste.com\/sites\/default\/files\/eco7\/public\/thumbnails\/image\/virus-se-repand-044.jpg\" width=\"283\" height=\"168\" alt=\"virus-se-repand-044.jpg\" title=\"virus-se-repand-044.jpg\"\/><\/div>\n<\/div>\n<\/div>\n<p class=\"rtejustify\">D\u00e9tect\u00e9 \u00e0 Wuhan fin d\u00e9cembre, le Sars-CoV-2 s\u2019est propag\u00e9 dans le monde. Le 11 mars, lorsque la pand\u00e9mie est d\u00e9clar\u00e9e, il circule d\u00e9j\u00e0 sur les cinq continents. Plus des deux-tiers des cas recens\u00e9s depuis le d\u00e9but de la crise sont encore en Asie. C\u2019est toutefois en Europe que le virus se r\u00e9pand rapidement. La deuxi\u00e8me quinzaine de mars, plus de 80% des nouveaux cas mondiaux y sont d\u00e9tect\u00e9s. L\u2019Europe conna\u00eet sa \u00abpire\u00bb semaine du 10 au 16 avril (282.763 nouveaux cas en sept jours et 27.447 d\u00e9c\u00e8s). L\u2019\u00e9picentre de la pand\u00e9mie se d\u00e9place ensuite aux Etats-Unis, puis en Am\u00e9rique latine et dans les Cara\u00efbes. Aux Etats-Unis, apr\u00e8s New York, les Etats font face les uns apr\u00e8s les autres \u00e0 une \u00abpremi\u00e8re vague\u00bb. Le pays va jusqu\u2019\u00e0 recenser plus de 470.000 cas en une semaine fin juillet.<\/p>\n<p class=\"rtejustify\"><strong>\u25a0 L\u2019Am\u00e9rique latine \u00e9picentre<\/strong><\/p>\n<div class=\"dnd-atom-wrapper type-image context-sdl_editor_representation atom-align-right\" contenteditable=\"false\">\n<div class=\"dnd-drop-wrapper\">\n<div class=\"image\"><img loading=\"lazy\" decoding=\"async\" typeof=\"foaf:Image\" class=\"img-responsive\" src=\"https:\/\/www.leconomiste.com\/sites\/default\/files\/eco7\/public\/thumbnails\/image\/amerique-latine-epicentre-044.jpg\" width=\"283\" height=\"167\" alt=\"amerique-latine-epicentre-044.jpg\" title=\"amerique-latine-epicentre-044.jpg\"\/><\/div>\n<\/div>\n<\/div>\n<p class=\"rtejustify\">L\u2019Am\u00e9rique latine voit le nombre de cas et de d\u00e9c\u00e8s fortement augmenter \u00e0 partir de juin. La r\u00e9gion recense environ la moiti\u00e9 des nouveaux d\u00e9c\u00e8s dans le monde durant tout l\u2019\u00e9t\u00e9, jusqu\u2019\u00e0 \u00eatre aujourd\u2019hui la r\u00e9gion du monde la plus touch\u00e9e (plus de 300.000 morts et pr\u00e8s de 8 millions de contaminations). Le Moyen-Orient (1.625.285 cas, 39.038 d\u00e9c\u00e8s), l\u2019Afrique (1.323.325, 31.893) et surtout l\u2019Oc\u00e9anie (30.306, 841) restent, selon les chiffres officiellement recens\u00e9s, moins touch\u00e9s. Mais l\u2019\u00e9pid\u00e9mie repart \u00e0 la hausse en Asie, avec en moyenne 80.000 nouveaux cas d\u00e9clar\u00e9s quotidiennement, essentiellement en Inde.<\/p>\n<p class=\"rtejustify\"><strong>\u25a0 Stabilisation \u00e0 l\u2019\u00e9chelle mondiale<\/strong><br \/>Globalement, le rythme de la pand\u00e9mie semble cependant s\u2019\u00eatre stabilis\u00e9 depuis mi-ao\u00fbt, avec autour de 260.000 cas et 5.500 morts d\u00e9clar\u00e9s tous les jours \u00e0 l\u2019\u00e9chelle mondiale. Mais des disparit\u00e9s entre r\u00e9gions et pays perdurent, au point que certains craignent l\u2019arriv\u00e9e d\u2019une seconde vague. L\u2019Inde (4.465.863 cas, 75.062 d\u00e9c\u00e8s), les Etats-Unis (6.363.276, 190.873) et le Br\u00e9sil (4.197.889, 128.539) comptabilisent plus de la moiti\u00e9 des cas d\u00e9clar\u00e9s. Avec le Mexique (647.507, 69.095), ils enregistrent aussi la moiti\u00e9 des d\u00e9c\u00e8s mondiaux.<\/p>\n<p class=\"rtejustify\"><strong>\u25a0 Des r\u00e9surgences locales qui inqui\u00e8tent<\/strong><br \/>Isra\u00ebl a pass\u00e9 le cap des 1.000 morts, triplant le nombre de d\u00e9c\u00e8s dus au coronavirus pendant les mois d\u2019\u00e9t\u00e9. L\u2019Espagne a elle d\u00e9pass\u00e9 le demi-million d\u2019infections. En France, pays qui teste bien plus qu\u2019en d\u00e9but de pand\u00e9mie, le nombre de nouveaux cas recens\u00e9s quotidiennement (d\u00e9sormais plus de 7.000, soit une augmentation de 30% des nouveaux cas en une semaine) inqui\u00e8te les autorit\u00e9s. Au Moyen-Orient, l\u2019Iran continue d\u2019enregistrer autour de 2.000 nouveaux cas tous les jours. En Afrique, le Maroc observe une hausse quasi constante depuis mi-juillet (plus de 1.700 recens\u00e9s quotidiennement en moyenne sur les sept derniers jours, en hausse de 30% par rapport \u00e0 la semaine pr\u00e9c\u00e9dente).<\/p>\n<p class=\"rtejustify\"><strong>\u25a0 De rares territoires \u00e9pargn\u00e9s<\/strong><\/p>\n<div class=\"dnd-atom-wrapper type-image context-sdl_editor_representation atom-align-right\" contenteditable=\"false\">\n<div class=\"dnd-drop-wrapper\">\n<div class=\"image\"><img loading=\"lazy\" decoding=\"async\" typeof=\"foaf:Image\" class=\"img-responsive\" src=\"https:\/\/www.leconomiste.com\/sites\/default\/files\/eco7\/public\/thumbnails\/image\/territoires-epargnes-044.jpg\" width=\"283\" height=\"149\" alt=\"territoires-epargnes-044.jpg\" title=\"territoires-epargnes-044.jpg\"\/><\/div>\n<\/div>\n<\/div>\n<p class=\"rtejustify\">Certains pays n\u2019ont \u00e0 l\u2019inverse plus recens\u00e9 de nouveaux cas depuis plusieurs semaines comme Macao et le Laos en Asie, ou le petit archipel des Palaos en Oc\u00e9anie. La Chine n\u2019a annonc\u00e9 officiellement aucun nouveau d\u00e9c\u00e8s depuis la mi-mai et n\u2019enregistre quotidiennement plus qu\u2019une dizaine de nouvelles infections. Le Vatican fait lui figure d\u2019exception en Europe avec uniquement 12 infections d\u00e9clar\u00e9es, la derni\u00e8re remontant \u00e0 d\u00e9but mai. Une poign\u00e9e d\u2019Etats dans le monde assurent avoir \u00e9chapp\u00e9 \u00e0 la pand\u00e9mie, parmi lesquels le Turkm\u00e9nistan (qui fait toutefois face selon l\u2019OMS \u00e0 une mont\u00e9e inqui\u00e9tante des cas de pneumonie), la Cor\u00e9e du Nord &#8211; qui n\u2019a jamais confirm\u00e9 un cas jug\u00e9 \u00absuspect\u00bb fin juillet &#8211; et des \u00eeles isol\u00e9es du Pacifique.<\/p>\n<p class=\"rtejustify\"><em>F.Z.T. (Photos AFP)<\/em><\/p>\n<p class=\"rtejustify\">\u00a0<\/p>\n<p>Auteur: hlafriqi<br \/>\n<a href=\"https:\/\/www.leconomiste.com\/article\/1067262-de-la-chine-au-monde\">Cliquez ici pour lire l&rsquo;article depuis sa source.<\/a><\/p>\n","protected":false},"excerpt":{"rendered":"<p>Le 11 mars 2020, l\u2019Organisation mondiale de la Sant\u00e9 (OMS) qualifie l\u2019\u00e9pid\u00e9mie de Covid-19 de \u00abpand\u00e9mie\u00bb tout en estimant que le nouveau coronavirus peut \u00eatre \u00abma\u00eetris\u00e9\u00bb. Plus de 120.000 personnes ont \u00e9t\u00e9 alors officiellement contamin\u00e9es, et 4.200 en sont mortes, principalement en Chine, dans la r\u00e9gion de Wuhan. Six mois plus tard, au 10 septembre, [&hellip;]<\/p>\n","protected":false},"author":1763,"featured_media":98987,"comment_status":"closed","ping_status":"closed","sticky":false,"template":"","format":"standard","meta":{"fifu_image_url":"","fifu_image_alt":"","footnotes":""},"categories":[78,54],"tags":[],"class_list":["post-98986","post","type-post","status-publish","format-standard","has-post-thumbnail","hentry","category-economie","category-maroc"],"_links":{"self":[{"href":"https:\/\/linitiative.ca\/International\/wp-json\/wp\/v2\/posts\/98986","targetHints":{"allow":["GET"]}}],"collection":[{"href":"https:\/\/linitiative.ca\/International\/wp-json\/wp\/v2\/posts"}],"about":[{"href":"https:\/\/linitiative.ca\/International\/wp-json\/wp\/v2\/types\/post"}],"author":[{"embeddable":true,"href":"https:\/\/linitiative.ca\/International\/wp-json\/wp\/v2\/users\/1763"}],"replies":[{"embeddable":true,"href":"https:\/\/linitiative.ca\/International\/wp-json\/wp\/v2\/comments?post=98986"}],"version-history":[{"count":0,"href":"https:\/\/linitiative.ca\/International\/wp-json\/wp\/v2\/posts\/98986\/revisions"}],"wp:featuredmedia":[{"embeddable":true,"href":"https:\/\/linitiative.ca\/International\/wp-json\/"}],"wp:attachment":[{"href":"https:\/\/linitiative.ca\/International\/wp-json\/wp\/v2\/media?parent=98986"}],"wp:term":[{"taxonomy":"category","embeddable":true,"href":"https:\/\/linitiative.ca\/International\/wp-json\/wp\/v2\/categories?post=98986"},{"taxonomy":"post_tag","embeddable":true,"href":"https:\/\/linitiative.ca\/International\/wp-json\/wp\/v2\/tags?post=98986"}],"curies":[{"name":"wp","href":"https:\/\/api.w.org\/{rel}","templated":true}]}}