{"id":98988,"date":"2020-09-16T12:00:00","date_gmt":"2020-09-16T16:00:00","guid":{"rendered":"https:\/\/linitiative.ca\/International\/karim-aribi-a-nimes-cest-fait\/"},"modified":"2020-09-16T12:00:00","modified_gmt":"2020-09-16T16:00:00","slug":"karim-aribi-a-nimes-cest-fait","status":"publish","type":"post","link":"https:\/\/linitiative.ca\/International\/karim-aribi-a-nimes-cest-fait\/","title":{"rendered":"Karim Aribi \u00e0 N\u00eemes, c\u2019est fait !"},"content":{"rendered":"<p class=\"p1 c4\"><span class=\"c3\"><span class=\"c2\">Le passage de l\u2019attaquant alg\u00e9rien de l\u2019Etoile Karim Aribi est quasiment scell\u00e9, puisque les diff\u00e9rentes parties se sont mises d\u2019accord sur pratiquement sur tous les d\u00e9tails et les modalit\u00e9s permettant le transfert du meilleur buteur de l\u2019actuelle \u00e9dition de la ligue des champions avec 10 r\u00e9alisations chez les Crocodiles- surnom de la formation de N\u00eemes Olympique. L\u2019int\u00e9ress\u00e9 n\u2019attend plus que le visa lui permettant de se rendre en France pour entamer sa nouvelle aventure avec son nouveau club. L\u2019information a m\u00eame \u00e9t\u00e9 relay\u00e9e \u00e0 travers les m\u00e9dias fran\u00e7ais qui confirment que le d\u00e9sormais ex-soci\u00e9taire de l\u2019Etoile du sahel est attendu en d\u00e9but de la semaine prochaine \u00e0 N\u00eemes. <span class=\"Apple-converted-space\">\u00a0<\/span><\/span><\/span><\/p>\n<p class=\"p1 c4\"><span class=\"c3\"><span class=\"c2\">On \u00e9voque une transaction de 800 mille euros avec 20% au profit de l\u2019Etoile en cas de revente du joueur pour un autre club.<span class=\"Apple-converted-space\">\u00a0<\/span><\/span><\/span><\/p>\n<p class=\"p1 c4\"><span class=\"c3\"><span class=\"c2\">De plus, le club n\u00eemois s\u2019est engag\u00e9 \u00e0 payer la prime de formation du club alg\u00e9rien formateur de Karim Aribi.<\/span><\/span><\/p>\n<p class=\"p1 c4\"><span class=\"c3\"><span class=\"c2\">A noter que ce dernier a d\u00e9clin\u00e9 une offre plus int\u00e9ressante \u2013 on parle du double du montant propos\u00e9 par le club fran\u00e7ais- \u00e9manant d\u2019une \u00e9curie qatarie, pr\u00e9f\u00e9rant brosser une carri\u00e8re europ\u00e9enne et privil\u00e9giant ainsi le challenge sportif au d\u00e9triment de l\u2019aspect financier.<span class=\"Apple-converted-space\">\u00a0<\/span><\/span><\/span><\/p>\n<p class=\"p2 c5\">\u00a0<\/p>\n<p class=\"p3 c6\"><span class=\"c3\"><span class=\"c2\">3 millions d\u2019euros,<span class=\"Apple-converted-space\">\u00a0<\/span><\/span><\/span><\/p>\n<p class=\"p3 c6\"><span class=\"c3\"><span class=\"c2\">clause lib\u00e9ratoire<span class=\"Apple-converted-space\">\u00a0<\/span><\/span><\/span><\/p>\n<p class=\"p3 c6\"><span class=\"c3\"><span class=\"c2\">de Mahmoud Saber !<\/span><\/span><\/p>\n<p class=\"p1 c4\"><span class=\"c3\"><span class=\"c2\">L\u2019Etoile du sahel vient de concr\u00e9tiser depuis quelques jours son premier recrutement pour la nouvelle saison 2020-2021, en l\u2019occurrence du jeune international \u00e9gyptien appartenant \u00e0 Al Ahly Mahmoud Saber(18ans), surnomm\u00e9 le nouveau Mohamed Salah.<\/span><\/span><\/p>\n<p class=\"p1 c4\"><span class=\"c3\"><span class=\"c2\">La nouvelle recrue \u00e9toil\u00e9e vient d\u2019\u00e9voquer sur les ondes d\u2019une radio \u00e9gyptienne les p\u00e9rip\u00e9ties de son passage au club sah\u00e9lien et de son refus de poursuivre son parcours avec Al Ahly \u00ab Je suis tr\u00e8s ravi d\u2019avoir sign\u00e9 \u00e0 l\u2019Etoile du Sahel, un t\u00e9nor du championnat tunisien et du continent africain au palmar\u00e8s \u00e9loquent, au sein duquel j\u2019ai \u00e9t\u00e9 tr\u00e8s bien accueilli par toutes les composantes du club : dirigeants, joueurs, supporters. Autant de raisons qui m\u2019on pouss\u00e9 \u00e0 signer un bail de 5ans avec l\u2019ESS, assorti d\u2019une clause lib\u00e9ratoire \u00e9valu\u00e9e \u00e0 3 millions d\u2019euros \u00bb.<\/span><\/span><\/p>\n<p class=\"p1 c4\"><span class=\"c3\"><span class=\"c2\">La jeune p\u00e9pite \u00e9gyptienne Mahmoud Saber est \u00e9galement revenue sur son \u00ab surprenant \u00bb refus de poursuivre son aventure avec un club aussi hupp\u00e9 qu\u2019Al Ahly \u00ab J\u2019ai refus\u00e9 de prolonger mon aventure avec Al Ahly parce que ses dirigeants m\u2019ont demand\u00e9 de signer un contrat en blanc sans la moindre condition ou notification aff\u00e9rente \u00e0 mes \u00e9moluments ! \u00bb.<\/span><\/span><\/p>\n<p class=\"p1 c4\"><span class=\"c3\"><span class=\"c2\">Il faut avouer que la clause lib\u00e9ratoire colossale \u00e9valu\u00e9e \u00e0 3 millions d\u2019euros par la partie sah\u00e9lienne, est dict\u00e9e par la conviction des dirigeants \u00e9toil\u00e9s par rapport aux qualit\u00e9s ind\u00e9niables de Mahmoud Saber lui permettant d\u2019avoir une valeur marchande aussi \u00e9lev\u00e9e.<\/span><\/span><\/p>\n<p class=\"p4 c7\"><span class=\"c3\"><span class=\"c2\">Hatem REGAIEG<\/span><\/span><\/p>\n<p>Auteur: letemps1<br \/>\n<a href=\"http:\/\/www.letemps.com.tn\/article\/117067\/karim-aribi-%C3%A0-n%C3%AEmes-c%E2%80%99est-fait\">Cliquez ici pour lire l&rsquo;article depuis sa source.<\/a><\/p>\n","protected":false},"excerpt":{"rendered":"<p>Le passage de l\u2019attaquant alg\u00e9rien de l\u2019Etoile Karim Aribi est quasiment scell\u00e9, puisque les diff\u00e9rentes parties se sont mises d\u2019accord sur pratiquement sur tous les d\u00e9tails et les modalit\u00e9s permettant le transfert du meilleur buteur de l\u2019actuelle \u00e9dition de la ligue des champions avec 10 r\u00e9alisations chez les Crocodiles- surnom de la formation de N\u00eemes [&hellip;]<\/p>\n","protected":false},"author":1773,"featured_media":0,"comment_status":"closed","ping_status":"closed","sticky":false,"template":"","format":"standard","meta":{"fifu_image_url":"","fifu_image_alt":"","footnotes":""},"categories":[73,55],"tags":[],"class_list":["post-98988","post","type-post","status-publish","format-standard","hentry","category-actualite","category-tunisie"],"_links":{"self":[{"href":"https:\/\/linitiative.ca\/International\/wp-json\/wp\/v2\/posts\/98988","targetHints":{"allow":["GET"]}}],"collection":[{"href":"https:\/\/linitiative.ca\/International\/wp-json\/wp\/v2\/posts"}],"about":[{"href":"https:\/\/linitiative.ca\/International\/wp-json\/wp\/v2\/types\/post"}],"author":[{"embeddable":true,"href":"https:\/\/linitiative.ca\/International\/wp-json\/wp\/v2\/users\/1773"}],"replies":[{"embeddable":true,"href":"https:\/\/linitiative.ca\/International\/wp-json\/wp\/v2\/comments?post=98988"}],"version-history":[{"count":0,"href":"https:\/\/linitiative.ca\/International\/wp-json\/wp\/v2\/posts\/98988\/revisions"}],"wp:attachment":[{"href":"https:\/\/linitiative.ca\/International\/wp-json\/wp\/v2\/media?parent=98988"}],"wp:term":[{"taxonomy":"category","embeddable":true,"href":"https:\/\/linitiative.ca\/International\/wp-json\/wp\/v2\/categories?post=98988"},{"taxonomy":"post_tag","embeddable":true,"href":"https:\/\/linitiative.ca\/International\/wp-json\/wp\/v2\/tags?post=98988"}],"curies":[{"name":"wp","href":"https:\/\/api.w.org\/{rel}","templated":true}]}}