{"id":98990,"date":"2020-09-16T12:00:00","date_gmt":"2020-09-16T16:00:00","guid":{"rendered":"https:\/\/linitiative.ca\/International\/dridi-attend-den-savoir-plus-sur-son-avenir\/"},"modified":"2020-09-16T12:00:00","modified_gmt":"2020-09-16T16:00:00","slug":"dridi-attend-den-savoir-plus-sur-son-avenir","status":"publish","type":"post","link":"https:\/\/linitiative.ca\/International\/dridi-attend-den-savoir-plus-sur-son-avenir\/","title":{"rendered":"Dridi attend d\u2019en savoir plus sur son avenir"},"content":{"rendered":"<p class=\"p1 c3\"><span class=\"c2\">Le Club Africain ne prendra pas part \u00e0 la coupe de la CAF et l\u2019objectif vis\u00e9 par les responsables apr\u00e8s le confinement n\u2019a pas \u00e9t\u00e9 atteint. La d\u00e9faite conc\u00e9d\u00e9e devant l\u2019Etoile du Sahel lors de la derni\u00e8re journ\u00e9e n\u2019a pas arrang\u00e9 les choses. La cinqui\u00e8me place au classement g\u00e9n\u00e9ral obligera les responsables clubistes \u00e0 revoir leurs ambitions \u00e0 la baisse. Ceci ne semble pas dissuader Abdessalem El Younsi qui a entam\u00e9 son mercato d\u2019intersaison en recrutant le soci\u00e9taire du CS Constantine Houcine Ben Ayada. Le pr\u00e9sident clubiste n\u2019a pas l\u2019intention de se contenter de ce renfort puisqu\u2019il est question d\u2019autres recrutements avec une priorit\u00e9 pour l\u2019\u00e9cole alg\u00e9rienne. Quoi qu\u2019il en soit, et avant de continuer dans ce sens, il est imp\u00e9ratif pour Abdessalem El Younsi de se d\u00e9cider sur la composition du staff technique pour la prochaine saison. Il doit le faire par correction et honn\u00eatet\u00e9 intellectuelle envers Lassaad Dridi qui a r\u00e9ussi \u00e0 bien faire malgr\u00e9 une conjoncture difficile.<\/span><\/p>\n<p class=\"p2 c4\">\u00a0<\/p>\n<p class=\"p3 c5\"><span class=\"c2\"><strong>D\u00e9cision imminente<\/strong><\/span><\/p>\n<p class=\"p1 c3\"><span class=\"c2\">Lassaad Dridi a accord\u00e9 un repos de dix jours aux joueurs avant de reprendre les entra\u00eenements en pr\u00e9vision d\u2019une saison que les clubistes veulent particuli\u00e8re. Nous ne savons pas toutefois quelle sera la composition du nouveau staff technique. Quelles sont les intentions d\u2019El Younsi et le verra-t-on confirmer Lassaad Dridi \u00e0 son poste pour le prochain exercice\u00a0? On sait que les deux parties se r\u00e9uniront dans les prochaines heures pour en parler. Une chose est sure, aucun autre technicien, autre que Lassaad Dridi n\u2019aurait termin\u00e9 la saison \u00e0 la t\u00eate du club Africain. Le technicien clubiste a cumul\u00e9 les fonctions puisqu\u2019il fut, tour \u00e0 tour, technicien, n\u00e9gociateur, psychologue\u2026 Il l\u2019a fait sans percevoir son salaire pendant desmois. Un d\u00e9vouement sans faille qui risque de ne pas \u00eatre payant pour Dridi puisque certains clubistes font tout leur possible pour l\u2019\u00e9jecter de son poste.<\/span><\/p>\n<p class=\"p2 c4\">\u00a0<\/p>\n<p class=\"p3 c5\"><span class=\"c2\"><strong>Un d\u00e9fenseur du WAC pist\u00e9<\/strong><\/span><\/p>\n<p class=\"p1 c3\"><span class=\"c2\">Outre l\u2019\u00e9cole alg\u00e9rienne, Abdessalem El Younsi pense \u00e9galement au Maroc et au d\u00e9fenseur du WAC, \u00e0 savoir le d\u00e9fenseur axial Cheikh Ibrahim Camara. Il s\u2019agit d\u2019un ivoirien de 27 ans qui \u00e9volue dans la formation marocaine depuis 2017.<\/span><\/p>\n<p class=\"p2 c4\">\u00a0<\/p>\n<p class=\"p3 c5\"><span class=\"c2\"><strong>Qui fait quoi\u00a0?<\/strong><\/span><\/p>\n<p class=\"p1 c3\"><span class=\"c2\">Le Club Africain est une \u00e9nigme que les clubistes les plus avertis n\u2019arrivent pas \u00e0 \u00e9lucider. Voil\u00e0 un club interdit de recrutement qui n\u2019arrive pas \u00e0 payer ses joueurs composants l\u2019effectif actuel, son entra\u00eeneur qui n\u2019a pas per\u00e7u le moindre salaire depuis des mois et les autres disciplines qui sont dans une situation encore plus difficile que celle du football et qui recrute des joueurs sans se soucier de quoi que ce soit. Depuis la signature du contrat de sponsorisation avec Qatar Airways, tout porte \u00e0 croire que les vieux r\u00e9flexes sont revenus. On entend par vieux r\u00e9flexes, les interm\u00e9diaires ou pseudos agents qui sont pour beaucoup dans la situation financi\u00e8re actuelle du club. Le mercato du Club Africain s\u2019annonce anim\u00e9 et pourtant, nous n\u2019avons pas encore entendude dossiers de la FIFA Clos d\u00e9finitivement. A croire que l\u2019argent du nouveau sponsor est in\u00e9puisable. Ce qui est loin d\u2019\u00eatre le cas. Allez comprendre\u00a0!<\/span><\/p>\n<p class=\"p4 c6\"><span class=\"c2\"><strong>Mourad AYARI<\/strong><\/span><\/p>\n<p>Auteur: letemps1<br \/>\n<a href=\"http:\/\/www.letemps.com.tn\/article\/117069\/dridi-attend-d%E2%80%99en-savoir-plus-sur-son-avenir\">Cliquez ici pour lire l&rsquo;article depuis sa source.<\/a><\/p>\n","protected":false},"excerpt":{"rendered":"<p>Le Club Africain ne prendra pas part \u00e0 la coupe de la CAF et l\u2019objectif vis\u00e9 par les responsables apr\u00e8s le confinement n\u2019a pas \u00e9t\u00e9 atteint. La d\u00e9faite conc\u00e9d\u00e9e devant l\u2019Etoile du Sahel lors de la derni\u00e8re journ\u00e9e n\u2019a pas arrang\u00e9 les choses. La cinqui\u00e8me place au classement g\u00e9n\u00e9ral obligera les responsables clubistes \u00e0 revoir [&hellip;]<\/p>\n","protected":false},"author":1773,"featured_media":0,"comment_status":"closed","ping_status":"closed","sticky":false,"template":"","format":"standard","meta":{"fifu_image_url":"","fifu_image_alt":"","footnotes":""},"categories":[73,55],"tags":[],"class_list":["post-98990","post","type-post","status-publish","format-standard","hentry","category-actualite","category-tunisie"],"_links":{"self":[{"href":"https:\/\/linitiative.ca\/International\/wp-json\/wp\/v2\/posts\/98990","targetHints":{"allow":["GET"]}}],"collection":[{"href":"https:\/\/linitiative.ca\/International\/wp-json\/wp\/v2\/posts"}],"about":[{"href":"https:\/\/linitiative.ca\/International\/wp-json\/wp\/v2\/types\/post"}],"author":[{"embeddable":true,"href":"https:\/\/linitiative.ca\/International\/wp-json\/wp\/v2\/users\/1773"}],"replies":[{"embeddable":true,"href":"https:\/\/linitiative.ca\/International\/wp-json\/wp\/v2\/comments?post=98990"}],"version-history":[{"count":0,"href":"https:\/\/linitiative.ca\/International\/wp-json\/wp\/v2\/posts\/98990\/revisions"}],"wp:attachment":[{"href":"https:\/\/linitiative.ca\/International\/wp-json\/wp\/v2\/media?parent=98990"}],"wp:term":[{"taxonomy":"category","embeddable":true,"href":"https:\/\/linitiative.ca\/International\/wp-json\/wp\/v2\/categories?post=98990"},{"taxonomy":"post_tag","embeddable":true,"href":"https:\/\/linitiative.ca\/International\/wp-json\/wp\/v2\/tags?post=98990"}],"curies":[{"name":"wp","href":"https:\/\/api.w.org\/{rel}","templated":true}]}}