{"id":98991,"date":"2020-09-16T12:30:00","date_gmt":"2020-09-16T16:30:00","guid":{"rendered":"https:\/\/linitiative.ca\/International\/mon-fils-a-attrape-le-covid-19\/"},"modified":"2020-09-16T12:30:00","modified_gmt":"2020-09-16T16:30:00","slug":"mon-fils-a-attrape-le-covid-19","status":"publish","type":"post","link":"https:\/\/linitiative.ca\/International\/mon-fils-a-attrape-le-covid-19\/","title":{"rendered":"\u00abMon fils a attrap\u00e9 le Covid-19\u00bb"},"content":{"rendered":"<p class=\"p1 c3\"><span class=\"c2\">Alors qu\u2019il devrait quitter le Ahli SC pour rejoindre l\u2019une des formations qui le courtis\u00e9, l\u2019international alg\u00e9rien, Youcef Belaili aurait d\u00e9cid\u00e9 de rester en Arabie Saoudite et honorer son contrat jusqu\u2019au bout, sachant que le joueur est li\u00e9 avec son club jusqu\u2019en 2022.<\/span><\/p>\n<p class=\"p1 c3\"><span class=\"c2\">En effet, lundi, et lors d\u2019une intervention dans une \u00e9mission sportive diffus\u00e9e sur la chaine saoudienne,\u00a0\u00a0Saoudia Sport\u00a0, Hafid Belaili, le p\u00e8re et agent de l\u2019international alg\u00e9rien a fait savoir que son fils\u00a0\u00ab veut rester avec le Ahli Djeddah et qu\u2019il n\u2019a nullement l\u2019intention de partir. Youcef veut honorer son contrat avec son \u00e9quipe \u00bb.<\/span><\/p>\n<p class=\"p1 c3\"><span class=\"c2\">Hafid Beliali a donn\u00e9 aussi une explication au refus de son fils de prendre l\u2019avion envoy\u00e9 par son club,\u00a0\u00ab Mon fils a attrap\u00e9 le COVID-19 ce qui a fait qu\u203ail n\u203aest pas parvenu \u00e0 rejoindre son \u00e9quipe en Arabie Saoudite, maintenant tout est rentr\u00e9 dans l\u203aordre \u00bb.<\/span><\/p>\n<p class=\"p1 c3\"><span class=\"c2\">Une sortie tr\u00e8s controvers\u00e9e car quelques jours auparavant, il a indiqu\u00e9 \u00e0 la presse saoudienne que Belaili est proche de s\u2019engager avec le Ahly du Caire afin de remplacer Ramadan Sobhi.<\/span><\/p>\n<p class=\"p1 c3\"><span class=\"c2\">Il est utile de rappeler que les<span class=\"Apple-converted-space\">\u00a0<\/span> Tunisiens de l\u2019Esp\u00e9rance et les Egyptiens du Ahly et de Pyramids sont les trois<span class=\"Apple-converted-space\">\u00a0<\/span> principales formations qui se sont manifest\u00e9es officiellement pour l\u2019enr\u00f4ler.<\/span><\/p>\n<p>Auteur: letemps1<br \/>\n<a href=\"http:\/\/www.letemps.com.tn\/article\/117070\/%C2%ABmon-fils-attrap%C3%A9-le-covid-19%C2%BB\">Cliquez ici pour lire l&rsquo;article depuis sa source.<\/a><\/p>\n","protected":false},"excerpt":{"rendered":"<p>Alors qu\u2019il devrait quitter le Ahli SC pour rejoindre l\u2019une des formations qui le courtis\u00e9, l\u2019international alg\u00e9rien, Youcef Belaili aurait d\u00e9cid\u00e9 de rester en Arabie Saoudite et honorer son contrat jusqu\u2019au bout, sachant que le joueur est li\u00e9 avec son club jusqu\u2019en 2022. En effet, lundi, et lors d\u2019une intervention dans une \u00e9mission sportive diffus\u00e9e [&hellip;]<\/p>\n","protected":false},"author":1773,"featured_media":0,"comment_status":"closed","ping_status":"closed","sticky":false,"template":"","format":"standard","meta":{"fifu_image_url":"","fifu_image_alt":"","footnotes":""},"categories":[73,55],"tags":[],"class_list":["post-98991","post","type-post","status-publish","format-standard","hentry","category-actualite","category-tunisie"],"_links":{"self":[{"href":"https:\/\/linitiative.ca\/International\/wp-json\/wp\/v2\/posts\/98991","targetHints":{"allow":["GET"]}}],"collection":[{"href":"https:\/\/linitiative.ca\/International\/wp-json\/wp\/v2\/posts"}],"about":[{"href":"https:\/\/linitiative.ca\/International\/wp-json\/wp\/v2\/types\/post"}],"author":[{"embeddable":true,"href":"https:\/\/linitiative.ca\/International\/wp-json\/wp\/v2\/users\/1773"}],"replies":[{"embeddable":true,"href":"https:\/\/linitiative.ca\/International\/wp-json\/wp\/v2\/comments?post=98991"}],"version-history":[{"count":0,"href":"https:\/\/linitiative.ca\/International\/wp-json\/wp\/v2\/posts\/98991\/revisions"}],"wp:attachment":[{"href":"https:\/\/linitiative.ca\/International\/wp-json\/wp\/v2\/media?parent=98991"}],"wp:term":[{"taxonomy":"category","embeddable":true,"href":"https:\/\/linitiative.ca\/International\/wp-json\/wp\/v2\/categories?post=98991"},{"taxonomy":"post_tag","embeddable":true,"href":"https:\/\/linitiative.ca\/International\/wp-json\/wp\/v2\/tags?post=98991"}],"curies":[{"name":"wp","href":"https:\/\/api.w.org\/{rel}","templated":true}]}}