{"id":99003,"date":"2020-09-15T20:00:00","date_gmt":"2020-09-16T00:00:00","guid":{"rendered":"https:\/\/linitiative.ca\/International\/liste-des-chefs-de-daira-concernes-par-le-mouvement-de-cessation-de-fonctions\/"},"modified":"2020-09-15T20:00:00","modified_gmt":"2020-09-16T00:00:00","slug":"liste-des-chefs-de-daira-concernes-par-le-mouvement-de-cessation-de-fonctions","status":"publish","type":"post","link":"https:\/\/linitiative.ca\/International\/liste-des-chefs-de-daira-concernes-par-le-mouvement-de-cessation-de-fonctions\/","title":{"rendered":"Liste des chefs de da\u00efra concern\u00e9s par le mouvement de cessation de fonctions"},"content":{"rendered":"<p>Voici la liste des chefs de da\u00efra concern\u00e9s\u00a0 par le mouvement de cessation de fonctions, op\u00e9r\u00e9 lundi par le pr\u00e9sident de la R\u00e9publique, M. Abdelmadjid Tebboune, telle que communiqu\u00e9e, hier, par la pr\u00e9sidence de la R\u00e9publique :<\/p>\n<p>&#8211; Laallam Rida (da\u00efra Cherouine &#8211; Adrar)\u00a0<br \/>&#8211; Yahia Slimane (da\u00efra Fenoughil &#8211; Adrar) \u00a0<br \/>&#8211; Nedjari M&rsquo;hamed (da\u00efra Taougrit &#8211; Chlef) \u00a0<br \/>&#8211; Habri Mohamed (da\u00efra Beni Haoua &#8211; Chlef) \u00a0<br \/>&#8211; Lasfar Slimane (da\u00efra Zeboudja &#8211; Chlef) \u00a0<br \/>&#8211; Cherfaoui Youcef (da\u00efra Abou El Hacene &#8211; Chlef) \u00a0<br \/>&#8211; Cherifi Ghouti (da\u00efra A\u00efn Merane &#8211; Chlef) \u00a0<br \/>&#8211; Rezaimia Zohir (da\u00efra Oum El Bouaghi &#8211; Oum El Bouaghi) \u00a0<br \/>&#8211; Mahiddine Bouchra (da\u00efra Fkirina &#8211; Oum El Bouaghi) \u00a0<br \/>&#8211; Laidani Elies (da\u00efra Djezar &#8211; Batna)\u00a0 \u00a0<br \/>&#8211; Ibriche Mohamed Arezki (da\u00efra Amizour &#8211; B\u00e9ja\u00efa) \u00a0<br \/>&#8211; Berediafe Bourahla Salem (da\u00efra Adekar &#8211; B\u00e9ja\u00efa) \u00a0<br \/>&#8211; Aliane Makhlouf (da\u00efra Berbacha &#8211; B\u00e9ja\u00efa) \u00a0<br \/>&#8211; Tassigabouamza Mohammed (da\u00efra Kherrata &#8211; B\u00e9ja\u00efa)<br \/>&#8211; Bakbak Abderrahmane (da\u00efra Tabelbala &#8211; B\u00e9char)<br \/>&#8211; Sebia Sadek (da\u00efra Oued El Alleug &#8211; Blida)<br \/>&#8211; Chater Ibrahim (da\u00efra de Larba\u00e2 &#8211; Blida)<br \/>&#8211; Briki Arezki (da\u00efra Kadiria &#8211; Bouira)<br \/>&#8211; Abdi Ahmed (da\u00efra Bordj Oukhriss &#8211; Bouira)<br \/>&#8211; A\u00eft Ali Meziane (da\u00efra Becheloul &#8211; Bouira)<br \/>&#8211; Akliouat Mohamed Akli (da\u00efra Tamanrasset &#8211; Tamanrasset)\u00a0\u00a0 \u00a0<br \/>&#8211; Basalah Hamza (da\u00efra In Ghar &#8211; Tamanrasset)<br \/>&#8211; Benbarka Mohamed Abdelkader (da\u00efra In Guezzam &#8211; Tamanrasset)<br \/>&#8211; Bouchouit Ahmed (da\u00efra Tin Zaouatine &#8211; Tamanrasset)<br \/>&#8211; Zeroual Ferhi (da\u00efra Bir El Ater &#8211; T\u00e9bessa)<br \/>&#8211; Rahal Abderrazek (da\u00efra Chr\u00e9a &#8211; T\u00e9besssa)<br \/>&#8211; Attik Noureddine (da\u00efra Nigrine &#8211; T\u00e9bessa)<br \/>&#8211; Ben Ali Ch\u00e9rif Belkacem (da\u00efra Oum Ali &#8211; T\u00e9bessa)<br \/>&#8211; Benaddane Kouider (da\u00efra Tlemcen &#8211; Tlemcen)<br \/>&#8211; Sma\u00efl Ma\u00e2mar (da\u00efra Remchi &#8211; Tlemcen)<br \/>&#8211; Belarouci Amina (da\u00efra Fellaoucene &#8211; Tlemcen)<br \/>&#8211; Abdeli Messaoud (da\u00efra Bensekrane &#8211; Tlemcen)<br \/>&#8211; Bouacha Benamar (da\u00efra Sebdou &#8211; Tlemcen)<br \/>&#8211; Hattab Noureddine (da\u00efra Beni Boussa\u00efd &#8211; Tlemcen)<br \/>&#8211; Derbal Mohamed El Amine (da\u00efra Mersa Ben M&rsquo;hidi &#8211; Tlemcen)<br \/>&#8211; Safi Salah (da\u00efra Chetouane &#8211; Tlemcen)<br \/>&#8211; Benyoucef Boutkhil (da\u00efra Mansourah &#8211; Tlemcen)<br \/>&#8211; Gacemi Mohamed (da\u00efra Tiaret &#8211; Tiaret)<br \/>&#8211; Hadjou Djamel Eddine (da\u00efra Rahouia &#8211; Tiaret)<br \/>&#8211; Boudia Belkacem (da\u00efra Meghila &#8211; Tiaret)<br \/>&#8211; Bourkaib Ch\u00e9rif (da\u00efra Frenda &#8211; Tiaret)<br \/>&#8211; Adjal Amar (da\u00efra Hamadia &#8211; Tiaret)<br \/>&#8211; Tabet Abdelmadjid (da\u00efra Dra\u00e2 El Mizane &#8211; Tizi Ouzou)<br \/>&#8211; Moussouni Omar (da\u00efra Mekla &#8211; Tizi Ouzou)<br \/>&#8211; Boudoukha Kheir (da\u00efra Berine &#8211; Djelfa)<br \/>&#8211; Mahdjoubi Salah (da\u00efra Charef &#8211; Djelfa)<br \/>&#8211; Boumezbeur Fodhil (da\u00efra Taher &#8211; Jijel)<br \/>&#8211; Belouar Nacer Eddine (da\u00efra Milia &#8211; Jijel)<br \/>&#8211; Sahraoui Nacer Eddine (da\u00efra Setara &#8211; Jijel)<br \/>&#8211; Khelifi Hamou (da\u00efra Texana &#8211; Jijel)<br \/>&#8211; Terraf Ahmed (da\u00efra d&rsquo;El Eulma &#8211; S\u00e9tif)<br \/>&#8211; Menacer Boussad (da\u00efra de Beni Aziz &#8211; S\u00e9tif)<br \/>&#8211; Takbou Youcef (da\u00efra Beni Ouartilene &#8211; S\u00e9tif)<br \/>&#8211; Brachene Mohamed Tahar (da\u00efra Bouga\u00e2 &#8211; S\u00e9tif)<br \/>&#8211; Bouanini Abdellah (da\u00efra Ouled Brahim &#8211; Sa\u00efda)<br \/>&#8211; Smahi Mohamed (da\u00efra Skikda &#8211; Skikda)<br \/>&#8211; Sa\u00e2di Abdelkader (da\u00efra Sidi Bel-Abb\u00e8s &#8211; Sidi Bel-Abb\u00e8s)<br \/>&#8211; Gherbi Salem (da\u00efra Mostefa Ben Brahim &#8211; Sidi Bel-Abb\u00e8s)<br \/>&#8211; Chahet Rachid (da\u00efra d&rsquo;Annaba &#8211; Annaba)<br \/>&#8211; Zeribit Mohamed Seghir (da\u00efra Berrahel &#8211; Annaba)<br \/>&#8211; Assas Rachid (da\u00efra Guelma &#8211; Guelma)<br \/>&#8211; Antri Azzedine (da\u00efra Constantine &#8211; Constantine)<br \/>&#8211; Boutaoui Alloua (da\u00efra d&rsquo;A\u00efn Abid &#8211; Constantine)<br \/>&#8211; Hanafi Mokhtar (da\u00efra El Oumaria &#8211; M\u00e9d\u00e9a)<br \/>&#8211; Si Tayeb Alay Eddine (da\u00efra d&rsquo;Azziz &#8211; M\u00e9d\u00e9a)<br \/>&#8211; Bedjekina Slimane (da\u00efra Souagui &#8211; M\u00e9d\u00e9a)<br \/>&#8211; Oufferoukh Mohand El Hocine (da\u00efra Ksar El\u2008Boukhari &#8211; M\u00e9d\u00e9a)<br \/>&#8211; Rahmouni Mohamed (da\u00efra Ouamri &#8211; M\u00e9d\u00e9a)<br \/>&#8211; Khalfa Abdelkader (da\u00efra Seghouane &#8211; M\u00e9d\u00e9a)<br \/>&#8211; Houas Mahieddine (da\u00efra Tablat &#8211; M\u00e9d\u00e9a)<br \/>&#8211; Djari Hassan (da\u00efra Mostaganem &#8211; Mostaganem)<br \/>&#8211; Hamed Djelloul (da\u00efra Kheireddine &#8211; Mostaganem)<br \/>&#8211; Moussa Ahmed (da\u00efra Sidi Lakhdar &#8211; Mostaganem)<br \/>&#8211; Azeb Belkacem (da\u00efra Acha\u00e2cha &#8211; Mostaganem)<br \/>&#8211; Zemirline Ali (da\u00efra M&rsquo;sila &#8211; M&rsquo;sila)<br \/>&#8211; Guerzou Yahia (da\u00efra Hammam Dhala\u00e2 &#8211; M&rsquo;sila)<br \/>&#8211; Telli Amar (da\u00efra Chellal &#8211; M&rsquo;sila)<br \/>&#8211; Legra Djamel (da\u00efra Medjedel &#8211; M&rsquo;sila)<br \/>&#8211; Bouzina Kouidar (da\u00efra Djebel Messa\u00e2d &#8211; M&rsquo;sila)<br \/>&#8211; Guendil Nasser (da\u00efra Mascara &#8211; Mascara)<br \/>&#8211; Bouteldja Ma\u00e2mar (da\u00efra Oued El Abtal &#8211; Mascara)<br \/>&#8211; Boubossela Khe\u00efra (da\u00efra A\u00efn Fekkane &#8211; Mascara)<br \/>&#8211; Hadjali Zakia (da\u00efra Zahana &#8211; Mascara)<br \/>&#8211; Djazouli Na\u00efma (da\u00efra Mohamadia &#8211; Mascara)<br \/>&#8211; Hellou Ahmed El Khe\u00efr (da\u00efra N&rsquo;goussa &#8211; Ouargla)<br \/>&#8211; Feliti Noreddine (da\u00efra Bir El Djir &#8211; Oran)<br \/>&#8211; Lahouel Boudali (da\u00efra Oued Tlelat &#8211; Oran)<br \/>&#8211; Kessali Meki (da\u00efra Labiodh Sidi Cheikh &#8211; El Be\u00efdh)<br \/>&#8211; Zemmouri Hanifi (da\u00efra Al Hamadia &#8211; Bordj Bou-Arr\u00e9ridj<br \/>&#8211; Bouguerra Belgacem (da\u00efra Bouhadjar &#8211; El Tarf)<br \/>&#8211; Ahmed Sa\u00efd Karim (da\u00efra de Driane &#8211; El Tarf)<br \/>&#8211; Zahour Nacereddine (da\u00efra Besb\u00e8s &#8211; El Tarf)<br \/>&#8211; Annan Ahmed (da\u00efra Lardjem &#8211; Tissemsilt)<br \/>&#8211; Hadj Kaddour Abdelhadi (da\u00efra Amari &#8211; Tissemsilt)<br \/>&#8211; Mayouf Messaoud (da\u00efra d&rsquo;El Oued &#8211; El Oued)<br \/>&#8211; Kamouche Kaddour (da\u00efra Robbah &#8211; El Oued)<br \/>&#8211; Azzedine Abdelhalim (da\u00efra Reguiba &#8211; El Oued)<br \/>&#8211; Bouleknafed Achour (da\u00efra Khenchela &#8211; Khenchela)<br \/>&#8211; Memouni Youn\u00e8s (da\u00efra Babar &#8211; Khenchela)<br \/>&#8211; Bouras Lakhdar (da\u00efra Mechroha &#8211; Souk Ahras)<br \/>&#8211; Zeghdoud Ahcene (da\u00efra Ouled Driss &#8211; Souk Ahras)<br \/>&#8211; Boufrah Sabah (da\u00efra Bir Bouhouche &#8211; Souk Ahras)<br \/>&#8211; Ma\u00e2toug Kamel (da\u00efra M&rsquo;daourouche &#8211; Souk Ahras)<br \/>&#8211; Guediri Fouad (da\u00efra Oum Adhaim &#8211; Souk Ahras)<br \/>&#8211; Mega Hibatou Allah (da\u00efra Hadjout &#8211; Tipasa)<br \/>&#8211; Chouiter Fatima Zohra (da\u00efra Gourraya &#8211; Tipasa)<br \/>&#8211; Guemmama Messaoud (da\u00efra Damous &#8211; Tipasa)<br \/>&#8211; Boucherih Boualem (da\u00efra Bou Isma\u00efl &#8211; Tipasa)<br \/>&#8211; Tabib Kamel (da\u00efra Mila &#8211; Mila)<br \/>&#8211; Rasdjebel Lakhdar (da\u00efra Chelghoum La\u00efd &#8211; Mila)<br \/>&#8211; Benzemmamouche Brahim (da\u00efra Rouached &#8211; Mila)<br \/>&#8211; Khedim Farid (da\u00efra Khemis &#8211; A\u00efn Defla)<br \/>&#8211; Derkaoua Karima (da\u00efra Hammam Righa &#8211; A\u00efn Defla)<br \/>&#8211; Ammor Leila (da\u00efra Bordj Emir Khaled &#8211; A\u00efn Defla)<br \/>&#8211; Benamer Rachid (da\u00efra Bathia &#8211; A\u00efn Defla)<br \/>&#8211; Lefkir Ali Salem (da\u00efra Sfissifa &#8211; Na\u00e2ma)<br \/>&#8211; Ezzine Mohamed (da\u00efra Beni Saf &#8211; A\u00efn T\u00e9mouchent)<br \/>&#8211; Metalci Mohammed (da\u00efra d&rsquo;Oulhaca El Gheraba &#8211; A\u00efn T\u00e9mouchent)<br \/>&#8211; Kechtouli Djamal (da\u00efra Gharda\u00efa &#8211; Gharda\u00efa)<br \/>&#8211; Othmani Boudjema\u00e2 (da\u00efra d&rsquo;El Menia &#8211; Gharda\u00efa)<br \/>&#8211; M&rsquo;hamedi Ahmed Walid (da\u00efra Zelfana &#8211; Gharda\u00efa)<br \/>&#8211; Hamadou Mohamed Lakhder (da\u00efra Bounoura &#8211; Gharda\u00efa)<br \/>&#8211; Bentata Mohamed (da\u00efra Relizane &#8211; Relizane)<br \/>&#8211; Nems Sa\u00e2d (da\u00efra Djedouia &#8211; Relizane)<br \/>&#8211; Bensefia Mohamed (da\u00efra A\u00efn Tarek &#8211; Relizane)<br \/>&#8211; Sadouk Slimane (da\u00efra Mazouna &#8211; Relizane)<br \/>&#8211; Chouikhi Mustapha (da\u00efra Yellel &#8211; Relizane).<\/p>\n<p>Auteur: elmoudjahid<br \/>\n<a href=\"http:\/\/www.elmoudjahid.com\/fr\/actualites\/159622\">Cliquez ici pour lire l&rsquo;article depuis sa source.<\/a><\/p>\n","protected":false},"excerpt":{"rendered":"<p>Voici la liste des chefs de da\u00efra concern\u00e9s\u00a0 par le mouvement de cessation de fonctions, op\u00e9r\u00e9 lundi par le pr\u00e9sident de la R\u00e9publique, M. Abdelmadjid Tebboune, telle que communiqu\u00e9e, hier, par la pr\u00e9sidence de la R\u00e9publique : &#8211; Laallam Rida (da\u00efra Cherouine &#8211; Adrar)\u00a0&#8211; Yahia Slimane (da\u00efra Fenoughil &#8211; Adrar) \u00a0&#8211; Nedjari M&rsquo;hamed (da\u00efra Taougrit [&hellip;]<\/p>\n","protected":false},"author":1744,"featured_media":0,"comment_status":"closed","ping_status":"closed","sticky":false,"template":"","format":"standard","meta":{"fifu_image_url":"","fifu_image_alt":"","footnotes":""},"categories":[73,53],"tags":[],"class_list":["post-99003","post","type-post","status-publish","format-standard","hentry","category-actualite","category-algerie"],"_links":{"self":[{"href":"https:\/\/linitiative.ca\/International\/wp-json\/wp\/v2\/posts\/99003","targetHints":{"allow":["GET"]}}],"collection":[{"href":"https:\/\/linitiative.ca\/International\/wp-json\/wp\/v2\/posts"}],"about":[{"href":"https:\/\/linitiative.ca\/International\/wp-json\/wp\/v2\/types\/post"}],"author":[{"embeddable":true,"href":"https:\/\/linitiative.ca\/International\/wp-json\/wp\/v2\/users\/1744"}],"replies":[{"embeddable":true,"href":"https:\/\/linitiative.ca\/International\/wp-json\/wp\/v2\/comments?post=99003"}],"version-history":[{"count":0,"href":"https:\/\/linitiative.ca\/International\/wp-json\/wp\/v2\/posts\/99003\/revisions"}],"wp:attachment":[{"href":"https:\/\/linitiative.ca\/International\/wp-json\/wp\/v2\/media?parent=99003"}],"wp:term":[{"taxonomy":"category","embeddable":true,"href":"https:\/\/linitiative.ca\/International\/wp-json\/wp\/v2\/categories?post=99003"},{"taxonomy":"post_tag","embeddable":true,"href":"https:\/\/linitiative.ca\/International\/wp-json\/wp\/v2\/tags?post=99003"}],"curies":[{"name":"wp","href":"https:\/\/api.w.org\/{rel}","templated":true}]}}