{"id":99004,"date":"2020-09-15T20:00:00","date_gmt":"2020-09-16T00:00:00","guid":{"rendered":"https:\/\/linitiative.ca\/International\/affaire-des-deux-anciens-ministres-ould-abbes-et-barkat-le-verdict-aujourdhui\/"},"modified":"2020-09-15T20:00:00","modified_gmt":"2020-09-16T00:00:00","slug":"affaire-des-deux-anciens-ministres-ould-abbes-et-barkat-le-verdict-aujourdhui","status":"publish","type":"post","link":"https:\/\/linitiative.ca\/International\/affaire-des-deux-anciens-ministres-ould-abbes-et-barkat-le-verdict-aujourdhui\/","title":{"rendered":"Affaire des deux anciens ministres Ould Abb\u00e8s et Barkat : Le verdict aujourd\u2019hui"},"content":{"rendered":"<p>Le verdict dans l&rsquo;affaire des deux anciens ministres Djamel Ould Abb\u00e8s et Said Barkat, poursuivis pour d\u00e9tournement, dilapidation de deniers publics, conclusion de march\u00e9s en violation de la l\u00e9gislation et abus de fonction, sera prononc\u00e9, aujourd\u2019hui par le tribunal de Sidi M&rsquo;hamed (Alger).\u00a0 A l&rsquo;issue d&rsquo;un proc\u00e8s de quatre jours dans cette affaire o\u00f9 sont poursuivis d&rsquo;anciens cadres du minist\u00e8re de la Solidarit\u00e9 nationale, le juge de si\u00e8ge a d\u00e9cid\u00e9 du report du verdict au 16 septembre 2020.<\/p>\n<p>Auteur: elmoudjahid<br \/>\n<a href=\"http:\/\/www.elmoudjahid.com\/fr\/actualites\/159623\">Cliquez ici pour lire l&rsquo;article depuis sa source.<\/a><\/p>\n","protected":false},"excerpt":{"rendered":"<p>Le verdict dans l&rsquo;affaire des deux anciens ministres Djamel Ould Abb\u00e8s et Said Barkat, poursuivis pour d\u00e9tournement, dilapidation de deniers publics, conclusion de march\u00e9s en violation de la l\u00e9gislation et abus de fonction, sera prononc\u00e9, aujourd\u2019hui par le tribunal de Sidi M&rsquo;hamed (Alger).\u00a0 A l&rsquo;issue d&rsquo;un proc\u00e8s de quatre jours dans cette affaire o\u00f9 sont [&hellip;]<\/p>\n","protected":false},"author":1744,"featured_media":0,"comment_status":"closed","ping_status":"closed","sticky":false,"template":"","format":"standard","meta":{"fifu_image_url":"","fifu_image_alt":"","footnotes":""},"categories":[73,53],"tags":[],"class_list":["post-99004","post","type-post","status-publish","format-standard","hentry","category-actualite","category-algerie"],"_links":{"self":[{"href":"https:\/\/linitiative.ca\/International\/wp-json\/wp\/v2\/posts\/99004","targetHints":{"allow":["GET"]}}],"collection":[{"href":"https:\/\/linitiative.ca\/International\/wp-json\/wp\/v2\/posts"}],"about":[{"href":"https:\/\/linitiative.ca\/International\/wp-json\/wp\/v2\/types\/post"}],"author":[{"embeddable":true,"href":"https:\/\/linitiative.ca\/International\/wp-json\/wp\/v2\/users\/1744"}],"replies":[{"embeddable":true,"href":"https:\/\/linitiative.ca\/International\/wp-json\/wp\/v2\/comments?post=99004"}],"version-history":[{"count":0,"href":"https:\/\/linitiative.ca\/International\/wp-json\/wp\/v2\/posts\/99004\/revisions"}],"wp:attachment":[{"href":"https:\/\/linitiative.ca\/International\/wp-json\/wp\/v2\/media?parent=99004"}],"wp:term":[{"taxonomy":"category","embeddable":true,"href":"https:\/\/linitiative.ca\/International\/wp-json\/wp\/v2\/categories?post=99004"},{"taxonomy":"post_tag","embeddable":true,"href":"https:\/\/linitiative.ca\/International\/wp-json\/wp\/v2\/tags?post=99004"}],"curies":[{"name":"wp","href":"https:\/\/api.w.org\/{rel}","templated":true}]}}