{"id":99005,"date":"2020-09-15T20:00:00","date_gmt":"2020-09-16T00:00:00","guid":{"rendered":"https:\/\/linitiative.ca\/International\/cour-dalger-khaled-drareni-condamne-a-2-ans-de-prison-ferme\/"},"modified":"2020-09-15T20:00:00","modified_gmt":"2020-09-16T00:00:00","slug":"cour-dalger-khaled-drareni-condamne-a-2-ans-de-prison-ferme","status":"publish","type":"post","link":"https:\/\/linitiative.ca\/International\/cour-dalger-khaled-drareni-condamne-a-2-ans-de-prison-ferme\/","title":{"rendered":"Cour d\u2019Alger  :  Khaled Drareni condamn\u00e9  \u00e0 2 ans de prison ferme"},"content":{"rendered":"<p>La Cour de justice d&rsquo;Alger a condamn\u00e9, mardi, Khaled Drareni \u00e0 deux ans de prison ferme pour \u00abatteinte \u00e0 l&rsquo;unit\u00e9 nationale\u00bb et \u00abincitation \u00e0 un rassemblement non arm\u00e9\u00bb.\u00a0 La Cour a condamn\u00e9 \u00e0 quatre mois de prison ferme, Samir Belarbi et Mouh Slimane Hamitouche pour \u00abincitation \u00e0 un rassemblement non arm\u00e9e\u00bb en abandonnant l&rsquo;accusation d&rsquo;\u00abatteinte \u00e0 l&rsquo;unit\u00e9 nationale\u00bb.<br \/>Le Procureur g\u00e9n\u00e9ral pr\u00e8s la Cour d&rsquo;Alger avait requis, lors du proc\u00e8s en appel, une peine de quatre ans de prison ferme et une amende de 50.000 DA \u00e0 l&rsquo;encontre de Khaled Drareni. La m\u00eame peine a \u00e9t\u00e9 requise \u00e0 l&rsquo;encontre de Samir Belarbi et Slimane Hamitouche, poursuivis dans la m\u00eame affaire et condamn\u00e9s, en ao\u00fbt dernier, \u00e0 deux ans de prison, dont quatre mois de prison ferme. \u00a0<br \/>Le 10 ao\u00fbt dernier, le journaliste Khaled Drareni a \u00e9t\u00e9 condamn\u00e9 par le Tribunal de Sidi M&rsquo;hamed d&rsquo;Alger \u00e0 trois ans de prison ferme tandis que les activistes Samir Belarbi et Slimane Hamitouche ont \u00e9cop\u00e9 de 2 ans d&#8217;emprisonnement dont 4 mois fermes pour \u00abatteinte \u00e0 l&rsquo;unit\u00e9 nationale\u00bb et \u00abincitation \u00e0 un rassemblement non arm\u00e9\u00bb.<\/p>\n<p>Auteur: elmoudjahid<br \/>\n<a href=\"http:\/\/www.elmoudjahid.com\/fr\/actualites\/159624\">Cliquez ici pour lire l&rsquo;article depuis sa source.<\/a><\/p>\n","protected":false},"excerpt":{"rendered":"<p>La Cour de justice d&rsquo;Alger a condamn\u00e9, mardi, Khaled Drareni \u00e0 deux ans de prison ferme pour \u00abatteinte \u00e0 l&rsquo;unit\u00e9 nationale\u00bb et \u00abincitation \u00e0 un rassemblement non arm\u00e9\u00bb.\u00a0 La Cour a condamn\u00e9 \u00e0 quatre mois de prison ferme, Samir Belarbi et Mouh Slimane Hamitouche pour \u00abincitation \u00e0 un rassemblement non arm\u00e9e\u00bb en abandonnant l&rsquo;accusation d&rsquo;\u00abatteinte [&hellip;]<\/p>\n","protected":false},"author":1744,"featured_media":0,"comment_status":"closed","ping_status":"closed","sticky":false,"template":"","format":"standard","meta":{"fifu_image_url":"","fifu_image_alt":"","footnotes":""},"categories":[73,53],"tags":[],"class_list":["post-99005","post","type-post","status-publish","format-standard","hentry","category-actualite","category-algerie"],"_links":{"self":[{"href":"https:\/\/linitiative.ca\/International\/wp-json\/wp\/v2\/posts\/99005","targetHints":{"allow":["GET"]}}],"collection":[{"href":"https:\/\/linitiative.ca\/International\/wp-json\/wp\/v2\/posts"}],"about":[{"href":"https:\/\/linitiative.ca\/International\/wp-json\/wp\/v2\/types\/post"}],"author":[{"embeddable":true,"href":"https:\/\/linitiative.ca\/International\/wp-json\/wp\/v2\/users\/1744"}],"replies":[{"embeddable":true,"href":"https:\/\/linitiative.ca\/International\/wp-json\/wp\/v2\/comments?post=99005"}],"version-history":[{"count":0,"href":"https:\/\/linitiative.ca\/International\/wp-json\/wp\/v2\/posts\/99005\/revisions"}],"wp:attachment":[{"href":"https:\/\/linitiative.ca\/International\/wp-json\/wp\/v2\/media?parent=99005"}],"wp:term":[{"taxonomy":"category","embeddable":true,"href":"https:\/\/linitiative.ca\/International\/wp-json\/wp\/v2\/categories?post=99005"},{"taxonomy":"post_tag","embeddable":true,"href":"https:\/\/linitiative.ca\/International\/wp-json\/wp\/v2\/tags?post=99005"}],"curies":[{"name":"wp","href":"https:\/\/api.w.org\/{rel}","templated":true}]}}