{"id":99006,"date":"2020-09-15T20:00:00","date_gmt":"2020-09-16T00:00:00","guid":{"rendered":"https:\/\/linitiative.ca\/International\/zones-dombre-campagne-nationale-pour-la-creation-de-micro-entreprises\/"},"modified":"2020-09-15T20:00:00","modified_gmt":"2020-09-16T00:00:00","slug":"zones-dombre-campagne-nationale-pour-la-creation-de-micro-entreprises","status":"publish","type":"post","link":"https:\/\/linitiative.ca\/International\/zones-dombre-campagne-nationale-pour-la-creation-de-micro-entreprises\/","title":{"rendered":"Zones d\u2019ombre : Campagne nationale pour la cr\u00e9ation de micro-entreprises"},"content":{"rendered":"<div class=\"TxArtcile\" readability=\"14\">\n<p>Une campagne nationale pour d\u00e9celer les opportunit\u00e9s et besoins des zones d&rsquo;ombre \u00e0 travers le pays a \u00e9t\u00e9 lanc\u00e9e pour la cr\u00e9ation de micro-entreprises permettant de diversifier l&rsquo;\u00e9conomie nationale, a indiqu\u00e9 mardi un communiqu\u00e9 du minist\u00e8re d\u00e9l\u00e9gu\u00e9 aupr\u00e8s du Premier ministre charg\u00e9 des micro-entreprises.<br \/>Lanc\u00e9e le 9 septembre en cours, cette campagne vise \u00e0 d\u00e9celer les opportunit\u00e9s et besoins des zones d&rsquo;ombre \u00e0 travers le pays pour leur exploitation par les habitants de ces r\u00e9gions dans la cr\u00e9ation de micro-entreprises \u00e0 m\u00eame de booster le d\u00e9veloppement.\u00a0 L&rsquo;Agence nationale de soutien \u00e0 l&#8217;emploi de jeunes (ANSEJ) et ses annexes \u00e0 travers toutes les wilayas ont \u00e9t\u00e9 charg\u00e9es des missions de sorties sur terrain dans les zones d&rsquo;ombre, ajoute-t-on de m\u00eame source.<br \/>Le minist\u00e8re d\u00e9l\u00e9gu\u00e9 a appel\u00e9 l&rsquo;ensemble des m\u00e9dias \u00e0 assurer la couverture de cette campagne pour faire parvenir l&rsquo;information \u00e0 tous les citoyens concern\u00e9s \u00e0 travers les wilayas.<br \/>Cette campagne s&rsquo;inscrit dans le cadre de la mise en \u0153uvre des recommandations li\u00e9es \u00e0 l&rsquo;atelier des zones d&rsquo;ombres issu des travaux de la derni\u00e8re r\u00e9union du Pr\u00e9sident de la R\u00e9publique avec les walis, o\u00f9 un int\u00e9r\u00eat particulier a \u00e9t\u00e9 accord\u00e9 \u00e0 cet aspect en appelant \u00e0 organiser des caravanes de sensibilisation avec la participation de tous les organismes y aff\u00e9rents pour encourager les habitants des zones d&rsquo;ombre \u00e0 cr\u00e9er des micro-entreprises.<\/p>\n<\/div>\n<div class=\"ModliArtilUne\">\n<ul>\n<li><strong>Publi\u00e9 dans :<\/strong><\/li>\n<\/ul>\n<\/div>\n<div class=\"MbComIns\" id=\"newcom\" readability=\"5.6940298507463\">\n<h6>DONNEZ VOTRE AVIS<\/h6>\n<p>Il n&rsquo;y a actuellement aucune r\u00e9action \u00e0 cette information. Soyez le premier \u00e0 r\u00e9agir !<\/p>\n<p><a href=\"\" rel=\"#popup\" class=\"login resetbutton\">Identifiez-vous<\/a><a class=\"button\" href=\"https:\/\/elmoudjahid.com\/fr\/inscription\/\"><span>S&rsquo;inscrire<\/span><\/a><\/p>\n<\/div>\n<p>Auteur: elmoudjahid<br \/>\n<a href=\"http:\/\/www.elmoudjahid.com\/fr\/actualites\/159625\">Cliquez ici pour lire l&rsquo;article depuis sa source.<\/a><\/p>\n","protected":false},"excerpt":{"rendered":"<p>Une campagne nationale pour d\u00e9celer les opportunit\u00e9s et besoins des zones d&rsquo;ombre \u00e0 travers le pays a \u00e9t\u00e9 lanc\u00e9e pour la cr\u00e9ation de micro-entreprises permettant de diversifier l&rsquo;\u00e9conomie nationale, a indiqu\u00e9 mardi un communiqu\u00e9 du minist\u00e8re d\u00e9l\u00e9gu\u00e9 aupr\u00e8s du Premier ministre charg\u00e9 des micro-entreprises.Lanc\u00e9e le 9 septembre en cours, cette campagne vise \u00e0 d\u00e9celer les [&hellip;]<\/p>\n","protected":false},"author":1744,"featured_media":0,"comment_status":"closed","ping_status":"closed","sticky":false,"template":"","format":"standard","meta":{"fifu_image_url":"","fifu_image_alt":"","footnotes":""},"categories":[73,53],"tags":[],"class_list":["post-99006","post","type-post","status-publish","format-standard","hentry","category-actualite","category-algerie"],"_links":{"self":[{"href":"https:\/\/linitiative.ca\/International\/wp-json\/wp\/v2\/posts\/99006","targetHints":{"allow":["GET"]}}],"collection":[{"href":"https:\/\/linitiative.ca\/International\/wp-json\/wp\/v2\/posts"}],"about":[{"href":"https:\/\/linitiative.ca\/International\/wp-json\/wp\/v2\/types\/post"}],"author":[{"embeddable":true,"href":"https:\/\/linitiative.ca\/International\/wp-json\/wp\/v2\/users\/1744"}],"replies":[{"embeddable":true,"href":"https:\/\/linitiative.ca\/International\/wp-json\/wp\/v2\/comments?post=99006"}],"version-history":[{"count":0,"href":"https:\/\/linitiative.ca\/International\/wp-json\/wp\/v2\/posts\/99006\/revisions"}],"wp:attachment":[{"href":"https:\/\/linitiative.ca\/International\/wp-json\/wp\/v2\/media?parent=99006"}],"wp:term":[{"taxonomy":"category","embeddable":true,"href":"https:\/\/linitiative.ca\/International\/wp-json\/wp\/v2\/categories?post=99006"},{"taxonomy":"post_tag","embeddable":true,"href":"https:\/\/linitiative.ca\/International\/wp-json\/wp\/v2\/tags?post=99006"}],"curies":[{"name":"wp","href":"https:\/\/api.w.org\/{rel}","templated":true}]}}