{"id":99020,"date":"2020-09-16T06:00:00","date_gmt":"2020-09-16T10:00:00","guid":{"rendered":"https:\/\/linitiative.ca\/International\/le-paris-sg-sous-pression-et-plombe-par-les-suspensions-avant-metz\/"},"modified":"2020-09-16T06:00:00","modified_gmt":"2020-09-16T10:00:00","slug":"le-paris-sg-sous-pression-et-plombe-par-les-suspensions-avant-metz","status":"publish","type":"post","link":"https:\/\/linitiative.ca\/International\/le-paris-sg-sous-pression-et-plombe-par-les-suspensions-avant-metz\/","title":{"rendered":"Le Paris SG sous pression et plomb\u00e9 par les suspensions avant Metz"},"content":{"rendered":"<p>Vite, une victoire ! Le Paris SG re\u00e7oit Metz ce soir (20h) dans une ambiance plomb\u00e9e par les deux d\u00e9faites initiales en Ligue 1 et les trois suspensions qui ont encore plus terni le revers face \u00e0 l&rsquo;Olympique de Marseille, \u00e9maill\u00e9 de pol\u00e9miques.<br \/>L&rsquo;entra\u00eeneur allemand Thomas Tuchel, sorti ragaillardi cet \u00e9t\u00e9 du beau parcours en Ligue des champions achev\u00e9 en finale face au Bayern Munich, n&rsquo;est pas encore sur un si\u00e8ge \u00e9jectable. Mais, face \u00e0 Metz au Parc des Princes, dans un \u00e9tonnant duel entre \u00e9quipes \u00e0 z\u00e9ro point, une nouvelle contre-performance serait tr\u00e8s malvenue. Le PSG reste en effet sur trois d\u00e9faites toutes comp\u00e9titions confondues en moins d&rsquo;un mois, contre le Bayern, puis \u00e0 Lens et contre le rival marseillais (1-0 \u00e0 chaque fois). Trois revers de rang: une s\u00e9rie plus vue depuis 2011, quand le club commen\u00e7ait tout juste sa mue sous l&rsquo;\u00e8re QSI. Il faut m\u00eame remonter \u00e0 1984, c&rsquo;est-\u00e0-dire avant la naissance des joueurs actuels, pour retrouver une entame avec deux d\u00e9faites en Championnat du c\u00f4t\u00e9 de la capitale. Certes, le onze qui a perdu \u00e0 Lens et contre l&rsquo;OM n&rsquo;est pas l&rsquo;effectif cinq \u00e9toiles arriv\u00e9 en finale de C1, la faute au coronavirus qui a contamin\u00e9 plusieurs cadres. Certes encore, les joueurs parisiens n&rsquo;ont eu qu&rsquo;une semaine de pr\u00e9paration, perturb\u00e9e par le Covid-19, et ont entam\u00e9 avec un calendrier surcharg\u00e9 avec quatre matches en onze jours. La faute \u00e0 un championnat qui a repris bien plus t\u00f4t que ses voisins allemand, espagnol ou italien, souligne le PSG. \u00abOn n&rsquo;a pas le temps de s&rsquo;entra\u00eener \u00e0 cause de l&rsquo;encha\u00eenement des matchs\u00bb, a d\u00e9plor\u00e9 Tuchel \u00e0 chaud apr\u00e8s la d\u00e9faite contre Marseille, justifiant notamment sa d\u00e9cision de faire jouer 90 minutes Neymar et Angel Di Maria, tout juste revenus de quarantaine.<\/p>\n<p><strong>Trois suspendus<\/strong><br \/>Reste que la s\u00e9rie en cours fragilise Tuchel. Le directeur sportif Leonardo a d&rsquo;ailleurs \u00e9lud\u00e9, apr\u00e8s le fiasco face \u00e0 l&rsquo;OM, une question sur l&rsquo;avenir de l&rsquo;Allemand : \u00abJe ne vais pas en parler apr\u00e8s un match comme \u00e7a.\u00bb Dimanche, Tuchel a parl\u00e9 de \u00abmalchance\u00bb pour expliquer la d\u00e9faite, soulignant que son \u00e9quipe avait nettement domin\u00e9 le match. Mais au-del\u00e0 du jeu, ses joueurs ont craqu\u00e9 mentalement, s&rsquo;engageant dans une bagarre g\u00e9n\u00e9rale \u00e0 la fin de la rencontre qui limite encore ses choix. Tuchel attendait des retours, il se retrouve avec trois joueurs en moins: Neymar, Leandro Paredes et Layvin Kurzawa. Exclus dimanche, ils sont automatiquement suspendus face \u00e0 Metz et risquent de voir leur sanction alourdie par la commission de discipline de la Ligue de football professionnel (LFP) qui se r\u00e9unit mercredi. Le d\u00e9fenseur italien Alessandro Florenzi, fra\u00eechement recrut\u00e9, ne pourra pas non plus \u00eatre align\u00e9 puisque le match de mercredi compte pour la premi\u00e8re journ\u00e9e de L1, programm\u00e9e avant qu&rsquo;il ne signe \u00e0 Paris. Pour le club, qui reste sur trois matchs cons\u00e9cutifs sans marquer, un \u00e9ventuel retour des buteurs Kylian Mbapp\u00e9 ou Mauro Icardi, m\u00eame mal pr\u00e9par\u00e9s, pourrait soulager Tuchel. Keylor Navas et Marquinhos pourraient \u00e9galement \u00eatre de retour. C\u00f4t\u00e9 lorrain, les Grenats qui ont comme le PSG subi deux d\u00e9faites 1-0, seront seulement priv\u00e9s de leur milieu K\u00e9vin N&rsquo;Doram, op\u00e9r\u00e9 d&rsquo;un tendon d&rsquo;Achille.<\/p>\n<p>Auteur:<br \/>\n<a href=\"https:\/\/www.lesoirdalgerie.com\/sports\/le-paris-sg-sous-pression-et-plombe-par-les-suspensions-avant-metz-48217\">Cliquez ici pour lire l&rsquo;article depuis sa source.<\/a><\/p>\n","protected":false},"excerpt":{"rendered":"<p>Vite, une victoire ! Le Paris SG re\u00e7oit Metz ce soir (20h) dans une ambiance plomb\u00e9e par les deux d\u00e9faites initiales en Ligue 1 et les trois suspensions qui ont encore plus terni le revers face \u00e0 l&rsquo;Olympique de Marseille, \u00e9maill\u00e9 de pol\u00e9miques.L&rsquo;entra\u00eeneur allemand Thomas Tuchel, sorti ragaillardi cet \u00e9t\u00e9 du beau parcours en Ligue [&hellip;]<\/p>\n","protected":false},"author":1741,"featured_media":0,"comment_status":"closed","ping_status":"closed","sticky":false,"template":"","format":"standard","meta":{"fifu_image_url":"","fifu_image_alt":"","footnotes":""},"categories":[73,53],"tags":[],"class_list":["post-99020","post","type-post","status-publish","format-standard","hentry","category-actualite","category-algerie"],"_links":{"self":[{"href":"https:\/\/linitiative.ca\/International\/wp-json\/wp\/v2\/posts\/99020","targetHints":{"allow":["GET"]}}],"collection":[{"href":"https:\/\/linitiative.ca\/International\/wp-json\/wp\/v2\/posts"}],"about":[{"href":"https:\/\/linitiative.ca\/International\/wp-json\/wp\/v2\/types\/post"}],"author":[{"embeddable":true,"href":"https:\/\/linitiative.ca\/International\/wp-json\/wp\/v2\/users\/1741"}],"replies":[{"embeddable":true,"href":"https:\/\/linitiative.ca\/International\/wp-json\/wp\/v2\/comments?post=99020"}],"version-history":[{"count":0,"href":"https:\/\/linitiative.ca\/International\/wp-json\/wp\/v2\/posts\/99020\/revisions"}],"wp:attachment":[{"href":"https:\/\/linitiative.ca\/International\/wp-json\/wp\/v2\/media?parent=99020"}],"wp:term":[{"taxonomy":"category","embeddable":true,"href":"https:\/\/linitiative.ca\/International\/wp-json\/wp\/v2\/categories?post=99020"},{"taxonomy":"post_tag","embeddable":true,"href":"https:\/\/linitiative.ca\/International\/wp-json\/wp\/v2\/tags?post=99020"}],"curies":[{"name":"wp","href":"https:\/\/api.w.org\/{rel}","templated":true}]}}