{"id":99021,"date":"2020-09-16T06:00:00","date_gmt":"2020-09-16T10:00:00","guid":{"rendered":"https:\/\/linitiative.ca\/International\/les-fils-du-soleil\/"},"modified":"2020-09-16T06:00:00","modified_gmt":"2020-09-16T10:00:00","slug":"les-fils-du-soleil","status":"publish","type":"post","link":"https:\/\/linitiative.ca\/International\/les-fils-du-soleil\/","title":{"rendered":"\u00abLes fils du soleil\u00bb"},"content":{"rendered":"<div class=\"picture\"><img class=\"lazy\" data-original=\"\/data\/images\/article\/thumbs\/d-les-fils-du-soleil-f3950.jpg\"\/>\n<\/div>\n<p>Ils avaient l\u2019\u00e9l\u00e9gance de leur musique. Des artistes hors pair. \u00abLes fils du soleil\u00bb \u00e9taient de talentueux musiciens et chanteurs. D\u00e8s leur adolescence, ils montraient des dons exceptionnels pour tous les instruments de musique et en particulier la guitare, la batterie et l\u2019orgue. Ils \u00e9tonnaient par leur capacit\u00e9 \u00e0 improviser et \u00e0 d\u00e9chiffrer les partitions.<br \/>C\u2019\u00e9tait toujours un plaisir de les voir avant le d\u00e9but d\u2019un gala en train d\u2019accorder leurs guitares \u00e9lectriques. C\u2019\u00e9tait pour nous un avant-go\u00fbt de ce qu\u2019il allait nous r\u00e9galer. Rachid \u00e0 la guitare solo, Tahar \u00e0 l\u2019accompagnement, Ouatik \u00e0 la basse et Cherchali \u00e0 la batterie. Waouh !!<br \/>S\u2019il y a un groupe de musique qui nous a enchant\u00e9s et qui a marqu\u00e9 notre enfance, notre adolescence et m\u00eame les vieux jours de certains, cela ne peut \u00eatre que le groupe mythique \u00abLes fils du soleil\u00bb de Vialar des ann\u00e9es 1970. On s\u2019ambian\u00e7ait sur leurs sons, on se d\u00e9hanchait de mani\u00e8re chaloup\u00e9e sur la voix de ses chanteurs. Il excellait dans la musique occidentale. Ils adoptant le look des seventies : cheveux longs, pantalons patte d\u2019\u00e9l\u00e9phant, t-shirts imprim\u00e9s\u2026<br \/>Et apr\u00e8s des ann\u00e9es de gloire, sans nous pr\u00e9venir, ses membres se sont s\u00e9par\u00e9s pour diverses raisons, laissant derri\u00e8re eux un riche palmar\u00e8s. Mais ils resteront toujours dans notre c\u0153ur, car il ne faut pas se mentir, leur style d\u00e9capant nous manque \u00e9norm\u00e9ment!<br \/>Comme si ce groupe avait subi le m\u00eame sort que tous ceux qui ont exist\u00e9 un peu partout dans le monde. Eh oui ! Le monde de la musique est r\u00e9gi par des r\u00e8gles qui nous d\u00e9passent tous et, parfois, alors qu\u2019un groupe dont on est compl\u00e8tement fan vend des milliers de disques, du jour au lendemain ses musiciens se s\u00e9parent et le groupe se d\u00e9sagr\u00e8ge. Black Eyed Peas, Beatles, Beach Boys, Jackson Five, Oasis, Pink Floyd, The rolling stones\u2026 sont un exemple de cette s\u00e9paration-disparition.<br \/>Approch\u00e9, M Rachid Benali, l\u2019un des membres fondateurs du groupe nous dit que \u00abl\u2019id\u00e9e de former ce groupe \u00e9tait en fait celle de tous ses membres qui \u00e9taient en m\u00eame temps une bande de copains. Le noyau \u00e9tait constitu\u00e9 de votre interlocuteur Rachid Benali, Tahar Abdelaoui, feu Mohamed Cherchali et Tahar Ouatik. Donc, ce sont ces quatre personnes qui \u00e9taient les premiers fondateurs. Par ailleurs, l\u2019embryon du groupe s\u2019est form\u00e9 d\u00e8s le d\u00e9but des ann\u00e9es 1970. Le p\u00e8re de mon ami Tahar Abdelaoui, feu Si Moh, vendait des guitares qu\u2019il exposait dans sa vitrine et on \u00e9tait curieux de les utiliser. Chaque jour, Tahar volait les cl\u00e9s du magasin \u00e0 son p\u00e8re entre midi et 14h et on avait un immense plaisir \u00e0 les manipuler. C\u2019est l\u00e0 qu\u2019on a \u00e9t\u00e9 contamin\u00e9 par la passion de la musique. Ne pouvant se permettre d\u2019en acheter une, on se contentait de se d\u00e9brouiller des morceaux de fil de p\u00eache qu\u2019on utilisait comme cordes de guitare et qu\u2019on disposait sur des bouts de bois en guise de table d\u2019harmonie et de manche ; c\u2019est de cette mani\u00e8re qu\u2019on a appris \u00e0 produire des notes diff\u00e9rentes. Et c\u2019\u00e9tait surtout notre voisin et ami Jorbane qui nous aidait \u00e0 fabriquer ces formes de guitares artisanales dans son petit atelier\u00bb.<br \/>\u00c9tant coll\u00e9gien, c\u2019est le maestro Benaouda Kessar qui \u00e9tait le professeur de musique qui nous a initi\u00e9s aux notions de base qu\u2019on a creus\u00e9es un peu plus au lyc\u00e9e Ibn Rostom de Tiaret et cela en int\u00e9grant la chorale de l\u2019\u00e9tablissement. On abordait tous les genres musicaux avec talent.<br \/>Pour ce qui est de la cr\u00e9ation proprement dite du groupe, elle remonte au d\u00e9but de l\u2019ann\u00e9e 1973, et plus exactement le 4 juillet, la veille de la f\u00eate nationale de l\u2019ind\u00e9pendance, date \u00e0 laquelle le groupe a anim\u00e9 sa premi\u00e8re soir\u00e9e au caf\u00e9-h\u00f4tel de feu Abdelkader Baroud, un notable et bienfaiteur, au centre-ville. Ce fut un grand succ\u00e8s annon\u00e7ant par cons\u00e9quent le bapt\u00eame de notre groupe musical et le d\u00e9but d\u2019une carri\u00e8re tr\u00e8s riche en \u00e9v\u00e8nements artistiques et musicaux. Il y avait ce jour-l\u00e0 un monde fou. Par la suite, le groupe s\u2019est enrichi de l\u2019arriv\u00e9e d\u2019autres amateurs de musique.<br \/>Et d\u2019ajouter : \u00abpour ce qui est de l\u2019appellation du groupe, c\u2019\u00e9tait fortuit pour ne pas vous mentir. Puis on s\u2019est rendu compte plus tard, et \u00e0 travers les remarques de nos fans que l\u2019appellation rimait \u00e9norm\u00e9ment avec l\u2019origine du nom de notre ville Tissemsilt, et qui signifie en berb\u00e8re \u2018\u2019coucher du soleil\u2019\u2019. Et \u00e7a tombait bien. Donc, effectivement, on \u00e9tait les fils de Tissemsilt, ville du coucher de soleil. Et qui dit soleil dit lumi\u00e8re, chaleur, clart\u00e9, vie\u2026 Notre objectif premier \u00e9tait donc de ramener un peu de chaleur et de lumi\u00e8re artistiques \u00e0 notre ville qui en manquait terriblement \u00e0 cette \u00e9poque. On animait des soir\u00e9es dans toutes les communes de la ville sous la casquette des scouts et de la section jeunesse de l\u2019\u00e9poque mais on sentait que le groupe avait du plomb dans les ailes car on n\u2019\u00e9tait pas suffisamment \u00e9paul\u00e9. Et la premi\u00e8re vraie aide qui nous est venue, c\u2019\u00e9tait celle de Si Abdelkader Baroud qui nous a remis une grande somme d\u2019argent \u00e0 l\u2019\u00e9poque en guise de r\u00e9compense, somme qui nous a permis d\u2019acheter des instruments de musique moderne : des guitares \u00e9lectriques, un amplificateur, une batterie (ensemble d\u2019instruments de percussion) et un orgue. D\u2019o\u00f9, la raison pour laquelle la premi\u00e8re soir\u00e9e du 4 juillet 1973 dont je vous ai parl\u00e9e, a \u00e9t\u00e9 organis\u00e9e dans son caf\u00e9-h\u00f4tel et c\u2019\u00e9tait exclusivement une soir\u00e9e occidentale. On n\u2019oubliera jamais le geste coup de pouce du regrett\u00e9. Il nous a vraiment mis les pieds \u00e0 l\u2019\u00e9trier. De l\u00e0, on s\u2019est sp\u00e9cialis\u00e9 dans la musique occidentale en g\u00e9n\u00e9ral et en particulier celle des Beatles. On reprenait tous les grands succ\u00e8s de ce groupe mythique de pop et de rock\u2019n\u2019roll, ainsi que d\u2019autres groupes qui \u00e9taient connus dans les ann\u00e9es 1960-1970.\u00bb<br \/>\u00c0 la question, pourquoi il n\u2019y a pas eu de rel\u00e8ve parmi les jeunes amateurs de musique de la ville, Rachid nous r\u00e9pond en guise de conclusion : \u00abSi ! Il y a eu une rel\u00e8ve constitu\u00e9e de jeunes tr\u00e8s talentueux et qui ont essay\u00e9 de reprendre le flambeau et qui ont fait du bon travail. Je voulais simplement pr\u00e9ciser, pour \u00e9carter tout amalgame et toute susceptibilit\u00e9, que le groupe n\u2019\u00e9tait pas une propri\u00e9t\u00e9 priv\u00e9e. C\u2019est comme une \u00e9quipe de football, notre Widad, \u00e0 titre d\u2019exemple, il y a eu les anciens joueurs puis, au fil du temps, l\u2019effectif s\u2019est enrichi, puis s\u2019est rajeuni, et ainsi de suite. Donc, c\u2019est le m\u00eame cas pour notre groupe. Pour ceux qui ont repris le flambeau, je les appellerais plut\u00f4t \u2018\u2019Les petits-fils du soleil\u2019\u2019.\u00bb<br \/>Le groupe \u00abLes fils du soleil\u00bb des ann\u00e9es seventies restera en tout cas un groupe atypique qui a marqu\u00e9 l\u2019histoire artistique de la ville de Tissemsilt. Une vraie l\u00e9gende !<br \/>Rabah Sa\u00e2doun<\/p>\n<p>Auteur:<br \/>\n<a href=\"https:\/\/www.lesoirdalgerie.com\/societe\/les-fils-du-soleil-48216\">Cliquez ici pour lire l&rsquo;article depuis sa source.<\/a><\/p>\n","protected":false},"excerpt":{"rendered":"<p>Ils avaient l\u2019\u00e9l\u00e9gance de leur musique. Des artistes hors pair. \u00abLes fils du soleil\u00bb \u00e9taient de talentueux musiciens et chanteurs. D\u00e8s leur adolescence, ils montraient des dons exceptionnels pour tous les instruments de musique et en particulier la guitare, la batterie et l\u2019orgue. Ils \u00e9tonnaient par leur capacit\u00e9 \u00e0 improviser et \u00e0 d\u00e9chiffrer les partitions.C\u2019\u00e9tait [&hellip;]<\/p>\n","protected":false},"author":1741,"featured_media":0,"comment_status":"closed","ping_status":"closed","sticky":false,"template":"","format":"standard","meta":{"fifu_image_url":"","fifu_image_alt":"","footnotes":""},"categories":[73,53],"tags":[],"class_list":["post-99021","post","type-post","status-publish","format-standard","hentry","category-actualite","category-algerie"],"_links":{"self":[{"href":"https:\/\/linitiative.ca\/International\/wp-json\/wp\/v2\/posts\/99021","targetHints":{"allow":["GET"]}}],"collection":[{"href":"https:\/\/linitiative.ca\/International\/wp-json\/wp\/v2\/posts"}],"about":[{"href":"https:\/\/linitiative.ca\/International\/wp-json\/wp\/v2\/types\/post"}],"author":[{"embeddable":true,"href":"https:\/\/linitiative.ca\/International\/wp-json\/wp\/v2\/users\/1741"}],"replies":[{"embeddable":true,"href":"https:\/\/linitiative.ca\/International\/wp-json\/wp\/v2\/comments?post=99021"}],"version-history":[{"count":0,"href":"https:\/\/linitiative.ca\/International\/wp-json\/wp\/v2\/posts\/99021\/revisions"}],"wp:attachment":[{"href":"https:\/\/linitiative.ca\/International\/wp-json\/wp\/v2\/media?parent=99021"}],"wp:term":[{"taxonomy":"category","embeddable":true,"href":"https:\/\/linitiative.ca\/International\/wp-json\/wp\/v2\/categories?post=99021"},{"taxonomy":"post_tag","embeddable":true,"href":"https:\/\/linitiative.ca\/International\/wp-json\/wp\/v2\/tags?post=99021"}],"curies":[{"name":"wp","href":"https:\/\/api.w.org\/{rel}","templated":true}]}}