{"id":99023,"date":"2020-09-16T15:25:52","date_gmt":"2020-09-16T19:25:52","guid":{"rendered":"https:\/\/linitiative.ca\/International\/cellule-terroriste-demantelee-le-bcij-poursuit-ses-perquisitions-a-temara\/"},"modified":"2020-09-16T15:25:52","modified_gmt":"2020-09-16T19:25:52","slug":"cellule-terroriste-demantelee-le-bcij-poursuit-ses-perquisitions-a-temara","status":"publish","type":"post","link":"https:\/\/linitiative.ca\/International\/cellule-terroriste-demantelee-le-bcij-poursuit-ses-perquisitions-a-temara\/","title":{"rendered":"Cellule terroriste d\u00e9mantel\u00e9e : le BCIJ poursuit ses perquisitions \u00e0 T\u00e9mara"},"content":{"rendered":"<p><strong>Apr\u00e8s avoir arr\u00eat\u00e9 les cerveaux de la cellule terroriste d\u00e9mantel\u00e9e le 10 septembre dans plusieurs villes dont Tanger, Tiflet, T\u00e9mara et Skhirat, le BCIJ acc\u00e9l\u00e8re l\u2019enqu\u00eate.<\/strong><\/p>\n<div class=\"c10\"\/>\n<p>A T\u00e9mara, le Bureau central d\u2019investigation judiciaires a r\u00e9alis\u00e9 des perquisitions dans le parking d\u2019un immeuble o\u00f9 se loge la s\u0153ur du principal suspect. On apprend que les \u00e9l\u00e9ments du BCIJ y ont trouv\u00e9 un v\u00e9hicule frigorifique suspect qui pourrait contenir des substances explosives et inflammatoires.<\/p>\n<p><strong>Lire aussi|<\/strong><a href=\"https:\/\/www.challenge.ma\/abdelhak-khiam-le-chef-de-la-cellule-terroriste-demantelee-est-un-poissonnier-156359\/\"><strong>Abdelhak Khiam: \u00ab Le chef de la cellule terroriste d\u00e9mantel\u00e9e est un poissonnier \u00bb<\/strong><\/a><\/p>\n<p>Soulignons que ledit v\u00e9hicule a \u00e9t\u00e9 localis\u00e9 suite \u00e0 l\u2019enqu\u00eate pr\u00e9liminaire, notamment les d\u00e9clarations de l\u2019\u00e9pouse du principal suspect, qui a indiqu\u00e9 l\u2019endroit \u00e0 la police judiciaire et qui a assist\u00e9 \u00e0 la perquisition ayant permis la saisie du v\u00e9hicule avant son d\u00e9verrouillage suivant les proc\u00e9dures en vigueur.<\/p>\n<p><strong>Lire aussi|<\/strong><a href=\"https:\/\/www.challenge.ma\/demantelement-dune-cellule-terroriste-active-dans-plusieurs-villes-du-maroc-156015\/\"><strong>D\u00e9mant\u00e8lement d\u2019une cellule terroriste active dans plusieurs villes du Maroc<\/strong><\/a><\/p>\n<p>On apprend \u00e9galement que la fouille du v\u00e9hicule a permis de saisir 6 bouteilles en verre contenant des liquides explosifs et li\u00e9es \u00e0 des tissus, un coutelas et 2 r\u00e9cipients contenant des restes et traces de produits chimiques suspects, qui seront soumis aux expertises techniques. A suivre.<\/p>\n<p>Auteur: challenge<br \/>\n<a href=\"https:\/\/www.challenge.ma\/cellule-terroriste-demantelee-le-bcij-poursuit-ses-perquisitions-a-temara-157144\/\">Cliquez ici pour lire l&rsquo;article depuis sa source.<\/a><\/p>\n","protected":false},"excerpt":{"rendered":"<p>Apr\u00e8s avoir arr\u00eat\u00e9 les cerveaux de la cellule terroriste d\u00e9mantel\u00e9e le 10 septembre dans plusieurs villes dont Tanger, Tiflet, T\u00e9mara et Skhirat, le BCIJ acc\u00e9l\u00e8re l\u2019enqu\u00eate. A T\u00e9mara, le Bureau central d\u2019investigation judiciaires a r\u00e9alis\u00e9 des perquisitions dans le parking d\u2019un immeuble o\u00f9 se loge la s\u0153ur du principal suspect. On apprend que les \u00e9l\u00e9ments [&hellip;]<\/p>\n","protected":false},"author":1787,"featured_media":0,"comment_status":"closed","ping_status":"closed","sticky":false,"template":"","format":"standard","meta":{"fifu_image_url":"","fifu_image_alt":"","footnotes":""},"categories":[78,54],"tags":[],"class_list":["post-99023","post","type-post","status-publish","format-standard","hentry","category-economie","category-maroc"],"_links":{"self":[{"href":"https:\/\/linitiative.ca\/International\/wp-json\/wp\/v2\/posts\/99023","targetHints":{"allow":["GET"]}}],"collection":[{"href":"https:\/\/linitiative.ca\/International\/wp-json\/wp\/v2\/posts"}],"about":[{"href":"https:\/\/linitiative.ca\/International\/wp-json\/wp\/v2\/types\/post"}],"author":[{"embeddable":true,"href":"https:\/\/linitiative.ca\/International\/wp-json\/wp\/v2\/users\/1787"}],"replies":[{"embeddable":true,"href":"https:\/\/linitiative.ca\/International\/wp-json\/wp\/v2\/comments?post=99023"}],"version-history":[{"count":0,"href":"https:\/\/linitiative.ca\/International\/wp-json\/wp\/v2\/posts\/99023\/revisions"}],"wp:attachment":[{"href":"https:\/\/linitiative.ca\/International\/wp-json\/wp\/v2\/media?parent=99023"}],"wp:term":[{"taxonomy":"category","embeddable":true,"href":"https:\/\/linitiative.ca\/International\/wp-json\/wp\/v2\/categories?post=99023"},{"taxonomy":"post_tag","embeddable":true,"href":"https:\/\/linitiative.ca\/International\/wp-json\/wp\/v2\/tags?post=99023"}],"curies":[{"name":"wp","href":"https:\/\/api.w.org\/{rel}","templated":true}]}}