{"id":99024,"date":"2020-09-16T15:42:55","date_gmt":"2020-09-16T19:42:55","guid":{"rendered":"https:\/\/linitiative.ca\/International\/zouhair-chorfi-nouveau-chef-de-cabinet-de-benchaaboun\/"},"modified":"2020-09-16T15:42:55","modified_gmt":"2020-09-16T19:42:55","slug":"zouhair-chorfi-nouveau-chef-de-cabinet-de-benchaaboun","status":"publish","type":"post","link":"https:\/\/linitiative.ca\/International\/zouhair-chorfi-nouveau-chef-de-cabinet-de-benchaaboun\/","title":{"rendered":"Zouhair Chorfi, nouveau Chef de cabinet de Bencha\u00e2boun"},"content":{"rendered":"<p><strong>Secr\u00e9taire G\u00e9n\u00e9ral du Minist\u00e8re des Finances depuis 2017, l\u2019ancien patron de l\u2019administration des douanes et imp\u00f4ts indirects vient d\u2019\u00eatre propuls\u00e9 \u00e0 la t\u00eate du cabinet du Ministre de l\u2019Economie, des Finances et de la R\u00e9forme de l\u2019Administration.\u00a0<\/strong><\/p>\n<div class=\"c10\"\/>\n<p>La note de service, laconique, dat\u00e9e du 14 septembre, porte \u00e0 la t\u00eate du cabinet du Ministre de l\u2019\u00c9conomie et des Finances Zouhair Chorfi, \u00e0 compter du 1<sup>er<\/sup> septembre. L\u2019homme est un pur produit de l\u2019administration marocaine, o\u00f9 il a exerc\u00e9 plusieurs postes de responsabilit\u00e9s, connu surtout pour son passage remarqu\u00e9 \u00e0 la t\u00eate de l\u2019ADII (Administration des douanes et imp\u00f4ts indirects).<\/p>\n<p>Tr\u00e8s discret, Zouhair Chorfi laisse ses comp\u00e9tences et ses r\u00e9alisations parler pour lui. Port\u00e9 \u00e0 la t\u00eate du Secr\u00e9tariat G\u00e9n\u00e9ral du Minist\u00e8re d\u00e9but novembre 2017, poste rest\u00e9 vacant apr\u00e8s le d\u00e9part de Khalid Safir trois ann\u00e9es plus t\u00f4t, il aura su transposer dans ses nouvelles fonctions les comp\u00e9tences de la pr\u00e9c\u00e9dente. Invit\u00e9 en f\u00e9vrier dernier de l\u2019\u00e9mission \u00ab\u00a0Confidences de presse\u00a0\u00bb sur la cha\u00eene 2M autour du th\u00e8me \u00ab\u00a0le nouveau programme int\u00e9gr\u00e9 d\u2019appui et de financement des entreprises\u00a0\u00bb, le nouveau Chef du cabinet de Bencha\u00e2boun n\u2019avait pas h\u00e9sit\u00e9 alors \u00e0 adopter un langage de v\u00e9rit\u00e9. Celui-ci avait reconnu les fragilit\u00e9s et les faiblesses d\u2019un Maroc qui a pourtant bien travaill\u00e9 durant les 20 derni\u00e8res ann\u00e9es. Sans oublier les maux dont souffre le pays sur le plan sp\u00e9cifiquement \u00e9conomique, 3 principalement\u00a0: une croissance qui ralentit, qui cr\u00e9e de moins en moins d\u2019emplois et dont les fruits sont mal r\u00e9partis. Ce diagnostic, face \u00e0 des journalistes qui l\u2019attendaient sur le sujet, et les solutions qui vont avec (cr\u00e9er plus de richesses, faire de l\u2019emploi la variable centrale des politiques publiques, r\u00e9duire les in\u00e9galit\u00e9s sociales et spatiales) ont d\u00e9montr\u00e9 toute la lucidit\u00e9 du haut fonctionnaire devant la t\u00e2che.<\/p>\n<p><strong>Lire aussi | <a href=\"https:\/\/www.challenge.ma\/redevances-le-secteur-de-laffichage-urbain-etouffe-157038\/\" target=\"_blank\" rel=\"noreferrer noopener\" aria-label=\"Redevances: le secteur de l&#x2019;affichage urbain &#xE9;touffe (opens in a new tab)\">Redevances: le secteur de l\u2019affichage urbain \u00e9touffe<\/a><\/strong><\/p>\n<p>Avant de prendre en main le Secr\u00e9tariat G\u00e9n\u00e9ral du Minist\u00e8re de l\u2019Economie et des Finances, \u00e0 la suite d\u2019un appel \u00e0 candidatures, Zouhair Chorfi tenait la direction g\u00e9n\u00e9rale de l\u2019Administration des douanes et des imp\u00f4ts indirects (ADII). \u00c0 ce poste, occup\u00e9 entre 2010 et 2017, Zouhair Chorfi et ses \u00e9quipes ont travaill\u00e9 \u00e0 la modernisation de l\u2019administration et r\u00e9ussi \u00e0 relever la contribution de cette direction au budget g\u00e9n\u00e9ral de l\u2019\u00c9tat.<\/p>\n<p>Docteur en sciences \u00e9conomiques de l\u2019Universit\u00e9 de Grenoble en 1985, il avait pass\u00e9 2 ann\u00e9es \u00e0 l\u2019Inspection g\u00e9n\u00e9rale des finances. Sa carri\u00e8re s\u2019est en grande partie d\u00e9roul\u00e9e au sein de la Direction du Tr\u00e9sor et des finances ext\u00e9rieures (DTFE) avec une multitude de postes et fonctions li\u00e9s \u00e0 la politique mon\u00e9taire, \u00e0 la gestion de la dette et \u00e0 la mobilisation des financements ext\u00e9rieurs. Il finira par diriger cette direction entre 2003 et 2010. Dans les ann\u00e9es 90, Zouhair Chorfi participe activement \u00e0 la r\u00e9forme du secteur financier, notamment la loi bancaire, le statut de Bank Al Maghrib, le march\u00e9 des capitaux. Il fut \u00e9galement administrateur de plusieurs institutions telles que Bank Al-Maghrib, la Banque Centrale Populaire, le Cr\u00e9dit Agricole, le Fonds d\u2019\u00e9quipement communal, la Caisse centrale de garantie, le Conseil d\u00e9ontologique des valeurs mobili\u00e8res, la Banque arabe pour le d\u00e9veloppement de l\u2019Afrique et la Soci\u00e9t\u00e9 maroco-\u00e9miratie de d\u00e9veloppement. Il a \u00e9galement particip\u00e9 \u00e0 la n\u00e9gociation de plusieurs accord (UE, ALE avec les USA).<\/p>\n<p><strong>Lire aussi | <a href=\"https:\/\/www.challenge.ma\/depart-de-samsung-de-la-chine-comment-le-maroc-peut-il-profiter-de-la-redistribution-des-cartes-156566\/\">D\u00e9part de Samsung de la Chine\u00a0: comment le Maroc peut-il profiter de la redistribution des cartes\u00a0?<\/a><\/strong><\/p>\n<p>Un parcours dans la pure tradition de l\u2019Administration des finances marocaine qui l\u2019am\u00e8ne aujourd\u2019hui \u00e0 la t\u00eate du cabinet du Ministre. \u00c0 un pas de l\u2019ultime fonction dans ce Minist\u00e8re\u00a0?<\/p>\n<p>Auteur: challenge<br \/>\n<a href=\"https:\/\/www.challenge.ma\/zouhair-chorfi-nouveau-chef-de-cabinet-de-benchaaboun-157124\/\">Cliquez ici pour lire l&rsquo;article depuis sa source.<\/a><\/p>\n","protected":false},"excerpt":{"rendered":"<p>Secr\u00e9taire G\u00e9n\u00e9ral du Minist\u00e8re des Finances depuis 2017, l\u2019ancien patron de l\u2019administration des douanes et imp\u00f4ts indirects vient d\u2019\u00eatre propuls\u00e9 \u00e0 la t\u00eate du cabinet du Ministre de l\u2019Economie, des Finances et de la R\u00e9forme de l\u2019Administration.\u00a0 La note de service, laconique, dat\u00e9e du 14 septembre, porte \u00e0 la t\u00eate du cabinet du Ministre de [&hellip;]<\/p>\n","protected":false},"author":1787,"featured_media":0,"comment_status":"closed","ping_status":"closed","sticky":false,"template":"","format":"standard","meta":{"fifu_image_url":"","fifu_image_alt":"","footnotes":""},"categories":[78,54],"tags":[],"class_list":["post-99024","post","type-post","status-publish","format-standard","hentry","category-economie","category-maroc"],"_links":{"self":[{"href":"https:\/\/linitiative.ca\/International\/wp-json\/wp\/v2\/posts\/99024","targetHints":{"allow":["GET"]}}],"collection":[{"href":"https:\/\/linitiative.ca\/International\/wp-json\/wp\/v2\/posts"}],"about":[{"href":"https:\/\/linitiative.ca\/International\/wp-json\/wp\/v2\/types\/post"}],"author":[{"embeddable":true,"href":"https:\/\/linitiative.ca\/International\/wp-json\/wp\/v2\/users\/1787"}],"replies":[{"embeddable":true,"href":"https:\/\/linitiative.ca\/International\/wp-json\/wp\/v2\/comments?post=99024"}],"version-history":[{"count":0,"href":"https:\/\/linitiative.ca\/International\/wp-json\/wp\/v2\/posts\/99024\/revisions"}],"wp:attachment":[{"href":"https:\/\/linitiative.ca\/International\/wp-json\/wp\/v2\/media?parent=99024"}],"wp:term":[{"taxonomy":"category","embeddable":true,"href":"https:\/\/linitiative.ca\/International\/wp-json\/wp\/v2\/categories?post=99024"},{"taxonomy":"post_tag","embeddable":true,"href":"https:\/\/linitiative.ca\/International\/wp-json\/wp\/v2\/tags?post=99024"}],"curies":[{"name":"wp","href":"https:\/\/api.w.org\/{rel}","templated":true}]}}