{"id":99025,"date":"2020-09-16T16:19:00","date_gmt":"2020-09-16T20:19:00","guid":{"rendered":"https:\/\/linitiative.ca\/International\/coronavirus-tui-fly-poursuit-ses-vols-speciaux-entre-le-maroc-et-la-belgique-jusquau-10-octobre\/"},"modified":"2020-09-16T16:19:00","modified_gmt":"2020-09-16T20:19:00","slug":"coronavirus-tui-fly-poursuit-ses-vols-speciaux-entre-le-maroc-et-la-belgique-jusquau-10-octobre","status":"publish","type":"post","link":"https:\/\/linitiative.ca\/International\/coronavirus-tui-fly-poursuit-ses-vols-speciaux-entre-le-maroc-et-la-belgique-jusquau-10-octobre\/","title":{"rendered":"Coronavirus : TUI Fly poursuit ses vols sp\u00e9ciaux entre le Maroc et la Belgique jusqu\u2019au 10 octobre"},"content":{"rendered":"<p><strong>La compagnie a\u00e9rienne TUI Fly a obtenu l\u2019accord du gouvernement marocain pour prolonger ses op\u00e9rations entre le Maroc et la Belgique jusqu\u2019au 10 octobre prochain.<\/strong><\/p>\n<div class=\"c10\"\/>\n<p>Cette op\u00e9ration repr\u00e9sente un soulagement pour les personnes concern\u00e9es. En effet, \u00a0depuis le 27 ao\u00fbt, TUI fly op\u00e9rait des vols entre le Maroc et la Belgique, permettant ainsi, entre autres, aux citoyens des deux pays de rejoindre leur lieu de r\u00e9sidence permanent. La demande \u00e9tant donc importante, TUI Fly indique qu\u2019elle \u00e9valuera, au-del\u00e0 de cette date, la possibilit\u00e9 de prolonger ces vols sp\u00e9ciaux entre les deux pays. Ainsi, des vols relieront les a\u00e9roports de Casablanca, de Tanger, d\u2019Oujda et de Nador \u00e0 l\u2019a\u00e9roport de Brussels South Charleroi.<\/p>\n<p><strong>Lire aussi|<\/strong> <a href=\"https:\/\/www.challenge.ma\/casablanca-pas-de-nouvelles-mesures-de-restrictions-157085\/\"><strong>Casablanca : pas de nouvelles mesures de restrictions<\/strong><\/a><\/p>\n<p>\u00ab\u00a0Ces vols sp\u00e9ciaux permettront aux citoyens marocains actuellement en Europe de retourner dans leur pays de r\u00e9sidence et de retrouver leurs proches. Inversement, les Marocains ayant une r\u00e9sidence permanente en Europe pourront \u00e9galement rentrer en Belgique par le vol de retour\u00a0\u00bb, souligne TUI Fly. Il est \u00e0 noter que pour pouvoir voyager vers\/depuis le Maroc, les passagers devront prouver qu\u2019ils ont un motif essentiel de voyage et se soumettre aux conditions d\u2019entr\u00e9e des pays de destination.<\/p>\n<p><strong>Lire aussi|<\/strong> <a href=\"https:\/\/www.challenge.ma\/coronavirus-le-tourisme-mondial-a-perdu-460-milliards-de-dollars-157049\/\"><strong>Coronavirus : le tourisme mondial a perdu 460 milliards de dollars<\/strong><\/a><\/p>\n<p>Rappelons aussi que tous les vols de la compagnie sont op\u00e9r\u00e9s selon les mesures sanitaires en vigueur mises en place par l\u2019Agence europ\u00e9enne de la s\u00e9curit\u00e9 a\u00e9rienne (AESA). Notons que les personnes concern\u00e9es par ces vols peuvent avoir les informations n\u00e9cessaires sur le site de la compagnie <a href=\"http:\/\/www.tuifly.ma\">www.tuifly.ma<\/a>.<\/p>\n<p>Auteur: challenge<br \/>\n<a href=\"https:\/\/www.challenge.ma\/coronavirus-tui-fly-poursuit-ses-vols-speciaux-entre-le-maroc-et-la-belgique-jusquau-10-octobre-157161\/\">Cliquez ici pour lire l&rsquo;article depuis sa source.<\/a><\/p>\n","protected":false},"excerpt":{"rendered":"<p>La compagnie a\u00e9rienne TUI Fly a obtenu l\u2019accord du gouvernement marocain pour prolonger ses op\u00e9rations entre le Maroc et la Belgique jusqu\u2019au 10 octobre prochain. Cette op\u00e9ration repr\u00e9sente un soulagement pour les personnes concern\u00e9es. En effet, \u00a0depuis le 27 ao\u00fbt, TUI fly op\u00e9rait des vols entre le Maroc et la Belgique, permettant ainsi, entre autres, [&hellip;]<\/p>\n","protected":false},"author":1787,"featured_media":0,"comment_status":"closed","ping_status":"closed","sticky":false,"template":"","format":"standard","meta":{"fifu_image_url":"","fifu_image_alt":"","footnotes":""},"categories":[78,54],"tags":[],"class_list":["post-99025","post","type-post","status-publish","format-standard","hentry","category-economie","category-maroc"],"_links":{"self":[{"href":"https:\/\/linitiative.ca\/International\/wp-json\/wp\/v2\/posts\/99025","targetHints":{"allow":["GET"]}}],"collection":[{"href":"https:\/\/linitiative.ca\/International\/wp-json\/wp\/v2\/posts"}],"about":[{"href":"https:\/\/linitiative.ca\/International\/wp-json\/wp\/v2\/types\/post"}],"author":[{"embeddable":true,"href":"https:\/\/linitiative.ca\/International\/wp-json\/wp\/v2\/users\/1787"}],"replies":[{"embeddable":true,"href":"https:\/\/linitiative.ca\/International\/wp-json\/wp\/v2\/comments?post=99025"}],"version-history":[{"count":0,"href":"https:\/\/linitiative.ca\/International\/wp-json\/wp\/v2\/posts\/99025\/revisions"}],"wp:attachment":[{"href":"https:\/\/linitiative.ca\/International\/wp-json\/wp\/v2\/media?parent=99025"}],"wp:term":[{"taxonomy":"category","embeddable":true,"href":"https:\/\/linitiative.ca\/International\/wp-json\/wp\/v2\/categories?post=99025"},{"taxonomy":"post_tag","embeddable":true,"href":"https:\/\/linitiative.ca\/International\/wp-json\/wp\/v2\/tags?post=99025"}],"curies":[{"name":"wp","href":"https:\/\/api.w.org\/{rel}","templated":true}]}}