{"id":99060,"date":"2020-09-17T08:30:36","date_gmt":"2020-09-17T12:30:36","guid":{"rendered":"https:\/\/linitiative.ca\/International\/adieu-le-soldat-de-lart\/"},"modified":"2020-09-17T08:30:36","modified_gmt":"2020-09-17T12:30:36","slug":"adieu-le-soldat-de-lart","status":"publish","type":"post","link":"https:\/\/linitiative.ca\/International\/adieu-le-soldat-de-lart\/","title":{"rendered":"Adieu le soldat de l\u2019art !"},"content":{"rendered":"<p><img decoding=\"async\" class=\"post_layout_5_img\" src=\"http:\/\/aujourdhui.ma\/wp-content\/uploads\/2020\/09\/Anouar-Al-Joundi-1.jpg\" alt=\"Adieu le soldat de l&#x2019;art !\"\/><\/p>\n<p><strong>Des artistes t\u00e9moignent du militantisme de feu Anouar Al Joundi<\/strong><span id=\"more-355633\"\/><\/p>\n<p>Tellement sa maladie \u00e9tait imperceptible que son d\u00e9c\u00e8s \u00e9tait surprenant. H\u00e9las, Anouar Al Joundi est parti mardi \u00e0 l\u2019au-del\u00e0 \u00e0 l\u2019\u00e2ge de 59 ans. Un d\u00e9c\u00e8s qui attriste, assez, ses pairs. Entre autres, le com\u00e9dien et acteur, Mohamed El Jem, qui ne cache pas son \u00e9motion et rappelle avoir \u00e9t\u00e9 li\u00e9 d\u2019amiti\u00e9 avec le d\u00e9funt, indique que celui-ci a, \u00abdans le m\u00e9tier, pris des initiatives pour la continuit\u00e9\u00bb. \u00abIl a pris, d\u2019une main de fer, le flambeau de ses parents et a tent\u00e9 de pers\u00e9v\u00e9rer. Et il a r\u00e9alis\u00e9 les espoirs escompt\u00e9s\u00bb, ajoute le com\u00e9dien. D\u2019ailleurs, l\u2019artiste disparu a \u00e9crit des \u0153uvres et des livres r\u00e9ussis. \u00abC\u2019\u00e9tait un artiste accompli\u00bb, exalte M. El Jem \u00e0 propos du d\u00e9funt qui a \u00e9galement fait dans la r\u00e9alisation et la personnification.<\/p>\n<p><a href=\"https:\/\/aujourdhui.ma\/wp-content\/uploads\/2020\/09\/Sans-titre-24-scaled.jpg\"><img loading=\"lazy\" decoding=\"async\" class=\"size-medium wp-image-355649 alignleft\" src=\"http:\/\/aujourdhui.ma\/wp-content\/uploads\/2020\/09\/Sans-titre-24-300x200.jpg\" alt=\"\" width=\"300\" height=\"200\" srcset=\"http:\/\/aujourdhui.ma\/wp-content\/uploads\/2020\/09\/Sans-titre-24-300x200.jpg 300w, \/\/aujourdhui.ma\/wp-content\/uploads\/2020\/09\/Sans-titre-24-1024x683.jpg 1024w, \/\/aujourdhui.ma\/wp-content\/uploads\/2020\/09\/Sans-titre-24-768x512.jpg 768w, \/\/aujourdhui.ma\/wp-content\/uploads\/2020\/09\/Sans-titre-24-1536x1024.jpg 1536w, \/\/aujourdhui.ma\/wp-content\/uploads\/2020\/09\/Sans-titre-24-2048x1365.jpg 2048w, \/\/aujourdhui.ma\/wp-content\/uploads\/2020\/09\/Sans-titre-24-80x54.jpg 80w, \/\/aujourdhui.ma\/wp-content\/uploads\/2020\/09\/Sans-titre-24-130x87.jpg 130w, \/\/aujourdhui.ma\/wp-content\/uploads\/2020\/09\/Sans-titre-24-359x240.jpg 359w, \/\/aujourdhui.ma\/wp-content\/uploads\/2020\/09\/Sans-titre-24-85x57.jpg 85w, \/\/aujourdhui.ma\/wp-content\/uploads\/2020\/09\/Sans-titre-24-347x233.jpg 347w, \/\/aujourdhui.ma\/wp-content\/uploads\/2020\/09\/Sans-titre-24-112x75.jpg 112w, \/\/aujourdhui.ma\/wp-content\/uploads\/2020\/09\/Sans-titre-24-179x120.jpg 179w, \/\/aujourdhui.ma\/wp-content\/uploads\/2020\/09\/Sans-titre-24-170x113.jpg 170w, \/\/aujourdhui.ma\/wp-content\/uploads\/2020\/09\/Sans-titre-24-81x55.jpg 81w, \/\/aujourdhui.ma\/wp-content\/uploads\/2020\/09\/Sans-titre-24-765x510.jpg 765w\" sizes=\"auto, (max-width: 300px) 100vw, 300px\"\/><\/a><\/p>\n<p>De son vivant, l\u2019artiste disparu \u00e9tait, selon le com\u00e9dien, accompagn\u00e9 d\u2019une caravane d\u2019artistes et veillait au rassemblement de sa troupe. \u00abIl \u00e9tait \u00e0 la hauteur et il a grav\u00e9 son nom dans la sc\u00e8ne artistique marocaine qui a perdu un de ses bons fils qui se passionnait pour sa patrie\u00bb, ajoute l\u2019acteur. Comme il le d\u00e9taille, Feu Al Joundi veillait au labeur et \u00e0 y int\u00e9grer d\u2019autres personnes. Tout comme M. El Jem, d\u2019autres artistes t\u00e9moignent, selon ce com\u00e9dien, de la bonne moralit\u00e9 du regrett\u00e9 qui \u00e9tait \u00abun militant dans le domaine\u00bb.<br \/>A son tour, l\u2019actrice Bouchra Ahrich s\u2019exprime avec la m\u00eame \u00e9motion. Pour elle, \u00abil n\u2019\u00e9tait pas seulement artiste, il \u00e9tait \u00e9galement l\u2019un des fondateurs de l\u2019art puisqu\u2019il a grandi dans une famille artistique\u00bb. \u00abC\u2019\u00e9tait un boss, un leader\u00bb, qualifie-t-elle le d\u00e9funt en rappelant l\u2019\u0153uvre de celui-ci dans sa troupe de th\u00e9\u00e2tre. \u00abIl tenait aux tourn\u00e9es dans les villes au Maroc et \u00e0 l\u2019\u00e9tranger\u00bb, ajoute-t-elle. Pour la com\u00e9dienne, le regrett\u00e9 \u00e9tait \u00e9galement syndicaliste puisqu\u2019il a \u00abmilit\u00e9 pour les artistes notamment\u00bb. Aussi, il constituait, au sens de l\u2019actrice, un lien entre les artistes et l\u2019administration, les minist\u00e8res et les syndicats.<a href=\"https:\/\/aujourdhui.ma\/wp-content\/uploads\/2020\/09\/Sans-titre-7-scaled.jpg\"><img loading=\"lazy\" decoding=\"async\" class=\"size-medium wp-image-355651 alignright\" src=\"http:\/\/aujourdhui.ma\/wp-content\/uploads\/2020\/09\/Sans-titre-7-300x169.jpg\" alt=\"\" width=\"300\" height=\"169\" srcset=\"http:\/\/aujourdhui.ma\/wp-content\/uploads\/2020\/09\/Sans-titre-7-300x169.jpg 300w, \/\/aujourdhui.ma\/wp-content\/uploads\/2020\/09\/Sans-titre-7-1024x576.jpg 1024w, \/\/aujourdhui.ma\/wp-content\/uploads\/2020\/09\/Sans-titre-7-768x432.jpg 768w, \/\/aujourdhui.ma\/wp-content\/uploads\/2020\/09\/Sans-titre-7-1536x864.jpg 1536w, \/\/aujourdhui.ma\/wp-content\/uploads\/2020\/09\/Sans-titre-7-2048x1152.jpg 2048w\" sizes=\"auto, (max-width: 300px) 100vw, 300px\"\/><\/a><\/p>\n<p>\u00abNous avons perdu un homme sympathique, de bonne moralit\u00e9, engag\u00e9 et fid\u00e8le \u00e0 l\u2019histoire\u00bb, encha\u00eene-t-elle. Elle rappelle \u00e9galement qu\u2019il tenait \u00e0 assister aux \u00e9v\u00e9nements, festivals, rencontres, tables rondes. Il nouait aussi des relations avec des personnes de par le monde, \u00e0 chaque fois que l\u2019occasion se pr\u00e9sentait, pour promouvoir la culture marocaine. La com\u00e9dienne ne manque pas d\u2019\u00e9voquer la maladie de l\u2019artiste disparu. \u00abIl souffrait en silence apr\u00e8s son op\u00e9ration du c\u0153ur bien qu\u2019il l\u2019ait faite depuis des ann\u00e9es.<\/p>\n<p>Il a m\u00eame gard\u00e9 sa maladie secr\u00e8te\u00bb, confie-t-elle en rappelant que le d\u00e9funt tenait \u00e9galement \u00e0 assister aux c\u00e9r\u00e9monies. \u00abC\u2019\u00e9tait un p\u00e8re pour tout le monde. Il a pris le flambeau dans la troupe de th\u00e9\u00e2tre dont tous les membres sont d\u00e9sormais orphelins sans leur p\u00e8re spirituel\u00bb, conclut-elle.<\/p>\n<p><a href=\"https:\/\/aujourdhui.ma\/wp-content\/uploads\/2020\/09\/Sans-titre-4-scaled.jpg\"><img loading=\"lazy\" decoding=\"async\" class=\" wp-image-355650 aligncenter\" src=\"http:\/\/aujourdhui.ma\/wp-content\/uploads\/2020\/09\/Sans-titre-4-300x150.jpg\" alt=\"\" width=\"716\" height=\"358\" srcset=\"http:\/\/aujourdhui.ma\/wp-content\/uploads\/2020\/09\/Sans-titre-4-300x150.jpg 300w, \/\/aujourdhui.ma\/wp-content\/uploads\/2020\/09\/Sans-titre-4-1024x512.jpg 1024w, \/\/aujourdhui.ma\/wp-content\/uploads\/2020\/09\/Sans-titre-4-768x384.jpg 768w, \/\/aujourdhui.ma\/wp-content\/uploads\/2020\/09\/Sans-titre-4-1536x768.jpg 1536w, \/\/aujourdhui.ma\/wp-content\/uploads\/2020\/09\/Sans-titre-4-2048x1024.jpg 2048w, \/\/aujourdhui.ma\/wp-content\/uploads\/2020\/09\/Sans-titre-4-165x84.jpg 165w\" sizes=\"auto, (max-width: 716px) 100vw, 716px\"\/><\/a><\/p>\n<p>Auteur: Salima Guisser<br \/>\n<a href=\"https:\/\/aujourdhui.ma\/culture\/adieu-le-soldat-de-lart\">Cliquez ici pour lire l&rsquo;article depuis sa source.<\/a><\/p>\n","protected":false},"excerpt":{"rendered":"<p>Des artistes t\u00e9moignent du militantisme de feu Anouar Al Joundi Tellement sa maladie \u00e9tait imperceptible que son d\u00e9c\u00e8s \u00e9tait surprenant. H\u00e9las, Anouar Al Joundi est parti mardi \u00e0 l\u2019au-del\u00e0 \u00e0 l\u2019\u00e2ge de 59 ans. Un d\u00e9c\u00e8s qui attriste, assez, ses pairs. Entre autres, le com\u00e9dien et acteur, Mohamed El Jem, qui ne cache pas son [&hellip;]<\/p>\n","protected":false},"author":1759,"featured_media":99061,"comment_status":"closed","ping_status":"closed","sticky":false,"template":"","format":"standard","meta":{"fifu_image_url":"","fifu_image_alt":"","footnotes":""},"categories":[73,54],"tags":[],"class_list":["post-99060","post","type-post","status-publish","format-standard","has-post-thumbnail","hentry","category-actualite","category-maroc"],"_links":{"self":[{"href":"https:\/\/linitiative.ca\/International\/wp-json\/wp\/v2\/posts\/99060","targetHints":{"allow":["GET"]}}],"collection":[{"href":"https:\/\/linitiative.ca\/International\/wp-json\/wp\/v2\/posts"}],"about":[{"href":"https:\/\/linitiative.ca\/International\/wp-json\/wp\/v2\/types\/post"}],"author":[{"embeddable":true,"href":"https:\/\/linitiative.ca\/International\/wp-json\/wp\/v2\/users\/1759"}],"replies":[{"embeddable":true,"href":"https:\/\/linitiative.ca\/International\/wp-json\/wp\/v2\/comments?post=99060"}],"version-history":[{"count":0,"href":"https:\/\/linitiative.ca\/International\/wp-json\/wp\/v2\/posts\/99060\/revisions"}],"wp:featuredmedia":[{"embeddable":true,"href":"https:\/\/linitiative.ca\/International\/wp-json\/"}],"wp:attachment":[{"href":"https:\/\/linitiative.ca\/International\/wp-json\/wp\/v2\/media?parent=99060"}],"wp:term":[{"taxonomy":"category","embeddable":true,"href":"https:\/\/linitiative.ca\/International\/wp-json\/wp\/v2\/categories?post=99060"},{"taxonomy":"post_tag","embeddable":true,"href":"https:\/\/linitiative.ca\/International\/wp-json\/wp\/v2\/tags?post=99060"}],"curies":[{"name":"wp","href":"https:\/\/api.w.org\/{rel}","templated":true}]}}