{"id":99062,"date":"2020-09-17T08:35:13","date_gmt":"2020-09-17T12:35:13","guid":{"rendered":"https:\/\/linitiative.ca\/International\/tui-fly-prolonge-ses-vols-entre-le-maroc-et-la-belgique-jusquau-10-octobre\/"},"modified":"2020-09-17T08:35:13","modified_gmt":"2020-09-17T12:35:13","slug":"tui-fly-prolonge-ses-vols-entre-le-maroc-et-la-belgique-jusquau-10-octobre","status":"publish","type":"post","link":"https:\/\/linitiative.ca\/International\/tui-fly-prolonge-ses-vols-entre-le-maroc-et-la-belgique-jusquau-10-octobre\/","title":{"rendered":"TUI Fly prolonge ses vols entre le Maroc  et la Belgique jusqu\u2019au 10 octobre"},"content":{"rendered":"<header readability=\"1.3636363636364\">\n<div class=\"entry-post-meta\" readability=\"6.5806451612903\">\n<div class=\"author-link\">Publi\u00e9 par <a itemprop=\"author\" itemscope=\"\" itemtype=\"https:\/\/schema.org\/Person\" href=\"https:\/\/aujourdhui.ma\/author\/blio\" rel=\"author\"><span itemprop=\"name\">ALM<\/span><\/a><\/div>\n<p>Date\u00a0:<time content=\"2020-09-17T13:35:13+01:00\" class=\"entry-date updated\" datetime=\"2020-09-17T13:35:13+01:00\">septembre 17, 2020<\/time><\/p>\n<div class=\"entry-cat\">dans:<a href=\"https:\/\/aujourdhui.ma\/category\/economie\" rel=\"category tag\">Economie<\/a><\/div>\n<p>34Vues<\/p>\n<\/div>\n<\/header>\n<div class=\"entry-content clearfix\" readability=\"44\"><img decoding=\"async\" class=\"post_layout_5_img\" src=\"http:\/\/aujourdhui.ma\/wp-content\/uploads\/2020\/08\/Avion-TUI-Fly.jpg\" alt=\"TUI Fly prolonge ses vols entre le Maroc et la Belgique jusqu&#x2019;au 10 octobre\"\/><\/p>\n<p><strong>La compagnie a\u00e9rienne belge TUI Fly a annonc\u00e9 le mercredi 16 septembre qu\u2019elle prolongeait ses vols entre le Maroc et la Belgique jusqu\u2019au 10 octobre.<\/strong><span id=\"more-355610\"\/><\/p>\n<p>Depuis le 27 ao\u00fbt, la compagnie a\u00e9rienne op\u00e8re des vols entre le Maroc et la Belgique permettant aux citoyens des deux pays de rejoindre leur lieu de r\u00e9sidence permanent et de retrouver leurs proches. Au vu du succ\u00e8s de ces vols sp\u00e9ciaux et apr\u00e8s avoir obtenu une nouvelle fois l\u2019accord du gouvernement marocain, les vols ont \u00e9t\u00e9 prolong\u00e9s jusqu\u2019\u00e0 la date du 10 octobre. Des vols relieront les a\u00e9roports de Casablanca, Tanger, Oujda et Nador \u00e0 l\u2019a\u00e9roport de Brussels South Charleroi. Ces vols sp\u00e9ciaux permettront aux citoyens marocains actuellement en Europe de retourner dans leur pays de r\u00e9sidence et de retrouver leurs proches. Inversement, les Marocains ayant une r\u00e9sidence permanente en Europe pourront \u00e9galement rentrer en Belgique par le vol de retour. Pour pouvoir voyager vers\/depuis le Maroc, les passagers devront prouver qu\u2019ils ont un motif essentiel de voyage et se soumettre aux conditions d\u2019entr\u00e9e des pays de destination. Tous les vols de la compagnie TUI Fly sont op\u00e9r\u00e9s selon les mesures sanitaires en vigueur mises en place par l\u2019Agence europ\u00e9enne de la s\u00e9curit\u00e9 a\u00e9rienne (AESA).<\/p>\n<\/div>\n<p>Auteur: ALM<br \/>\n<a href=\"https:\/\/aujourdhui.ma\/economie\/tui-fly-prolonge-ses-vols-entre-le-maroc-et-la-belgique-jusquau-10-octobre\">Cliquez ici pour lire l&rsquo;article depuis sa source.<\/a><\/p>\n","protected":false},"excerpt":{"rendered":"<p>Publi\u00e9 par ALM Date\u00a0:septembre 17, 2020 dans:Economie 34Vues La compagnie a\u00e9rienne belge TUI Fly a annonc\u00e9 le mercredi 16 septembre qu\u2019elle prolongeait ses vols entre le Maroc et la Belgique jusqu\u2019au 10 octobre. Depuis le 27 ao\u00fbt, la compagnie a\u00e9rienne op\u00e8re des vols entre le Maroc et la Belgique permettant aux citoyens des deux pays [&hellip;]<\/p>\n","protected":false},"author":1759,"featured_media":99063,"comment_status":"closed","ping_status":"closed","sticky":false,"template":"","format":"standard","meta":{"fifu_image_url":"","fifu_image_alt":"","footnotes":""},"categories":[73,54],"tags":[],"class_list":["post-99062","post","type-post","status-publish","format-standard","has-post-thumbnail","hentry","category-actualite","category-maroc"],"_links":{"self":[{"href":"https:\/\/linitiative.ca\/International\/wp-json\/wp\/v2\/posts\/99062","targetHints":{"allow":["GET"]}}],"collection":[{"href":"https:\/\/linitiative.ca\/International\/wp-json\/wp\/v2\/posts"}],"about":[{"href":"https:\/\/linitiative.ca\/International\/wp-json\/wp\/v2\/types\/post"}],"author":[{"embeddable":true,"href":"https:\/\/linitiative.ca\/International\/wp-json\/wp\/v2\/users\/1759"}],"replies":[{"embeddable":true,"href":"https:\/\/linitiative.ca\/International\/wp-json\/wp\/v2\/comments?post=99062"}],"version-history":[{"count":0,"href":"https:\/\/linitiative.ca\/International\/wp-json\/wp\/v2\/posts\/99062\/revisions"}],"wp:featuredmedia":[{"embeddable":true,"href":"https:\/\/linitiative.ca\/International\/wp-json\/"}],"wp:attachment":[{"href":"https:\/\/linitiative.ca\/International\/wp-json\/wp\/v2\/media?parent=99062"}],"wp:term":[{"taxonomy":"category","embeddable":true,"href":"https:\/\/linitiative.ca\/International\/wp-json\/wp\/v2\/categories?post=99062"},{"taxonomy":"post_tag","embeddable":true,"href":"https:\/\/linitiative.ca\/International\/wp-json\/wp\/v2\/tags?post=99062"}],"curies":[{"name":"wp","href":"https:\/\/api.w.org\/{rel}","templated":true}]}}