{"id":99064,"date":"2020-09-17T08:45:58","date_gmt":"2020-09-17T12:45:58","guid":{"rendered":"https:\/\/linitiative.ca\/International\/programme-porte-par-infra-projet-400-ha-darganier-plantes-a-tiznit\/"},"modified":"2020-09-17T08:45:58","modified_gmt":"2020-09-17T12:45:58","slug":"programme-porte-par-infra-projet-400-ha-darganier-plantes-a-tiznit","status":"publish","type":"post","link":"https:\/\/linitiative.ca\/International\/programme-porte-par-infra-projet-400-ha-darganier-plantes-a-tiznit\/","title":{"rendered":"Programme port\u00e9 par Infra Projet : 400 ha d\u2019arganier plant\u00e9s \u00e0 Tiznit"},"content":{"rendered":"<header readability=\"1.248502994012\">\n<\/header>\n<div class=\"entry-content clearfix\" readability=\"59\"><img decoding=\"async\" class=\"post_layout_5_img\" src=\"http:\/\/aujourdhui.ma\/wp-content\/uploads\/2019\/01\/Arganier.jpg\" alt=\"Programme port&#xE9; par Infra Projet : 400 ha d&#x2019;arganier plant&#xE9;s &#xE0; Tiznit\"\/><\/p>\n<p><strong>La soci\u00e9t\u00e9 Infra Projet vient de remporter le march\u00e9 relatif aux travaux de plantation et d\u2019entretien arboricole d\u2019arganier sur une superficie de 400 hectares dans la province de Tiznit pour un montant total de 7,57 millions de dirhams.<\/strong><\/p>\n<p><span id=\"more-355620\"\/><br \/>Dans les d\u00e9tails de ce projet lanc\u00e9 par l\u2019Agence nationale pour le d\u00e9veloppement des zones oasiennes et de l\u2019arganier (ANDZOA), la soci\u00e9t\u00e9 Infra Projet a pr\u00e9sent\u00e9 l\u2019offre la moins-disante jug\u00e9e acceptable par la commission de jugement des offres. Ce dernier s\u2019inscrit dans le cadre du projet Dared qui consiste en la plantation de l\u2019arganier sur les terrains priv\u00e9s, et ce au niveau de la R\u00e9serve de biosph\u00e8re de l\u2019arganerie (RBA) faisant partie de la zone d\u2019action de l\u2019Andzoa. Ce programme est cofinanc\u00e9 par le Green Climate Fund (GCF) et l\u2019Etat marocain.<br \/>Selon le ma\u00eetre d\u2019ouvrage, la r\u00e9alisation de ce dernier se fera sur une dur\u00e9e de 36 mois, et ce dans la province de Tiznit, cercle Tafraout, sur une superficie de 400 hectares \u00e0 travers une approche participative associant les b\u00e9n\u00e9ficiaires \u00e0 toutes les phases d\u2019ex\u00e9cution. Une d\u00e9marche qui constitue un \u00e9l\u00e9ment fondamental et incontournable pour garantir la p\u00e9rennit\u00e9 et la durabilit\u00e9 des interventions du projet et la mise en \u0153uvre de ce projet de plantation.<br \/>A noter que la reconnaissance de l\u2019espace arganeraie par l\u2019Unesco depuis 1998 comme RBA a mis en \u00e9vidence sa richesse biologique et les opportunit\u00e9s \u00e9conomiques qu\u2019elle offre. Le boom du march\u00e9 de l\u2019huile d\u2019argane et sa demande croissante ont am\u00e9lior\u00e9 le revenu des m\u00e9nages, mais ont exerc\u00e9 de fortes pressions sur la for\u00eat naturelle et r\u00e9duit sa r\u00e9g\u00e9n\u00e9ration spontan\u00e9e, mena\u00e7ant ainsi sa durabilit\u00e9. La vuln\u00e9rabilit\u00e9 du Maroc au changement climatique exacerbe une telle tendance n\u00e9gative.<br \/>Le Royaume s\u2019est \u00e9galement engag\u00e9, par sa contribution d\u00e9termin\u00e9e au niveau national (NDC), \u00e0 r\u00e9duire ses \u00e9missions de gaz \u00e0 effet de serre (GES) de 42% \u00e0 l\u2019horizon 2030, par le biais des NAMA (Mesures d\u2019att\u00e9nuation appropri\u00e9es au niveau national). L\u2019arganiculture, qui vise \u00e0 planter 43.000 hectares de vergers d\u2019arganiers, est une NAMA prioritaire.<br \/>Dans ce sens, l\u2019objectif global du projet Dared est de renforcer la r\u00e9silience des communaut\u00e9s rurales et de la r\u00e9serve de biosph\u00e8re arganeraie face au changement climatique.<br \/>Ledit projet vise \u00e0 mettre en place les vergers modernes de l\u2019arganier (arganiculture) sur 10.000 hectares, l\u2019appui aux initiatives de pr\u00e9servation de l\u2019\u00e9cosyst\u00e8me arganier, le renforcement des capacit\u00e9s, gestion des connaissances, promotion de la recherche et de construire un environnement institutionnel et organisationnel innovant favorable \u00e0 cet effet.<br \/>Le projet contribuera \u00e9galement \u00e0 am\u00e9liorer la fertilit\u00e9 des sols et \u00e0 en accro\u00eetre la s\u00e9questration du carbone par la production de biomasse. Il am\u00e9liorera directement les conditions de vie de la population locale, et en particulier des femmes. Cela permettra de soulager la pression anthropique sur la for\u00eat naturelle de l\u2019arganier tout en am\u00e9liorant la production et la productivit\u00e9 des arbres. Ce projet permettra \u00e9galement d\u2019adopter un syst\u00e8me de culture qui utilise l\u2019eau d\u2019une mani\u00e8re plus efficiente. Il contribuera aussi \u00e0 att\u00e9nuer les impacts n\u00e9gatifs li\u00e9s aux inondations et la protection des vies humaines dans un environnement marqu\u00e9 par le changement climatique.<\/p>\n<\/div>\n<p>Auteur: Mohamed Laabid<br \/>\n<a href=\"https:\/\/aujourdhui.ma\/economie\/programme-porte-par-infra-projet-400-ha-darganier-plantes-a-tiznit\">Cliquez ici pour lire l&rsquo;article depuis sa source.<\/a><\/p>\n","protected":false},"excerpt":{"rendered":"<p>La soci\u00e9t\u00e9 Infra Projet vient de remporter le march\u00e9 relatif aux travaux de plantation et d\u2019entretien arboricole d\u2019arganier sur une superficie de 400 hectares dans la province de Tiznit pour un montant total de 7,57 millions de dirhams. Dans les d\u00e9tails de ce projet lanc\u00e9 par l\u2019Agence nationale pour le d\u00e9veloppement des zones oasiennes et [&hellip;]<\/p>\n","protected":false},"author":1759,"featured_media":99065,"comment_status":"closed","ping_status":"closed","sticky":false,"template":"","format":"standard","meta":{"fifu_image_url":"","fifu_image_alt":"","footnotes":""},"categories":[73,54],"tags":[],"class_list":["post-99064","post","type-post","status-publish","format-standard","has-post-thumbnail","hentry","category-actualite","category-maroc"],"_links":{"self":[{"href":"https:\/\/linitiative.ca\/International\/wp-json\/wp\/v2\/posts\/99064","targetHints":{"allow":["GET"]}}],"collection":[{"href":"https:\/\/linitiative.ca\/International\/wp-json\/wp\/v2\/posts"}],"about":[{"href":"https:\/\/linitiative.ca\/International\/wp-json\/wp\/v2\/types\/post"}],"author":[{"embeddable":true,"href":"https:\/\/linitiative.ca\/International\/wp-json\/wp\/v2\/users\/1759"}],"replies":[{"embeddable":true,"href":"https:\/\/linitiative.ca\/International\/wp-json\/wp\/v2\/comments?post=99064"}],"version-history":[{"count":0,"href":"https:\/\/linitiative.ca\/International\/wp-json\/wp\/v2\/posts\/99064\/revisions"}],"wp:featuredmedia":[{"embeddable":true,"href":"https:\/\/linitiative.ca\/International\/wp-json\/"}],"wp:attachment":[{"href":"https:\/\/linitiative.ca\/International\/wp-json\/wp\/v2\/media?parent=99064"}],"wp:term":[{"taxonomy":"category","embeddable":true,"href":"https:\/\/linitiative.ca\/International\/wp-json\/wp\/v2\/categories?post=99064"},{"taxonomy":"post_tag","embeddable":true,"href":"https:\/\/linitiative.ca\/International\/wp-json\/wp\/v2\/tags?post=99064"}],"curies":[{"name":"wp","href":"https:\/\/api.w.org\/{rel}","templated":true}]}}