{"id":99070,"date":"2020-09-17T09:49:14","date_gmt":"2020-09-17T13:49:14","guid":{"rendered":"https:\/\/linitiative.ca\/International\/onu-hilale-expose-la-strategie-energetique-du-maroc\/"},"modified":"2020-09-17T09:49:14","modified_gmt":"2020-09-17T13:49:14","slug":"onu-hilale-expose-la-strategie-energetique-du-maroc","status":"publish","type":"post","link":"https:\/\/linitiative.ca\/International\/onu-hilale-expose-la-strategie-energetique-du-maroc\/","title":{"rendered":"ONU: Hilale expose la strat\u00e9gie \u00e9nerg\u00e9tique du Maroc"},"content":{"rendered":"<p class=\"has-text-color c2\"><strong>L\u2019ambassadeur, repr\u00e9sentant permanent du Maroc aupr\u00e8s des Nations-Unies, Omar Hilale, a expos\u00e9 le choix du Maroc, sous la conduite de SM le Roi Mohammed VI, pour les \u00e9nergies nouvelles et renouvelables, dans un article publi\u00e9 par la Fondation Dag Hammarskj\u00f6ld et le Bureau des Nations-Unies du Fonds d\u2019affectation sp\u00e9ciale multipartite.<\/strong><\/p>\n<p>Dans cette analyse intitul\u00e9e \u00ab\u00a0Le financement de l\u2019action climat et la transition \u00e9nerg\u00e9tique durant la crise COVID-19\u00a0\u00bb, M. Hilale met en exergue l\u2019exp\u00e9rience du Maroc en mati\u00e8re de transition \u00e9nerg\u00e9tique et la politique du Royaume de s\u2019orienter vers la finance verte et les \u00e9nergies renouvelables. \u00ab\u00a0Il s\u2019agit d\u2019un choix strat\u00e9gique pertinent qui trouve toute sa place dans la conjoncture difficile que traverse le monde aujourd\u2019hui\u00a0\u00bb, soutient-il.<\/p>\n<p>L\u2019ambassadeur ajoute que le Maroc donne l\u2019exemple d\u2019un pays soucieux d\u2019assurer sa propre s\u00e9curit\u00e9 \u00e9nerg\u00e9tique, tout en respectant ses engagements en mati\u00e8re de lutte contre le r\u00e9chauffement climatique. Le Royaume a port\u00e9, en effet, \u00e0 42% la part des \u00e9nergies propres dans le mix \u00e9lectrique d\u2019ici \u00e0 2021, une part qui devra s\u2019\u00e9lever \u00e0 52% d\u2019ici l\u2019horizon 2030.<\/p>\n<p>L\u2019article met en outre la lumi\u00e8re sur les enjeux de la finance verte dans le contexte de la crise sanitaire et les opportunit\u00e9s qui s\u2019offrent aux pays en d\u00e9veloppement, particuli\u00e8rement en Afrique en mati\u00e8re de transition \u00e9nerg\u00e9tique.<\/p>\n<p>Il avertit qu\u2019en vue d\u2019atteindre la neutralit\u00e9 carbone d\u2019ici \u00e0 2050, il faudra pr\u00e9server la biodiversit\u00e9 et s\u2019engager dans une d\u00e9croissance \u00e9nerg\u00e9tique mondiale. Tels sont les engagements pris par la communaut\u00e9 internationale dans l\u2019Accord de Paris en 2015 et en perspective du Sommet des Chef d\u2019\u00c9tats et de gouvernement sur la biodiversit\u00e9 en 2020.<\/p>\n<p>Dans le contexte de l\u2019actuelle conjoncture \u00e9conomique difficile, \u00ab\u00a0plusieurs pays en d\u00e9veloppement demandent l\u2019appui des institutions financi\u00e8res internationales. Le redressement de leurs \u00e9conomies d\u00e9pendra en grande partie de leur capacit\u00e9, avec l\u2019appui des pays partenaires, \u00e0 valoriser le capital humain local et \u00e0 trouver des moyens de puiser dans les ressources renouvelables, consacrant ainsi le principe de la r\u00e9silience, la durabilit\u00e9 et la proximit\u00e9 g\u00e9ographique. L\u2019aide au d\u00e9veloppement sera cruciale pour les pays en Afrique, et l\u2019acheminement des flux financiers vers des secteurs vitaux et sp\u00e9cifiques pour le d\u00e9veloppement local sera plus que jamais indispensable\u00a0\u00bb, soutient M. Hilale.<\/p>\n<p>Il conclut que le monde de demain sera diff\u00e8rent de celui qu\u2019on a connu avant sur tellement d\u2019aspects. La crise du COVID-19 est \u00e0 la fois \u00e9prouvante et utile pour que la communaut\u00e9 internationale puisse d\u00e9gager les bonnes le\u00e7ons: promouvoir davantage la finance verte, investir dans une transition industrielle et dans des modes de production et de consommation durables et relancer la machine \u00e9conomique en cr\u00e9ant des emplois \u00e0 l\u2019\u00e9preuve du climat qui constitue \u00e0 terme, la plus grande menace plan\u00e9taire du 21\u00e8me si\u00e8cle.<\/p>\n<p>Cette importante publication sera pr\u00e9sent\u00e9e \u00e0 l\u2019ONU, le 17 septembre, lors d\u2019une c\u00e9r\u00e9monie organis\u00e9e par la Fondation Dag Hammarskj\u00f6ld avec l\u2019appui de la Mission du Maroc aupr\u00e8s de l\u2019ONU et sera marqu\u00e9e par la pr\u00e9sence de plusieurs repr\u00e9sentants permanents et personnalit\u00e9s onusiennes. Elle co\u00efncide notamment avec le lancement des travaux de la 75\u00e8me session de l\u2019Assembl\u00e9e g\u00e9n\u00e9rale de l\u2019ONU, les pr\u00e9paratifs du Sommet sur la biodiversit\u00e9 et le dialogue de Haut niveau sur le financement pour le d\u00e9veloppement \u00e0 l\u2019\u00e8re post COVID-19.<\/p>\n<p>Le rapport int\u00e9gral de la Fondation Dag Hammarskj\u00f6ld, publi\u00e9 sous le th\u00e8me \u00ab\u00a0The United Nations development System: Time to Walk the Talk\u2019\u2019, comprend une s\u00e9lection d\u2019articles de plusieurs imminentes personnalit\u00e9s internationales, disponible sur le site de la Fondation: www.daghammarskjold.se<\/p>\n<p>Auteur: M&rsquo;hammed rahal<br \/>\n<a href=\"http:\/\/albayane.press.ma\/onu-hilale-expose-la-strategie-energetique-du-maroc.html\">Cliquez ici pour lire l&rsquo;article depuis sa source.<\/a><\/p>\n","protected":false},"excerpt":{"rendered":"<p>L\u2019ambassadeur, repr\u00e9sentant permanent du Maroc aupr\u00e8s des Nations-Unies, Omar Hilale, a expos\u00e9 le choix du Maroc, sous la conduite de SM le Roi Mohammed VI, pour les \u00e9nergies nouvelles et renouvelables, dans un article publi\u00e9 par la Fondation Dag Hammarskj\u00f6ld et le Bureau des Nations-Unies du Fonds d\u2019affectation sp\u00e9ciale multipartite. Dans cette analyse intitul\u00e9e \u00ab\u00a0Le [&hellip;]<\/p>\n","protected":false},"author":1760,"featured_media":0,"comment_status":"closed","ping_status":"closed","sticky":false,"template":"","format":"standard","meta":{"fifu_image_url":"","fifu_image_alt":"","footnotes":""},"categories":[73,54],"tags":[],"class_list":["post-99070","post","type-post","status-publish","format-standard","hentry","category-actualite","category-maroc"],"_links":{"self":[{"href":"https:\/\/linitiative.ca\/International\/wp-json\/wp\/v2\/posts\/99070","targetHints":{"allow":["GET"]}}],"collection":[{"href":"https:\/\/linitiative.ca\/International\/wp-json\/wp\/v2\/posts"}],"about":[{"href":"https:\/\/linitiative.ca\/International\/wp-json\/wp\/v2\/types\/post"}],"author":[{"embeddable":true,"href":"https:\/\/linitiative.ca\/International\/wp-json\/wp\/v2\/users\/1760"}],"replies":[{"embeddable":true,"href":"https:\/\/linitiative.ca\/International\/wp-json\/wp\/v2\/comments?post=99070"}],"version-history":[{"count":0,"href":"https:\/\/linitiative.ca\/International\/wp-json\/wp\/v2\/posts\/99070\/revisions"}],"wp:attachment":[{"href":"https:\/\/linitiative.ca\/International\/wp-json\/wp\/v2\/media?parent=99070"}],"wp:term":[{"taxonomy":"category","embeddable":true,"href":"https:\/\/linitiative.ca\/International\/wp-json\/wp\/v2\/categories?post=99070"},{"taxonomy":"post_tag","embeddable":true,"href":"https:\/\/linitiative.ca\/International\/wp-json\/wp\/v2\/tags?post=99070"}],"curies":[{"name":"wp","href":"https:\/\/api.w.org\/{rel}","templated":true}]}}