{"id":99071,"date":"2020-09-17T09:54:16","date_gmt":"2020-09-17T13:54:16","guid":{"rendered":"https:\/\/linitiative.ca\/International\/%ef%bb%bf61e-assemblee-des-etats-membres-de-lompi-du-21-au-25-septembre\/"},"modified":"2020-09-17T09:54:16","modified_gmt":"2020-09-17T13:54:16","slug":"%ef%bb%bf61e-assemblee-des-etats-membres-de-lompi-du-21-au-25-septembre","status":"publish","type":"post","link":"https:\/\/linitiative.ca\/International\/%ef%bb%bf61e-assemblee-des-etats-membres-de-lompi-du-21-au-25-septembre\/","title":{"rendered":"\ufeff61\u00e8 Assembl\u00e9e des Etats membres de l\u2019OMPI du 21 au 25 septembre"},"content":{"rendered":"<p class=\"has-text-color has-vivid-red-color c2\"><strong>Sous la pr\u00e9sidence du Maroc<\/strong><\/p>\n<p class=\"has-text-color has-vivid-cyan-blue-color\"><strong>La 61\u00e8 s\u00e9rie de r\u00e9unions des Assembl\u00e9es des Etats membres de l\u2019Organisation mondiale de la propri\u00e9t\u00e9 intellectuelle (OMPI) se tiendra du 21 au 25 septembre \u00e0 Gen\u00e8ve sous la pr\u00e9sidence du Maroc en sa qualit\u00e9 de Pr\u00e9sident de l\u2019Assembl\u00e9e G\u00e9n\u00e9rale de l\u2019Organisation pour l\u2019exercice biennal 2020\/2021.<\/strong><\/p>\n<p><strong>En pr\u00e9vision de ce rendez-vous important, qui sera pr\u00e9sid\u00e9 par l\u2019ambassadeur repr\u00e9sentant permanent du Maroc \u00e0 Gen\u00e8ve, Omar Zniber, la Mission permanente du Royaume a men\u00e9, au cours des mois derniers, nonobstant des restrictions mises en place du fait de la pand\u00e9mie de Covid-19, des consultations intenses avec les Etats membres de l\u2019organisation, pour pr\u00e9parer cet \u00e9v\u00e8nement et mettre en place les conditions de sa r\u00e9ussite, indique un communiqu\u00e9 de la Mission.<\/strong><\/p>\n<p><strong>Le m\u00eame esprit d\u2019engagement et de consensus a pr\u00e9valu pour mener \u00e0 bien le processus d\u2019\u00e9lection par les Etats membres de l\u2019organisation du nouveau Directeur G\u00e9n\u00e9ral de l\u2019OMPI, en la personne de M. Daren Tang, du Singapour, \u00e9lu par consensus le 08 mai 2020, pour un mandat de six ans d\u00e9butant le 1er octobre 2020, souligne la Mission.<\/strong><\/p>\n<p><strong>Le Maroc est le premier pays arabe et le deuxi\u00e8me pays africain, apr\u00e8s le Nig\u00e9ria, \u00e0 pr\u00e9sider l\u2019Assembl\u00e9e G\u00e9n\u00e9rale de l\u2019OMPI depuis sa cr\u00e9ation en 1967. Son \u00e9lection pour assumer ce mandat est une cons\u00e9cration de la diplomatie responsable, pond\u00e9r\u00e9e et efficace du Royaume et un nouveau gage de confiance et de reconnaissance \u00e0 l\u2019\u00e9gard de l\u2019action du Maroc et ses efforts continuels pour la pr\u00e9servation du syst\u00e8me multilat\u00e9ral et son renforcement, pr\u00e9cise la m\u00eame source.<\/strong><\/p>\n<p><strong>De surcroit, poursuit le communiqu\u00e9, le Maroc accorde un int\u00e9r\u00eat particulier \u00e0 sa coop\u00e9ration avec l\u2019OMPI, du fait que cette instance onusienne sp\u00e9cialis\u00e9e traite des sujets tr\u00e8s fortement li\u00e9s au d\u00e9veloppement technologique, \u00e0 l\u2019innovation, \u00e0 la recherche scientifique et aux tendances commerciales globales, constituant des sujets prioritaires pour les \u00c9tats membres, et notamment pour les pays en d\u00e9veloppement.<\/strong><\/p>\n<p><strong>Depuis son accession \u00e0 cette organisation en 1971, le Maroc n\u2019a de cesse de renforcer cette coop\u00e9ration \u00e0 travers la signature de plusieurs accords de coop\u00e9ration et m\u00e9morandums d\u2019entente, concernant l\u2019organisation conjointe d\u2019activit\u00e9s de sensibilisation et de promotion des syst\u00e8mes de la Propri\u00e9t\u00e9 Intellectuelle, rappelle la Mission permanente.<\/strong><\/p>\n<p><strong>Cette coop\u00e9ration se manifeste, \u00e9galement, par l\u2019organisation de formations au profit des responsables et experts d\u2019offices en charge de la PI, nationaux, arabes et africains, et l\u2019animation d\u2019ateliers dans le cadre des \u00e9changes d\u2019expertises et de bonnes pratiques en mati\u00e8re de gestion et de d\u00e9veloppement de la propri\u00e9t\u00e9 industrielle.<\/strong><\/p>\n<p><strong>La contribution des deux Bureaux marocains de propri\u00e9t\u00e9 intellectuelle, \u00e0 savoir l\u2019Office Marocain de la Propri\u00e9t\u00e9 Industrielle et Commerciale (OMPIC) et le Bureau Marocain du Droit d\u2019Auteur (BMDA) dans la mise en \u0153uvre de cette coop\u00e9ration n\u2019est plus \u00e0 prouver, fait observer le communique.<\/strong><\/p>\n<p><strong>La Mission met en avant \u00e9galement la contribution du Maroc au renforcement du r\u00f4le de l\u2019OMPI comme une organisation normative et \u00e0 la confirmation de son leadership dans le domaine de la propri\u00e9t\u00e9 intellectuelle, et ce, en abritant en 2013, la Conf\u00e9rence diplomatique pour la conclusion de Trait\u00e9 de Marrakech visant \u00e0 faciliter l\u2019acc\u00e8s des aveugles, des d\u00e9ficients visuels et des personnes ayant d\u2019autres difficult\u00e9s de lecture des textes imprim\u00e9s aux \u0153uvres publi\u00e9es. Ce trait\u00e9 a \u00e9t\u00e9 sign\u00e9 \u00e0 Marrakech le 27 juin 2013 et il est entr\u00e9 en vigueur le 30 septembre 2016.<\/strong><\/p>\n<p><strong>En outre, la pr\u00e9sidence de l\u2019OMPI par le Maroc jusqu\u2019en octobre 2021 intervient dans un moment o\u00f9 le sujet de la propri\u00e9t\u00e9 intellectuelle et de sa protection est au c\u0153ur des d\u00e9bats g\u00e9opolitiques qui agitent fortement la sc\u00e8ne internationale.<\/strong><\/p>\n<p>Auteur: M&rsquo;hammed rahal<br \/>\n<a href=\"http:\/\/albayane.press.ma\/%EF%BB%BF61e-assemblee-des-etats-membres-de-lompi-du-21-au-25-septembre.html\">Cliquez ici pour lire l&rsquo;article depuis sa source.<\/a><\/p>\n","protected":false},"excerpt":{"rendered":"<p>Sous la pr\u00e9sidence du Maroc La 61\u00e8 s\u00e9rie de r\u00e9unions des Assembl\u00e9es des Etats membres de l\u2019Organisation mondiale de la propri\u00e9t\u00e9 intellectuelle (OMPI) se tiendra du 21 au 25 septembre \u00e0 Gen\u00e8ve sous la pr\u00e9sidence du Maroc en sa qualit\u00e9 de Pr\u00e9sident de l\u2019Assembl\u00e9e G\u00e9n\u00e9rale de l\u2019Organisation pour l\u2019exercice biennal 2020\/2021. En pr\u00e9vision de ce [&hellip;]<\/p>\n","protected":false},"author":1760,"featured_media":0,"comment_status":"closed","ping_status":"closed","sticky":false,"template":"","format":"standard","meta":{"fifu_image_url":"","fifu_image_alt":"","footnotes":""},"categories":[73,54],"tags":[],"class_list":["post-99071","post","type-post","status-publish","format-standard","hentry","category-actualite","category-maroc"],"_links":{"self":[{"href":"https:\/\/linitiative.ca\/International\/wp-json\/wp\/v2\/posts\/99071","targetHints":{"allow":["GET"]}}],"collection":[{"href":"https:\/\/linitiative.ca\/International\/wp-json\/wp\/v2\/posts"}],"about":[{"href":"https:\/\/linitiative.ca\/International\/wp-json\/wp\/v2\/types\/post"}],"author":[{"embeddable":true,"href":"https:\/\/linitiative.ca\/International\/wp-json\/wp\/v2\/users\/1760"}],"replies":[{"embeddable":true,"href":"https:\/\/linitiative.ca\/International\/wp-json\/wp\/v2\/comments?post=99071"}],"version-history":[{"count":0,"href":"https:\/\/linitiative.ca\/International\/wp-json\/wp\/v2\/posts\/99071\/revisions"}],"wp:attachment":[{"href":"https:\/\/linitiative.ca\/International\/wp-json\/wp\/v2\/media?parent=99071"}],"wp:term":[{"taxonomy":"category","embeddable":true,"href":"https:\/\/linitiative.ca\/International\/wp-json\/wp\/v2\/categories?post=99071"},{"taxonomy":"post_tag","embeddable":true,"href":"https:\/\/linitiative.ca\/International\/wp-json\/wp\/v2\/tags?post=99071"}],"curies":[{"name":"wp","href":"https:\/\/api.w.org\/{rel}","templated":true}]}}