{"id":99072,"date":"2020-09-17T09:58:38","date_gmt":"2020-09-17T13:58:38","guid":{"rendered":"https:\/\/linitiative.ca\/International\/le-conseil-executif-de-lomt-sengage-en-faveur-dune-relance-durable-du-tourisme%ef%bb%bf\/"},"modified":"2020-09-17T09:58:38","modified_gmt":"2020-09-17T13:58:38","slug":"le-conseil-executif-de-lomt-sengage-en-faveur-dune-relance-durable-du-tourisme%ef%bb%bf","status":"publish","type":"post","link":"https:\/\/linitiative.ca\/International\/le-conseil-executif-de-lomt-sengage-en-faveur-dune-relance-durable-du-tourisme%ef%bb%bf\/","title":{"rendered":"Le Conseil ex\u00e9cutif de l\u2019OMT s\u2019engage en faveur d\u2019une relance durable du tourisme\ufeff"},"content":{"rendered":"<p class=\"c2\"><strong>Tbilissi: Wahiba Rabhi<\/strong><\/p>\n<p class=\"has-text-color c3\"><strong>Le Conseil ex\u00e9cutif de l\u2019Organisation mondiale du tourisme (OMT), r\u00e9uni mercredi dans la capitale g\u00e9orgienne Tbilissi pour sa 112\u00e8me session, avec la participation du Maroc, a fait part de son engagement \u00e0 \u0153uvrer pour une relance durable du tourisme, l\u2019un des secteurs \u00e9conomiques les plus durement touch\u00e9s par la pand\u00e9mie de Covid-19.<\/strong><\/p>\n<p>La crise a d\u00e9montr\u00e9 la n\u00e9cessit\u00e9 de renforcer la r\u00e9silience et l\u2019inclusivit\u00e9 du secteur touristique gr\u00e2ce \u00e0 l\u2019unit\u00e9 et \u00e0 la coop\u00e9ration entre les diff\u00e9rents acteurs tant au niveau national qu\u2019international, soulignent, dans leur D\u00e9claration finale, les ministres et repr\u00e9sentants des administrations nationales du tourisme des Etats membres de l\u2019organisation onusienne.<\/p>\n<p>Apr\u00e8s avoir soulign\u00e9 que l\u2019industrie touristique est confront\u00e9e \u00e0 une baisse des arriv\u00e9es de touristes internationaux entre 58% et 78% en 2020, avec 100 \u00e0 120 millions d\u2019emplois touristiques directs menac\u00e9s, les participants ont convenu que la crise actuelle est l\u2019occasion de repenser la mani\u00e8re dont le tourisme interagit avec d\u2019autres secteurs \u00e9conomiques ainsi que les \u00e9cosyst\u00e8mes naturels et culturels, pour mieux le mesurer et le g\u00e9rer, assurer une r\u00e9partition \u00e9quitable de ses b\u00e9n\u00e9fices et garantir la transition vers une \u00e9conomie du tourisme neutre en carbone, plus r\u00e9siliente et inclusive.<\/p>\n<p>Dans ce cadre, le document final a mis l\u2019accent sur la n\u00e9cessit\u00e9 de soutenir les emplois, en particulier en faveur des femmes, des jeunes et des travailleurs ind\u00e9pendants, ainsi que de renforcer le partenariat public-priv\u00e9 et la coop\u00e9ration internationale sur les proc\u00e9dures de voyage pour assur\u00e9 l\u2019\u00e9quit\u00e9 et la fluidit\u00e9 de la circulation.<\/p>\n<p>Il rel\u00e8ve aussi l\u2019importance d\u2019investir dans des solutions touristiques durables, y compris l\u2019efficacit\u00e9 \u00e9nerg\u00e9tique, le transport et la gestion des d\u00e9chets, ainsi que dans le d\u00e9veloppement de nouvelles comp\u00e9tences tout en favorisant les nouvelles technologies.<\/p>\n<p>Le Conseil pr\u00f4ne \u00e9galement la facilitation des investissements des entreprises touristiques et le d\u00e9veloppement d\u2019un tourisme rural durable et responsable comme moyen de cr\u00e9ation d\u2019emplois, d\u2019inclusion sociale et de d\u00e9veloppement r\u00e9gional, avec un accent particulier sur le tourisme interne, ainsi que l\u2019acc\u00e9l\u00e9ration de la transition vers une \u00e9conomie circulaire dans la cha\u00eene de valeur du tourisme.<\/p>\n<p>\u00ab\u00a0Nous croyons en la capacit\u00e9 unique du tourisme \u00e0 soutenir le redressement des soci\u00e9t\u00e9s face au d\u00e9fi sans pr\u00e9c\u00e9dent de la pand\u00e9mie de Covid-19 et \u00e0 contribuer \u00e0 l\u2019Agenda 2030\u00a0\u00bb, lit-on dans la D\u00e9claration finale qui r\u00e9affirme qu\u2019un engagement renouvel\u00e9 du syst\u00e8me multilat\u00e9ral et de la communaut\u00e9 du d\u00e9veloppement dans son ensemble sera n\u00e9cessaire pour soutenir les efforts gouvernementaux.<\/p>\n<p>Des plans et politiques efficaces de r\u00e9ouverture et de relance, a-t-on conclu, devraient donner la priorit\u00e9 aux personnes, avec des partenariats et une coordination permettant au tourisme de red\u00e9marrer en toute s\u00e9curit\u00e9, d\u2019acc\u00e9l\u00e9rer la reprise \u00e9conomique et de donner de l\u2019espoir \u00e0 des millions de personnes.<\/p>\n<p>Auteur: M&rsquo;hammed rahal<br \/>\n<a href=\"http:\/\/albayane.press.ma\/le-conseil-executif-de-lomt-sengage-en-faveur-dune-relance-durable-du-tourisme%EF%BB%BF.html\">Cliquez ici pour lire l&rsquo;article depuis sa source.<\/a><\/p>\n","protected":false},"excerpt":{"rendered":"<p>Tbilissi: Wahiba Rabhi Le Conseil ex\u00e9cutif de l\u2019Organisation mondiale du tourisme (OMT), r\u00e9uni mercredi dans la capitale g\u00e9orgienne Tbilissi pour sa 112\u00e8me session, avec la participation du Maroc, a fait part de son engagement \u00e0 \u0153uvrer pour une relance durable du tourisme, l\u2019un des secteurs \u00e9conomiques les plus durement touch\u00e9s par la pand\u00e9mie de Covid-19. [&hellip;]<\/p>\n","protected":false},"author":1760,"featured_media":0,"comment_status":"closed","ping_status":"closed","sticky":false,"template":"","format":"standard","meta":{"fifu_image_url":"","fifu_image_alt":"","footnotes":""},"categories":[73,54],"tags":[],"class_list":["post-99072","post","type-post","status-publish","format-standard","hentry","category-actualite","category-maroc"],"_links":{"self":[{"href":"https:\/\/linitiative.ca\/International\/wp-json\/wp\/v2\/posts\/99072","targetHints":{"allow":["GET"]}}],"collection":[{"href":"https:\/\/linitiative.ca\/International\/wp-json\/wp\/v2\/posts"}],"about":[{"href":"https:\/\/linitiative.ca\/International\/wp-json\/wp\/v2\/types\/post"}],"author":[{"embeddable":true,"href":"https:\/\/linitiative.ca\/International\/wp-json\/wp\/v2\/users\/1760"}],"replies":[{"embeddable":true,"href":"https:\/\/linitiative.ca\/International\/wp-json\/wp\/v2\/comments?post=99072"}],"version-history":[{"count":0,"href":"https:\/\/linitiative.ca\/International\/wp-json\/wp\/v2\/posts\/99072\/revisions"}],"wp:attachment":[{"href":"https:\/\/linitiative.ca\/International\/wp-json\/wp\/v2\/media?parent=99072"}],"wp:term":[{"taxonomy":"category","embeddable":true,"href":"https:\/\/linitiative.ca\/International\/wp-json\/wp\/v2\/categories?post=99072"},{"taxonomy":"post_tag","embeddable":true,"href":"https:\/\/linitiative.ca\/International\/wp-json\/wp\/v2\/tags?post=99072"}],"curies":[{"name":"wp","href":"https:\/\/api.w.org\/{rel}","templated":true}]}}