{"id":99073,"date":"2020-09-17T10:07:17","date_gmt":"2020-09-17T14:07:17","guid":{"rendered":"https:\/\/linitiative.ca\/International\/%ef%bb%bffaut-il-sinquieter\/"},"modified":"2020-09-17T10:07:17","modified_gmt":"2020-09-17T14:07:17","slug":"%ef%bb%bffaut-il-sinquieter","status":"publish","type":"post","link":"https:\/\/linitiative.ca\/International\/%ef%bb%bffaut-il-sinquieter\/","title":{"rendered":"\ufeffFaut-il s\u2019inqui\u00e9ter ?"},"content":{"rendered":"<p class=\"has-text-color has-vivid-red-color c2\"><strong>Rentr\u00e9e scolaire \u00abtest\u00e9e positive\u00bb<\/strong><\/p>\n<p class=\"has-text-color c3\"><strong>C\u2019est un constat. La rentr\u00e9e scolaire 2020-2021 est compl\u00e8tement perturb\u00e9e dans certaines r\u00e9gions du pays. En effet, dans certaines villes o\u00f9 des mesures restrictives ont \u00e9t\u00e9 prises dans le cadre de la lutte contre la pand\u00e9mie, les \u00e9coles demeurent ferm\u00e9es.<\/strong><\/p>\n<p>La rentr\u00e9e a \u00e9t\u00e9 tout simplement repouss\u00e9e. Dans d\u2019autres localit\u00e9s o\u00f9 des cas de Covid-19 ont \u00e9t\u00e9 d\u00e9couverts parmi le corps enseignant, les cours ont \u00e9t\u00e9 suspendus. Dans la r\u00e9gion de Dr\u00e2a-Tafilalet, \u00e0 Mekn\u00e8s, \u00e0 Rabat et dans d\u2019autres villages, certains \u00e9tablissements ou classes ont d\u00e9j\u00e0 ferm\u00e9, perturb\u00e9s par la d\u00e9tection de cas de contamination au Covid-19.<\/p>\n<p>Selon des informations concordantes, des cas ont \u00e9t\u00e9 d\u00e9clar\u00e9s dans des \u00e9coles publiques et dans des \u00e9tablissements scolaires du priv\u00e9. En plus de la suspension des cours, un climat de peur r\u00e8gne au sein des familles des enfants ayant repris le chemin des \u00e9coles o\u00f9 des cas de Covid-19 ont \u00e9t\u00e9 identifi\u00e9s.<\/p>\n<p>Et ce n\u2019est qu\u2019\u00e0 partir du d\u00e9but de cette semaine que le minist\u00e8re de l\u2019\u00e9ducation nationale, de la formation professionnelle, de l\u2019enseignement sup\u00e9rieur et de la recherche scientifique a recommand\u00e9 le test pour les enseignants exer\u00e7ant dans les \u00e9tablissements o\u00f9 des cas de contamination au Covid-19 ont \u00e9t\u00e9 d\u00e9clar\u00e9s.<\/p>\n<p>Ces tests, qui devaient \u00eatre effectu\u00e9s \u00e0 la veille de la rentr\u00e9e, ne pourraient pas se faire aujourd\u2019hui en quelques jours pour l\u2019ensemble du corps enseignant. Et l\u00e0 o\u00f9 des cas seraient identifi\u00e9s, les cours seraient automatiquement perturb\u00e9s dans tout l\u2019\u00e9tablissement.<\/p>\n<p>Dans ces conditions, force est de constater que la formule des cours en pr\u00e9sentiel ne pourrait \u00eatre appliqu\u00e9e. Et l\u2019enseignement \u00e0 distance, comme solution alternative, n\u2019est qu\u2019une poudre aux yeux jet\u00e9e aux parents afin de leur faire croire que leurs enfants ont repris le chemin de l\u2019\u00e9cole\u2026mais dans le virtuel. Surtout dans le secteur priv\u00e9 o\u00f9 les parents ont d\u00e9j\u00e0 r\u00e9gl\u00e9 les frais de scolarit\u00e9 de leurs enfants pour tout le premier trimestre.<\/p>\n<p>Dans le monde rural, les zones p\u00e9riph\u00e9riques des grandes villes et les quartiers populaires et populeux, il est pratiquement impossible de mettre en \u0153uvre cette formule d\u2019enseignement \u00e0 distance. Et du coup, c\u2019est l\u2019\u00e9galit\u00e9 des chances, \u00e9l\u00e9ment fondamental de l\u2019\u00e9galit\u00e9 des droits, qui est bafou\u00e9e.<\/p>\n<p class=\"c4\"><strong>B. Amenzou<\/strong><\/p>\n<p>Auteur: M&rsquo;hammed rahal<br \/>\n<a href=\"http:\/\/albayane.press.ma\/%EF%BB%BFfaut-il-sinquieter.html\">Cliquez ici pour lire l&rsquo;article depuis sa source.<\/a><\/p>\n","protected":false},"excerpt":{"rendered":"<p>Rentr\u00e9e scolaire \u00abtest\u00e9e positive\u00bb C\u2019est un constat. La rentr\u00e9e scolaire 2020-2021 est compl\u00e8tement perturb\u00e9e dans certaines r\u00e9gions du pays. En effet, dans certaines villes o\u00f9 des mesures restrictives ont \u00e9t\u00e9 prises dans le cadre de la lutte contre la pand\u00e9mie, les \u00e9coles demeurent ferm\u00e9es. La rentr\u00e9e a \u00e9t\u00e9 tout simplement repouss\u00e9e. Dans d\u2019autres localit\u00e9s o\u00f9 [&hellip;]<\/p>\n","protected":false},"author":1760,"featured_media":0,"comment_status":"closed","ping_status":"closed","sticky":false,"template":"","format":"standard","meta":{"fifu_image_url":"","fifu_image_alt":"","footnotes":""},"categories":[73,54],"tags":[],"class_list":["post-99073","post","type-post","status-publish","format-standard","hentry","category-actualite","category-maroc"],"_links":{"self":[{"href":"https:\/\/linitiative.ca\/International\/wp-json\/wp\/v2\/posts\/99073","targetHints":{"allow":["GET"]}}],"collection":[{"href":"https:\/\/linitiative.ca\/International\/wp-json\/wp\/v2\/posts"}],"about":[{"href":"https:\/\/linitiative.ca\/International\/wp-json\/wp\/v2\/types\/post"}],"author":[{"embeddable":true,"href":"https:\/\/linitiative.ca\/International\/wp-json\/wp\/v2\/users\/1760"}],"replies":[{"embeddable":true,"href":"https:\/\/linitiative.ca\/International\/wp-json\/wp\/v2\/comments?post=99073"}],"version-history":[{"count":0,"href":"https:\/\/linitiative.ca\/International\/wp-json\/wp\/v2\/posts\/99073\/revisions"}],"wp:attachment":[{"href":"https:\/\/linitiative.ca\/International\/wp-json\/wp\/v2\/media?parent=99073"}],"wp:term":[{"taxonomy":"category","embeddable":true,"href":"https:\/\/linitiative.ca\/International\/wp-json\/wp\/v2\/categories?post=99073"},{"taxonomy":"post_tag","embeddable":true,"href":"https:\/\/linitiative.ca\/International\/wp-json\/wp\/v2\/tags?post=99073"}],"curies":[{"name":"wp","href":"https:\/\/api.w.org\/{rel}","templated":true}]}}