{"id":99083,"date":"2020-09-17T07:56:43","date_gmt":"2020-09-17T11:56:43","guid":{"rendered":"https:\/\/linitiative.ca\/International\/les-voyagistes-de-marrakech-determines-a-resister-a-la-crise-sanitaire\/"},"modified":"2020-09-17T07:56:43","modified_gmt":"2020-09-17T11:56:43","slug":"les-voyagistes-de-marrakech-determines-a-resister-a-la-crise-sanitaire","status":"publish","type":"post","link":"https:\/\/linitiative.ca\/International\/les-voyagistes-de-marrakech-determines-a-resister-a-la-crise-sanitaire\/","title":{"rendered":"Les voyagistes de Marrakech d\u00e9termin\u00e9s \u00e0 r\u00e9sister \u00e0 la crise sanitaire"},"content":{"rendered":"<p>Si le tourisme national est le premier secteur \u00e0 \u00eatre visiblement impact\u00e9 par la pand\u00e9mie, les voyagistes de Marrakech, affili\u00e9s \u00e0 l\u2019Association R\u00e9gionale des Agences de Voyages Marrakech-Safi (ARAVMS), n\u2019ont pas l\u00e9sin\u00e9 sur les moyens, depuis la fin du d\u00e9confinement sanitaire, en concertation avec les autorit\u00e9s locales et les diff\u00e9rents intervenants, en vue de sauver des emplois et d\u2019adopter toutes les mesures susceptibles de permettre un meilleur repositionnement de la cit\u00e9 ocre, capitale incontournable du tourisme national.<\/p>\n<p>Cet effort de \u00ab\u00a0r\u00e9sistance\u00a0\u00bb, anim\u00e9 de cette volont\u00e9 de ne pas c\u00e9der au pessimisme et au n\u00e9gativisme, a apport\u00e9 ses fruits d\u00e8s qu\u2019il a \u00e9t\u00e9 proc\u00e9d\u00e9 \u00e0 la signature du contrat-programme entre l\u2019Etat et les professionnels proposant une panoplie de mesures pour booster le secteur, en l\u2019occurrence la prolongation jusqu\u2019\u00e0 d\u00e9cembre 2020 des indemnit\u00e9s vers\u00e9es en faveur des salari\u00e9s enregistr\u00e9s \u00e0 la CNSS avec des cr\u00e9dits sp\u00e9ciaux, tels que \u00ab\u00a0Damane Relance\u00a0\u00bb.<\/p>\n<p>Toutefois, si la conjoncture actuelle pour un secteur tant fragilis\u00e9 par la pand\u00e9mie demeure complexe voire m\u00eame confuse et incertaine, les voyagistes de la r\u00e9gion Marrakech-Safi continuent \u00e0 entretenir des liens professionnels solides avec leurs partenaires au niveau des principaux march\u00e9s \u00e9metteurs de touristes et ce, dans l\u2019attente d\u2019une r\u00e9ouverture des fronti\u00e8res pour pouvoir poursuivre leurs efforts de promotion d\u2019une destination si pris\u00e9e.<\/p>\n<p>L\u2019int\u00e9r\u00eat port\u00e9 \u00e0 la ville de Marrakech s\u2019est traduit depuis le d\u00e9clenchement de la crise sanitaire due au coronavirus, par la tenue d\u2019une s\u00e9rie de r\u00e9unions de travail avec les professionnels, \u00e0 l\u2019initiative du wali de la r\u00e9gion Marrakech-Safi, gouverneur de la pr\u00e9fecture de Marrakech, M. Karim Kassi-Lahlou, et en pr\u00e9sence de l\u2019ensemble des autorit\u00e9s comp\u00e9tentes et des services concern\u00e9s pour suivre de pr\u00e8s l\u2019\u00e9volution de la situation \u00e9pid\u00e9miologique et ses incidences sur le secteur touristique et examiner les moyens \u00e0 mobiliser en vue d\u2019apporter des solutions appropri\u00e9es.<\/p>\n<p>Dans ce sillage, la ministre du Tourisme, de l\u2019artisanat, du transport a\u00e9rien et de l\u2019\u00e9conomie sociale, Mme Nadia Fettah Alaoui, a tenu vendredi 11 septembre courant, une r\u00e9union avec les professionnels, ax\u00e9e sur plusieurs questions li\u00e9es au contrat-programme, avec un focus d\u00e9taill\u00e9 sur les dol\u00e9ances et attentes des professionnels. Une initiative hautement salu\u00e9e par l\u2019ARAVMS qui, selon son pr\u00e9sident, M. Taoufik Madih, demeure \u00ab\u00a0engag\u00e9e\u00a0\u00bb \u00e0 adh\u00e9rer \u00e0 tous les efforts \u00e9difiants visant \u00e0 permettre au secteur touristique de retrouver sa \u00ab\u00a0bonne sant\u00e9\u00a0\u00bb.<\/p>\n<p>Pour ce faire, l\u2019ARAVMS a \u0153uvr\u00e9 en vue de concocter une feuille de route pour mieux accompagner cet effort de relance de la destination, avec au c\u0153ur de ses priorit\u00e9s, tout au long des diff\u00e9rentes \u00e9tapes li\u00e9es \u00e0 l\u2019\u00e9volution de cette pand\u00e9mie, la pr\u00e9servation de l\u2019emploi et ce, en application stricte des Hautes Orientations de Sa Majest\u00e9 le Roi Mohammed VI qui ne cesse d\u2019inciter sur l\u2019imp\u00e9ratif d\u2019accorder un int\u00e9r\u00eat particulier et de pr\u00e9server la dignit\u00e9 du citoyen Marocain.<\/p>\n<p>\u00ab\u00a0Nous avons des gens qui travaillent avec nous depuis plus d\u2019une vingtaine d\u2019ann\u00e9es et ce serait immoral de ne pas les soutenir en cette p\u00e9riode de crise. C\u2019est dans ce sens, qu\u2019on a r\u00e9ussi \u00e0 trouver des solutions gr\u00e2ce \u00e0 l\u2019aide qui nous est octroy\u00e9e par l\u2019Etat\u00a0\u00bb, s\u2019est f\u00e9licit\u00e9 M. Madih, soulignant l\u2019importance de la r\u00e9ouverture des fronti\u00e8res nationales, d\u00e8s que les circonstances le permettent, pour pouvoir relancer l\u2019activit\u00e9 touristique.<\/p>\n<p>\u00ab\u00a0Nous tablons, et c\u2019est d\u2019ailleurs notre espoir, sur un d\u00e9collage effectif de l\u2019activit\u00e9 touristique \u00e0 partir du second semestre 2021\u2033, a-t-il dit, rappelant qu\u2019au niveau de l\u2019ARAVMS, l\u2019accent est mis sur le d\u00e9veloppement d\u2019une s\u00e9rie de programmes \u00e0 m\u00eame d\u2019apporter des solutions efficaces \u00e0 un ensemble de probl\u00e8mes que connait ce m\u00e9tier notamment, l\u2019informel\u00a0\u00bb.<\/p>\n<p>Et de poursuivre que l\u2019ARAVMS veille, en permanence, sur la promotion des diff\u00e9rents sites touristiques et naturels que rec\u00e8le la r\u00e9gion Marrakech-Safi, ainsi que ses diff\u00e9rentes potentialit\u00e9s, citant, \u00e0 titre d\u2019exemple, la diffusion par ladite Association sur les r\u00e9seaux sociaux de deux capsules-vid\u00e9o. Une v\u00e9ritable invitation \u00e0 la d\u00e9couverte des villes, montagnes, mers et d\u00e9sert au niveau de cette partie du territoire national.<\/p>\n<p>Des vid\u00e9os \u00e0 la fois instructives et incitatives \u00e0 m\u00eame d\u2019inciter \u00e0 la d\u00e9couverte de l\u2019offre touristique locale des deux villes de Safi et d\u2019Essaouira en attendant la r\u00e9alisation d\u2019autres capsules-vid\u00e9os sur d\u2019autres destinations relevant de la r\u00e9gion Marrakech- Safi, a expliqu\u00e9 M. Madih, mettant en avant l\u2019importance accord\u00e9e \u00e0 la communication digitale, la sensibilisation \u00e0 travers des campagnes intelligentes destin\u00e9es \u00e0 regagner la confiance pour le m\u00e9tier d\u2019agent de voyages et \u00e0 encourager \u00e0 consommer local pour le march\u00e9 domestique, tout en plaidant en faveur du renforcement du cadre juridique r\u00e9gissant la profession.<\/p>\n<p>L\u2019ARAVMS \u0153uvre en vue de la conclusion d\u2019une s\u00e9rie de conventions strat\u00e9giques avec des Assurances et des Banques, des soci\u00e9t\u00e9s de cr\u00e9dit ou encore avec des partenariats public-priv\u00e9 en l\u2019occurrence avec l\u2019Universit\u00e9 Cadi Ayyad (UCAM) afin d\u2019accorder la priorit\u00e9 aux \u00e9tudiants de l\u2019Universit\u00e9 pour ce qui est de recrutements et des stages.<\/p>\n<p>Au rang des priorit\u00e9s de l\u2019ARAVMS, en attendant la r\u00e9ouverture effective des fronti\u00e8res et la reprise des vols vers et au d\u00e9part du Royaume, figurent aussi le renforcement des relations de coop\u00e9ration \u00e0 travers la signature de conventions conjointes avec les guides et les transporteurs sur le plan organisationnel et technologique, outre l\u2019encouragement du tourisme interne, avec l\u2019identification de nouveaux cr\u00e9neaux et produits collaboratifs et comp\u00e9titifs, tient \u00e0 pr\u00e9ciser M. Madih.<\/p>\n<p>M. Abderrahim Boujou, voyagiste \u00e0 Marrakech, sp\u00e9cialis\u00e9 entre autres, dans le tourisme religieux et cultuel, a fait part de son optimisme et son engagement \u00e0 s\u2019inscrire dans tous les efforts visant \u00e0 promouvoir la destination Maroc en g\u00e9n\u00e9ral, et celle de Marrakech en particulier, invitant les clients marocains \u00e0 solliciter les prestations d\u2019Agences de voyages accr\u00e9dit\u00e9es et affili\u00e9es \u00e0 l\u2019ARAVMS.<\/p>\n<p>M. Karim Belfellah, lui aussi, voyagiste \u00e0 Marrakech, a mis en avant la prise de conscience par les professionnels de la difficult\u00e9 de la situation en raison de la recrudescence des cas de contamination \u00e0 la Covid-19 tant au Maroc qu\u2019\u00e0 l\u2019\u00e9tranger et par l\u00e0, de l\u2019imp\u00e9ratif d\u2019agir, la main dans la main et en concertation avec l\u2019ensemble des acteurs du secteur touristique pour faire face \u00e0 cette situation en attendant une r\u00e9ouverture des fronti\u00e8res nationales et le retour de touristes \u00e9trangers.<\/p>\n<p>\u00ab\u00a0Nous sommes optimistes en d\u00e9pit de l\u2019ampleur de la crise et nous restons toujours anim\u00e9s d\u2019un grand espoir de voir la situation \u00e9pid\u00e9miologique s\u2019am\u00e9liorer\u00a0\u00bb, a-t-il dit, notant que le Royaume a tous les moyens pour s\u2019en sortir de cette crise mondiale.<\/p>\n<p>M\u00eame son de cloche pour Hicham Elkamihi, voyagiste \u00e0 Marrakech, qui s\u2019est attard\u00e9 sur l\u2019ensemble des efforts d\u00e9ploy\u00e9s par les autorit\u00e9s comp\u00e9tentes, les d\u00e9partements minist\u00e9riels, ainsi que les op\u00e9rateurs touristiques et ce, en ad\u00e9quation avec la Vision de Sa Majest\u00e9 le Roi Mohammed VI, pour faire face aux r\u00e9percussions socio\u00e9conomiques de la pand\u00e9mie de la Covid-19 avec toute la rigueur qui s\u2019impose.<\/p>\n<p>\u00ab\u00a0Nous sommes en contact permanent avec nos partenaires \u00e0 l\u2019\u00e9tranger pour leur donner espoir, les informer de l\u2019\u00e9volution de la situation, et surtout pour travailler de concert sur une sortie de crise car ils traversent la m\u00eame situation\u00a0\u00bb, a-t-il dit, notant que les voyagistes de Marrakech, ceux affili\u00e9s \u00e0 l\u2019ARAVMS, resteront des \u00ab\u00a0entreprises citoyennes\u00a0\u00bb d\u00e9termin\u00e9es \u00e0 contribuer \u00e0 l\u2019essor de l\u2019\u00e9conomie nationale et \u00e0 relancer leurs activit\u00e9s.<\/p>\n<p>Avec cette bonne dose d\u2019optimisme et de d\u00e9termination, les voyagistes de Marrakech, confiants en cela, de la solidit\u00e9 des liens de partenariat tiss\u00e9s \u00e0 l\u2019\u00e9tranger mais aussi, du potentiel \u00e9norme dont dispose le Royaume pour la relance effective de son secteur touristique, ne l\u00e9sinent gu\u00e8re sur les moyens \u00e0 mettre en \u0153uvre, agissant avec tant de civisme et un sens \u00e9lev\u00e9 de responsabilit\u00e9, pour que le feuilleton de cette crise sanitaire soit tomb\u00e9 vite aux oubliettes, afin de permettre \u00e0 la cit\u00e9 ocre de faire re-go\u00fbter \u00e0 ses h\u00f4tes la vraie hospitalit\u00e9 \u00ab\u00a0made in Morocco\u00a0\u00bb.<\/p>\n<p>Auteur: Meriem IGASS<br \/>\n<a href=\"http:\/\/www.mapmarrakech.ma\/fr\/les-voyagistes-de-marrakech-determines-a-resister-a-la-crise-sanitaire\/\">Cliquez ici pour lire l&rsquo;article depuis sa source.<\/a><\/p>\n","protected":false},"excerpt":{"rendered":"<p>Si le tourisme national est le premier secteur \u00e0 \u00eatre visiblement impact\u00e9 par la pand\u00e9mie, les voyagistes de Marrakech, affili\u00e9s \u00e0 l\u2019Association R\u00e9gionale des Agences de Voyages Marrakech-Safi (ARAVMS), n\u2019ont pas l\u00e9sin\u00e9 sur les moyens, depuis la fin du d\u00e9confinement sanitaire, en concertation avec les autorit\u00e9s locales et les diff\u00e9rents intervenants, en vue de sauver [&hellip;]<\/p>\n","protected":false},"author":1788,"featured_media":0,"comment_status":"closed","ping_status":"closed","sticky":false,"template":"","format":"standard","meta":{"fifu_image_url":"","fifu_image_alt":"","footnotes":""},"categories":[54,76],"tags":[],"class_list":["post-99083","post","type-post","status-publish","format-standard","hentry","category-maroc","category-regions"],"_links":{"self":[{"href":"https:\/\/linitiative.ca\/International\/wp-json\/wp\/v2\/posts\/99083","targetHints":{"allow":["GET"]}}],"collection":[{"href":"https:\/\/linitiative.ca\/International\/wp-json\/wp\/v2\/posts"}],"about":[{"href":"https:\/\/linitiative.ca\/International\/wp-json\/wp\/v2\/types\/post"}],"author":[{"embeddable":true,"href":"https:\/\/linitiative.ca\/International\/wp-json\/wp\/v2\/users\/1788"}],"replies":[{"embeddable":true,"href":"https:\/\/linitiative.ca\/International\/wp-json\/wp\/v2\/comments?post=99083"}],"version-history":[{"count":0,"href":"https:\/\/linitiative.ca\/International\/wp-json\/wp\/v2\/posts\/99083\/revisions"}],"wp:attachment":[{"href":"https:\/\/linitiative.ca\/International\/wp-json\/wp\/v2\/media?parent=99083"}],"wp:term":[{"taxonomy":"category","embeddable":true,"href":"https:\/\/linitiative.ca\/International\/wp-json\/wp\/v2\/categories?post=99083"},{"taxonomy":"post_tag","embeddable":true,"href":"https:\/\/linitiative.ca\/International\/wp-json\/wp\/v2\/tags?post=99083"}],"curies":[{"name":"wp","href":"https:\/\/api.w.org\/{rel}","templated":true}]}}