{"id":99084,"date":"2020-09-17T10:11:00","date_gmt":"2020-09-17T14:11:00","guid":{"rendered":"https:\/\/linitiative.ca\/International\/reunion-autour-de-la-qualite-de-leau-potable\/"},"modified":"2020-09-17T10:11:00","modified_gmt":"2020-09-17T14:11:00","slug":"reunion-autour-de-la-qualite-de-leau-potable","status":"publish","type":"post","link":"https:\/\/linitiative.ca\/International\/reunion-autour-de-la-qualite-de-leau-potable\/","title":{"rendered":"R\u00e9union autour de la qualit\u00e9 de l\u2019eau potable"},"content":{"rendered":"<div readability=\"36\">\n<p>Youssoufia \u2013 La qualit\u00e9 de l\u2019eau potable \u00e0 Youssoufia et sa conformit\u00e9 aux normes en vigueur en la mati\u00e8re au niveau national ont \u00e9t\u00e9 au centre d\u2019une r\u00e9union tenue, mercredi, au si\u00e8ge de la pr\u00e9fecture de la province.<\/p>\n<\/div>\n<div readability=\"85\">\n<p>Cette rencontre, \u00e0 laquelle ont pris part le directeur de l\u2019Agence du Bassin hydraulique du Tensift (ABHT), le directeur r\u00e9gional de l\u2019Office national de l\u2019\u00e9lectricit\u00e9 et de l\u2019eau potable (secteur de l\u2019eau), des repr\u00e9sentants de la commune urbaine de Youssoufia et de la d\u00e9l\u00e9gation provinciale de la sant\u00e9 ainsi que les autorit\u00e9s locales, a \u00e9t\u00e9 l\u2019occasion pour l\u2019examen de l\u2019\u00e9tat des lieux de l\u2019approvisionnement de la ville en eau potable, \u00e0 la lumi\u00e8re des constatations relev\u00e9es r\u00e9cemment concernant la qualit\u00e9 et le changement de la couleur de l\u2019eau destin\u00e9e \u00e0 la consommation.<\/p>\n<p>Lors de cette r\u00e9union, le directeur de l\u2019ABHT, Abdelamjid Na\u00efmi, a pr\u00e9sent\u00e9 un expos\u00e9 dans lequel il a abord\u00e9 la situation des ressources en eau au niveau de la province, dont le volume a r\u00e9gress\u00e9 r\u00e9cemment en raison du manque des pr\u00e9cipitations, de la baisse des eaux souterraines et de l\u2019augmentation de la demande locale.<\/p>\n<p>Il a pr\u00e9cis\u00e9 que 70% du volume d\u2019eau potable \u00e0 Youssoufia proviennent des eaux de surface \u00e0 Khwalka, expliquant que lorsque la demande est en hausse, les services concern\u00e9s recourent \u00e0 l\u2019eau du canal de Sebt Lam\u00e2arif pour pallier ce d\u00e9ficit.<\/p>\n<p>Evoquant le changement de la couleur d\u2019eau, constat\u00e9 r\u00e9cemment, le responsable a affirm\u00e9 que \u00ab\u00a0ce probl\u00e8me n\u2019a aucun lien avec la station d\u2019\u00e9puration\u00a0\u00bb.<\/p>\n<p>De son c\u00f4t\u00e9, le directeur r\u00e9gional de l\u2019Office national d\u2019\u00e9lectricit\u00e9 et de l\u2019eau potable (secteur de l\u2019eau), Mohamed Ennoubi, a indiqu\u00e9 que l\u2019eau provenant de la station d\u2019\u00e9puration est propre, sur la base des analyses effectu\u00e9es au quotidien.<\/p>\n<p>Pour sa part, la pr\u00e9sidente de la commune urbaine de Youssoufia, Hanane Mabrouk, a invit\u00e9 les services concern\u00e9s par l\u2019eau potable au niveau de la province \u00e0 effectuer d\u2019urgence une visite de terrain \u00e0 la station d\u2019\u00e9puration pour s\u2019enqu\u00e9rir des \u00e9tapes de traitement, de production et de contr\u00f4le de la qualit\u00e9 de l\u2019eau.<\/p>\n<p>Par ailleurs, le repr\u00e9sentant de la d\u00e9l\u00e9gation provinciale de la Sant\u00e9 a pr\u00e9sent\u00e9 les r\u00e9sultats d\u2019analyses des \u00e9chantillons de l\u2019eau potable effectu\u00e9es \u00e0 l\u2019Institut national d\u2019hygi\u00e8ne \u00e0 Rabat, et qui ont montr\u00e9 la conformit\u00e9 de l\u2019eau distribu\u00e9e \u00e0 Youssoufia aux normes microbiologiques et physiochimiques.<\/p>\n<\/div>\n<p>Auteur: Meriem IGASS<br \/>\n<a href=\"http:\/\/www.mapmarrakech.ma\/fr\/reunion-autour-de-la-qualite-de-leau-potable\/\">Cliquez ici pour lire l&rsquo;article depuis sa source.<\/a><\/p>\n","protected":false},"excerpt":{"rendered":"<p>Youssoufia \u2013 La qualit\u00e9 de l\u2019eau potable \u00e0 Youssoufia et sa conformit\u00e9 aux normes en vigueur en la mati\u00e8re au niveau national ont \u00e9t\u00e9 au centre d\u2019une r\u00e9union tenue, mercredi, au si\u00e8ge de la pr\u00e9fecture de la province. Cette rencontre, \u00e0 laquelle ont pris part le directeur de l\u2019Agence du Bassin hydraulique du Tensift (ABHT), [&hellip;]<\/p>\n","protected":false},"author":1788,"featured_media":0,"comment_status":"closed","ping_status":"closed","sticky":false,"template":"","format":"standard","meta":{"fifu_image_url":"","fifu_image_alt":"","footnotes":""},"categories":[54,76],"tags":[],"class_list":["post-99084","post","type-post","status-publish","format-standard","hentry","category-maroc","category-regions"],"_links":{"self":[{"href":"https:\/\/linitiative.ca\/International\/wp-json\/wp\/v2\/posts\/99084","targetHints":{"allow":["GET"]}}],"collection":[{"href":"https:\/\/linitiative.ca\/International\/wp-json\/wp\/v2\/posts"}],"about":[{"href":"https:\/\/linitiative.ca\/International\/wp-json\/wp\/v2\/types\/post"}],"author":[{"embeddable":true,"href":"https:\/\/linitiative.ca\/International\/wp-json\/wp\/v2\/users\/1788"}],"replies":[{"embeddable":true,"href":"https:\/\/linitiative.ca\/International\/wp-json\/wp\/v2\/comments?post=99084"}],"version-history":[{"count":0,"href":"https:\/\/linitiative.ca\/International\/wp-json\/wp\/v2\/posts\/99084\/revisions"}],"wp:attachment":[{"href":"https:\/\/linitiative.ca\/International\/wp-json\/wp\/v2\/media?parent=99084"}],"wp:term":[{"taxonomy":"category","embeddable":true,"href":"https:\/\/linitiative.ca\/International\/wp-json\/wp\/v2\/categories?post=99084"},{"taxonomy":"post_tag","embeddable":true,"href":"https:\/\/linitiative.ca\/International\/wp-json\/wp\/v2\/tags?post=99084"}],"curies":[{"name":"wp","href":"https:\/\/api.w.org\/{rel}","templated":true}]}}