{"id":99085,"date":"2020-09-17T11:41:59","date_gmt":"2020-09-17T15:41:59","guid":{"rendered":"https:\/\/linitiative.ca\/International\/aref-mobilisation-pour-la-reussite-du-programme-de-revision\/"},"modified":"2020-09-17T11:41:59","modified_gmt":"2020-09-17T15:41:59","slug":"aref-mobilisation-pour-la-reussite-du-programme-de-revision","status":"publish","type":"post","link":"https:\/\/linitiative.ca\/International\/aref-mobilisation-pour-la-reussite-du-programme-de-revision\/","title":{"rendered":"AREF: Mobilisation pour la r\u00e9ussite du programme de r\u00e9vision"},"content":{"rendered":"<div readability=\"37\">\n<p>Marrakech \u2013 Une r\u00e9union de coordination \u00e0 distance s\u2019est tenue, mercredi au si\u00e8ge de l\u2019Acad\u00e9mie R\u00e9gionale de l\u2019Education et de la Formation (AREF) Marrakech-Safi, pour une mise en oeuvre efficace du programme de r\u00e9vision et de consolidation au sein des \u00e9tablissements scolaires d\u2019enseignement de la r\u00e9gion.<\/p>\n<\/div>\n<div readability=\"74\">\n<p>La r\u00e9union, tenue par le Comit\u00e9 r\u00e9gional charg\u00e9 de la gestion de la rentr\u00e9e scolaire sous la pr\u00e9sidence du directeur de l\u2019AREF, Moulay Ahmed Karimi, en pr\u00e9sence des directeurs des d\u00e9partements concern\u00e9s et avec la participation des huit directeurs provinciaux du minist\u00e8re de l\u2019\u00c9ducation nationale, a port\u00e9 sur les modalit\u00e9s de la mise en \u0153uvre des s\u00e9ances de r\u00e9vision et de consolidation, pr\u00e9vues entre le 10 septembre et le 3 octobre 2020.<\/p>\n<p>\u00c0 cet \u00e9gard, il a \u00e9t\u00e9 proc\u00e9d\u00e9 \u00e0 la pr\u00e9sentation des diff\u00e9rentes phases de cette op\u00e9ration. Ainsi, la premi\u00e8re \u00e9tape porte sur l\u2019\u00e9valuation et le diagnostic des acquis des apprenants au cours de l\u2019ann\u00e9e scolaire \u00e9coul\u00e9e, alors que la deuxi\u00e8me \u00e9tape est d\u00e9di\u00e9e \u00e0 l\u2019organisation de s\u00e9ances de r\u00e9vision et de consolidation des cours en pr\u00e9sentiel, dispens\u00e9s avant et apr\u00e8s le 14 mars dernier, et la troisi\u00e8me \u00e9tape pr\u00e9voit une \u00e9tude d\u2019impact qui examine les r\u00e9sultats individuels de l\u2019apprenant et les compare avec les r\u00e9sultats de l\u2019\u00e9valuation diagnostique, et identifie les lacunes existantes et les moyens d\u2019y rem\u00e9dier au d\u00e9but de la nouvelle ann\u00e9e scolaire.<\/p>\n<p>A cette occasion, le Directeur de l\u2019AREF Marrakech-Safi, a soulign\u00e9 l\u2019importance de couvrir les trois cycles d\u2019enseignement et a appel\u00e9 \u00e0 se concentrer sur les mati\u00e8res instrumentales li\u00e9es au d\u00e9veloppement des connaissances des apprenants, et \u00e0 prendre en compte les connaissances accumul\u00e9es lors des ann\u00e9es scolaires pr\u00e9c\u00e9dentes.<\/p>\n<p>Mettant l\u2019accent sur l\u2019importance du respect des mesures sanitaires et de pr\u00e9caution prises par les autorit\u00e9s pour pr\u00e9server la sant\u00e9 des \u00e9l\u00e8ves et des cadres p\u00e9dagogiques et administratifs, M. Karimi a appel\u00e9 les directeurs provinciaux du minist\u00e8re de l\u2019Education nationale \u00e0 formuler des plans d\u2019action provinciaux et \u00e0 former des \u00e9quipes provinciales et locales charg\u00e9es de la gestion de l\u2019ann\u00e9e scolaire, en tenant compte de l\u2019\u00e9ventualit\u00e9 de dispenser ces cours \u00e0 distance et de la situation \u00e9ducative particuli\u00e8re des apprenants passant d\u2019un cycle \u00e0 un autre.<\/p>\n<p>La mise en oeuvre des s\u00e9ances de r\u00e9vision et de consolidation, qui a pour objectif de promouvoir l\u2019\u00e9galit\u00e9 des chances entre les apprenants, s\u2019inscrit dans le cadre des dispositions de la note \u00e9mise en ao\u00fbt dernier par le minist\u00e8re de l\u2019\u00c9ducation nationale, visant \u00e0 consolider les programmes r\u00e9alis\u00e9s l\u2019ann\u00e9e scolaire \u00e9coul\u00e9e dans le cadre de l\u2019enseignement en pr\u00e9sentiel et \u00e0 distance.<\/p>\n<\/div>\n<p>Auteur: Meriem IGASS<br \/>\n<a href=\"http:\/\/www.mapmarrakech.ma\/fr\/aref-mobilisation-pour-la-reussite-du-programme-de-revision\/\">Cliquez ici pour lire l&rsquo;article depuis sa source.<\/a><\/p>\n","protected":false},"excerpt":{"rendered":"<p>Marrakech \u2013 Une r\u00e9union de coordination \u00e0 distance s\u2019est tenue, mercredi au si\u00e8ge de l\u2019Acad\u00e9mie R\u00e9gionale de l\u2019Education et de la Formation (AREF) Marrakech-Safi, pour une mise en oeuvre efficace du programme de r\u00e9vision et de consolidation au sein des \u00e9tablissements scolaires d\u2019enseignement de la r\u00e9gion. La r\u00e9union, tenue par le Comit\u00e9 r\u00e9gional charg\u00e9 de [&hellip;]<\/p>\n","protected":false},"author":1788,"featured_media":0,"comment_status":"closed","ping_status":"closed","sticky":false,"template":"","format":"standard","meta":{"fifu_image_url":"","fifu_image_alt":"","footnotes":""},"categories":[54,76],"tags":[],"class_list":["post-99085","post","type-post","status-publish","format-standard","hentry","category-maroc","category-regions"],"_links":{"self":[{"href":"https:\/\/linitiative.ca\/International\/wp-json\/wp\/v2\/posts\/99085","targetHints":{"allow":["GET"]}}],"collection":[{"href":"https:\/\/linitiative.ca\/International\/wp-json\/wp\/v2\/posts"}],"about":[{"href":"https:\/\/linitiative.ca\/International\/wp-json\/wp\/v2\/types\/post"}],"author":[{"embeddable":true,"href":"https:\/\/linitiative.ca\/International\/wp-json\/wp\/v2\/users\/1788"}],"replies":[{"embeddable":true,"href":"https:\/\/linitiative.ca\/International\/wp-json\/wp\/v2\/comments?post=99085"}],"version-history":[{"count":0,"href":"https:\/\/linitiative.ca\/International\/wp-json\/wp\/v2\/posts\/99085\/revisions"}],"wp:attachment":[{"href":"https:\/\/linitiative.ca\/International\/wp-json\/wp\/v2\/media?parent=99085"}],"wp:term":[{"taxonomy":"category","embeddable":true,"href":"https:\/\/linitiative.ca\/International\/wp-json\/wp\/v2\/categories?post=99085"},{"taxonomy":"post_tag","embeddable":true,"href":"https:\/\/linitiative.ca\/International\/wp-json\/wp\/v2\/tags?post=99085"}],"curies":[{"name":"wp","href":"https:\/\/api.w.org\/{rel}","templated":true}]}}