{"id":99091,"date":"2020-09-16T18:31:52","date_gmt":"2020-09-16T22:31:52","guid":{"rendered":"https:\/\/linitiative.ca\/International\/3-arrestations-dans-une-affaire-de-trafic-international-de-drogue\/"},"modified":"2020-09-16T18:31:52","modified_gmt":"2020-09-16T22:31:52","slug":"3-arrestations-dans-une-affaire-de-trafic-international-de-drogue","status":"publish","type":"post","link":"https:\/\/linitiative.ca\/International\/3-arrestations-dans-une-affaire-de-trafic-international-de-drogue\/","title":{"rendered":"3 arrestations dans une affaire de trafic international de drogue"},"content":{"rendered":"<p class=\"c4\">Les \u00e9l\u00e9ments de la brigade judiciaire relevant du district provincial de s\u00fbret\u00e9 de Nador ont interpell\u00e9, mercredi soir, sur la base d\u2019informations pr\u00e9cises fournies par les services de la Direction g\u00e9n\u00e9rale de la surveillance du territoire (DGST), trois individus soup\u00e7onn\u00e9s de liens avec un r\u00e9seau criminel actif dans le trafic international de coca\u00efne via les voies maritimes.<\/p>\n<p class=\"c4\">Le premier suspect a \u00e9t\u00e9 interpell\u00e9 imm\u00e9diatement apr\u00e8s son arriv\u00e9e \u00e0 bord d\u2019un jet-ski \u00e0 la plage de \u00ab\u00a0Boukana\u00a0\u00bb aux environs de Nador en provenance de Melilla, en possession de 21 plaquettes de drogue pesant environ 21 kilogrammes de coca\u00efne, tandis que les autres suspects ont \u00e9t\u00e9 interpell\u00e9s pr\u00e8s de la plage, indique la Direction g\u00e9n\u00e9rale de la s\u00fbret\u00e9 nationale (DGSN) dans un communiqu\u00e9, pr\u00e9cisant que ces derniers sont soup\u00e7onn\u00e9s d\u2019\u00eatre les propri\u00e9taires de cette cargaison de stup\u00e9fiants.<\/p>\n<p class=\"c4\">Les perquisitions effectu\u00e9es sur le lieu de l\u2019intervention, et aux domiciles des mis en cause, ont permis de saisir deux voitures et trois jet-ski, une compteuse de billets de banque, en plus de sommes d\u2019argent soup\u00e7onn\u00e9es d\u2019\u00eatre le butin de cette activit\u00e9 criminelle, r\u00e9parties entre 70.000 dirhams et 1.850 euros, ainsi que plusieurs t\u00e9l\u00e9phones portables, une balance \u00e9lectronique et des appareils informatiques, ajoute le communiqu\u00e9.<\/p>\n<p class=\"c4\">Les mis en cause ont \u00e9t\u00e9 plac\u00e9s en garde \u00e0 vue \u00e0 la disposition de l\u2019enqu\u00eate pr\u00e9liminaire men\u00e9e sous la supervision du parquet comp\u00e9tent, afin de d\u00e9terminer les \u00e9ventuelles ramifications de cette activit\u00e9 criminelle et l\u2019ensemble des actes criminels reproch\u00e9s aux suspects, conclut la DGSN.<\/p>\n<p>Auteur: Soufiane ELAHMAR<br \/>\n<a href=\"http:\/\/www.mapoujda.ma\/fr\/3-arrestations-dans-une-affaire-de-trafic-international-de-drogue\/\">Cliquez ici pour lire l&rsquo;article depuis sa source.<\/a><\/p>\n","protected":false},"excerpt":{"rendered":"<p>Les \u00e9l\u00e9ments de la brigade judiciaire relevant du district provincial de s\u00fbret\u00e9 de Nador ont interpell\u00e9, mercredi soir, sur la base d\u2019informations pr\u00e9cises fournies par les services de la Direction g\u00e9n\u00e9rale de la surveillance du territoire (DGST), trois individus soup\u00e7onn\u00e9s de liens avec un r\u00e9seau criminel actif dans le trafic international de coca\u00efne via les [&hellip;]<\/p>\n","protected":false},"author":1788,"featured_media":0,"comment_status":"closed","ping_status":"closed","sticky":false,"template":"","format":"standard","meta":{"fifu_image_url":"","fifu_image_alt":"","footnotes":""},"categories":[54,76],"tags":[],"class_list":["post-99091","post","type-post","status-publish","format-standard","hentry","category-maroc","category-regions"],"_links":{"self":[{"href":"https:\/\/linitiative.ca\/International\/wp-json\/wp\/v2\/posts\/99091","targetHints":{"allow":["GET"]}}],"collection":[{"href":"https:\/\/linitiative.ca\/International\/wp-json\/wp\/v2\/posts"}],"about":[{"href":"https:\/\/linitiative.ca\/International\/wp-json\/wp\/v2\/types\/post"}],"author":[{"embeddable":true,"href":"https:\/\/linitiative.ca\/International\/wp-json\/wp\/v2\/users\/1788"}],"replies":[{"embeddable":true,"href":"https:\/\/linitiative.ca\/International\/wp-json\/wp\/v2\/comments?post=99091"}],"version-history":[{"count":0,"href":"https:\/\/linitiative.ca\/International\/wp-json\/wp\/v2\/posts\/99091\/revisions"}],"wp:attachment":[{"href":"https:\/\/linitiative.ca\/International\/wp-json\/wp\/v2\/media?parent=99091"}],"wp:term":[{"taxonomy":"category","embeddable":true,"href":"https:\/\/linitiative.ca\/International\/wp-json\/wp\/v2\/categories?post=99091"},{"taxonomy":"post_tag","embeddable":true,"href":"https:\/\/linitiative.ca\/International\/wp-json\/wp\/v2\/tags?post=99091"}],"curies":[{"name":"wp","href":"https:\/\/api.w.org\/{rel}","templated":true}]}}