{"id":99092,"date":"2020-09-17T09:43:10","date_gmt":"2020-09-17T13:43:10","guid":{"rendered":"https:\/\/linitiative.ca\/International\/2wls-decroche-le-label-cfc-et-la-certification-iso\/"},"modified":"2020-09-17T09:43:10","modified_gmt":"2020-09-17T13:43:10","slug":"2wls-decroche-le-label-cfc-et-la-certification-iso","status":"publish","type":"post","link":"https:\/\/linitiative.ca\/International\/2wls-decroche-le-label-cfc-et-la-certification-iso\/","title":{"rendered":"2WLS d\u00e9croche le label CFC et la certification ISO"},"content":{"rendered":"<div class=\"body\">\n<div class=\"field field-name-body field-type-text-with-summary field-label-hidden\">\n<div class=\"field-items\" readability=\"10.5\">\n<div class=\"field-item even\" property=\"content:encoded\" readability=\"16\">\n<p class=\"rtejustify\">Coup double pour 2WLS (World Wide Loyalty System), le sp\u00e9cialiste africain des solutions de fid\u00e9lit\u00e9 et du marketing de croissance. L\u2019op\u00e9rateur marocain, filiale du groupe Bilendi, obtient le statut CFC ainsi que le renouvellement de sa certification ISO 27001 quelques temps \u00e0 peine apr\u00e8s ses implantations r\u00e9ussies en Ouganda, C\u00f4te d\u2019Ivoire, \u00c9gypte, Kenya et Ghana.<br \/><em>M.A.B.<\/em><\/p>\n<\/div>\n<\/div>\n<\/div>\n<\/div>\n<div class=\"eco-conseil\">\n<div class=\"view view-eco-conseil-16 view-id-eco_conseil_16 view-display-id-cookies view-dom-id-c05c1e35ab712436dabd269e66eb4938\">\n<div class=\"view-content\">\n<div id=\"views-bootstrap-grid-1\" class=\"views-bootstrap-grid-plugin-style\">\n<div class=\"row\">\n<div class=\" col-xs-12 col-lg-4\">\n<div class=\"row\">\n<div class=\"col col-xs-12 col-lg-12\">\n<div class=\"field-content\"><a href=\"\/article\/1067316-covid-19-des-effets-sur-le-capital-humain\"><img loading=\"lazy\" decoding=\"async\" class=\"img-responsive\" typeof=\"foaf:Image\" src=\"https:\/\/www.leconomiste.com\/sites\/default\/files\/eco7\/public\/styles\/800x400\/public\/default_images\/default_une.jpg?itok=4jZlgnIZ\" width=\"660\" height=\"330\" alt=\"\"\/><\/a><\/div>\n<\/div>\n<div class=\" title_suite_2 col col-xs-12 col-lg-12\"> <a href=\"\/article\/1067316-covid-19-des-effets-sur-le-capital-humain\"\/><span class=\"field-content\">Covid-19: Des effets sur le capital humain\u2026<\/span><\/div>\n<\/div>\n<\/div>\n<div class=\" col-xs-12 col-lg-4\">\n<div class=\"row\">\n<div class=\"col col-xs-12 col-lg-12\">\n<div class=\"field-content\"><a href=\"\/article\/1067315-loi-organique-sur-la-greve-l-appel-du-pps\"><img loading=\"lazy\" decoding=\"async\" class=\"img-responsive\" typeof=\"foaf:Image\" src=\"https:\/\/www.leconomiste.com\/sites\/default\/files\/eco7\/public\/styles\/800x400\/public\/default_images\/default_une.jpg?itok=4jZlgnIZ\" width=\"660\" height=\"330\" alt=\"\"\/><\/a><\/div>\n<\/div>\n<div class=\" title_suite_2 col col-xs-12 col-lg-12\"> <a href=\"\/article\/1067315-loi-organique-sur-la-greve-l-appel-du-pps\"\/><span class=\"field-content\">Loi organique sur la gr\u00e8ve: L\u2019appel du PPS<\/span><\/div>\n<\/div>\n<\/div>\n<div class=\" col-xs-12 col-lg-4\">\n<div class=\"row\">\n<div class=\"col col-xs-12 col-lg-12\">\n<div class=\"field-content\"><a href=\"\/article\/1067314-immatriculation-fonciere-six-mois-de-plus-pour-les-proprietes-rurales\"><img loading=\"lazy\" decoding=\"async\" class=\"img-responsive\" typeof=\"foaf:Image\" src=\"https:\/\/www.leconomiste.com\/sites\/default\/files\/eco7\/public\/styles\/800x400\/public\/default_images\/default_une.jpg?itok=4jZlgnIZ\" width=\"660\" height=\"330\" alt=\"\"\/><\/a><\/div>\n<\/div>\n<div class=\" title_suite_2 col col-xs-12 col-lg-12\"> <a href=\"\/article\/1067314-immatriculation-fonciere-six-mois-de-plus-pour-les-proprietes-rurales\"\/><span class=\"field-content\">Immatriculation fonci\u00e8re: Six mois de plus pour les propri\u00e9t\u00e9s rurales<\/span><\/div>\n<\/div>\n<\/div>\n<\/div>\n<\/div>\n<\/div>\n<\/div>\n<\/div>\n<p>Auteur: hlafriqi<br \/>\n<a href=\"https:\/\/www.leconomiste.com\/article\/1067312-2wls-decroche-le-label-cfc-et-la-certification-iso\">Cliquez ici pour lire l&rsquo;article depuis sa source.<\/a><\/p>\n","protected":false},"excerpt":{"rendered":"<p>Coup double pour 2WLS (World Wide Loyalty System), le sp\u00e9cialiste africain des solutions de fid\u00e9lit\u00e9 et du marketing de croissance. L\u2019op\u00e9rateur marocain, filiale du groupe Bilendi, obtient le statut CFC ainsi que le renouvellement de sa certification ISO 27001 quelques temps \u00e0 peine apr\u00e8s ses implantations r\u00e9ussies en Ouganda, C\u00f4te d\u2019Ivoire, \u00c9gypte, Kenya et Ghana.M.A.B. [&hellip;]<\/p>\n","protected":false},"author":1763,"featured_media":0,"comment_status":"closed","ping_status":"closed","sticky":false,"template":"","format":"standard","meta":{"fifu_image_url":"","fifu_image_alt":"","footnotes":""},"categories":[78,54],"tags":[],"class_list":["post-99092","post","type-post","status-publish","format-standard","hentry","category-economie","category-maroc"],"_links":{"self":[{"href":"https:\/\/linitiative.ca\/International\/wp-json\/wp\/v2\/posts\/99092","targetHints":{"allow":["GET"]}}],"collection":[{"href":"https:\/\/linitiative.ca\/International\/wp-json\/wp\/v2\/posts"}],"about":[{"href":"https:\/\/linitiative.ca\/International\/wp-json\/wp\/v2\/types\/post"}],"author":[{"embeddable":true,"href":"https:\/\/linitiative.ca\/International\/wp-json\/wp\/v2\/users\/1763"}],"replies":[{"embeddable":true,"href":"https:\/\/linitiative.ca\/International\/wp-json\/wp\/v2\/comments?post=99092"}],"version-history":[{"count":0,"href":"https:\/\/linitiative.ca\/International\/wp-json\/wp\/v2\/posts\/99092\/revisions"}],"wp:attachment":[{"href":"https:\/\/linitiative.ca\/International\/wp-json\/wp\/v2\/media?parent=99092"}],"wp:term":[{"taxonomy":"category","embeddable":true,"href":"https:\/\/linitiative.ca\/International\/wp-json\/wp\/v2\/categories?post=99092"},{"taxonomy":"post_tag","embeddable":true,"href":"https:\/\/linitiative.ca\/International\/wp-json\/wp\/v2\/tags?post=99092"}],"curies":[{"name":"wp","href":"https:\/\/api.w.org\/{rel}","templated":true}]}}