{"id":99093,"date":"2020-09-17T09:43:52","date_gmt":"2020-09-17T13:43:52","guid":{"rendered":"https:\/\/linitiative.ca\/International\/vols-speciaux-tui-fly-obtient-laccord-du-maroc\/"},"modified":"2020-09-17T09:43:52","modified_gmt":"2020-09-17T13:43:52","slug":"vols-speciaux-tui-fly-obtient-laccord-du-maroc","status":"publish","type":"post","link":"https:\/\/linitiative.ca\/International\/vols-speciaux-tui-fly-obtient-laccord-du-maroc\/","title":{"rendered":"Vols sp\u00e9ciaux: TUI Fly obtient l\u2019accord du Maroc"},"content":{"rendered":"<div class=\"author\" readability=\"5.7931034482759\"> Par <a href=\"\/content\/amin-rboub\">Amin RBOUB<\/a> <a href=\"\/node\/\"> <\/a> | Edition N\u00b0:5845 Le 17\/09\/2020 | Partager <\/div>\n<div class=\"body\">\n<div class=\"field field-name-body field-type-text-with-summary field-label-hidden\">\n<div class=\"field-items\" readability=\"9.5\">\n<div class=\"field-item even\" property=\"content:encoded\" readability=\"14\">\n<p class=\"rtejustify\">La compagnie a\u00e9rienne TUI Fly vient d\u2019obtenir l\u2019accord des autorit\u00e9s marocaines pour prolonger ses vols sp\u00e9ciaux entre le Maroc et la Belgique jusqu\u2019au 10 octobre 2020.\u00a0 Le transporteur \u00e9valuera ensuite la possibilit\u00e9 de prolonger ces vols sp\u00e9ciaux entre les deux pays. Pour rappel, les vols TUI relient les a\u00e9roports de Casablanca, Tanger, Oujda et Nador \u00e0 l\u2019a\u00e9roport de Brussels South Charleroi. Ces vols sp\u00e9ciaux permettront aux citoyens marocains actuellement en Europe de retourner dans leur pays. Inversement, les Marocains ayant une r\u00e9sidence permanente en Europe pourront \u00e9galement entrer en Belgique par le vol de retour.<br \/><em>\u00a0A.R.<\/em><\/p>\n<\/div>\n<\/div>\n<\/div>\n<\/div>\n<div class=\"eco-conseil\">\n<div class=\"view view-eco-conseil-16 view-id-eco_conseil_16 view-display-id-cookies view-dom-id-4304efb96643d9bb1b4261e9c4225bcc\">\n<div class=\"view-content\">\n<div id=\"views-bootstrap-grid-1\" class=\"views-bootstrap-grid-plugin-style\">\n<div class=\"row\">\n<div class=\" col-xs-12 col-lg-4\">\n<div class=\"row\">\n<div class=\"col col-xs-12 col-lg-12\">\n<div class=\"field-content\"><a href=\"\/article\/1067316-covid-19-des-effets-sur-le-capital-humain\"><img loading=\"lazy\" decoding=\"async\" class=\"img-responsive\" typeof=\"foaf:Image\" src=\"https:\/\/www.leconomiste.com\/sites\/default\/files\/eco7\/public\/styles\/800x400\/public\/default_images\/default_une.jpg?itok=4jZlgnIZ\" width=\"660\" height=\"330\" alt=\"\"\/><\/a><\/div>\n<\/div>\n<div class=\" title_suite_2 col col-xs-12 col-lg-12\"> <a href=\"\/article\/1067316-covid-19-des-effets-sur-le-capital-humain\"\/><span class=\"field-content\">Covid-19: Des effets sur le capital humain\u2026<\/span><\/div>\n<\/div>\n<\/div>\n<div class=\" col-xs-12 col-lg-4\">\n<div class=\"row\">\n<div class=\"col col-xs-12 col-lg-12\">\n<div class=\"field-content\"><a href=\"\/article\/1067315-loi-organique-sur-la-greve-l-appel-du-pps\"><img loading=\"lazy\" decoding=\"async\" class=\"img-responsive\" typeof=\"foaf:Image\" src=\"https:\/\/www.leconomiste.com\/sites\/default\/files\/eco7\/public\/styles\/800x400\/public\/default_images\/default_une.jpg?itok=4jZlgnIZ\" width=\"660\" height=\"330\" alt=\"\"\/><\/a><\/div>\n<\/div>\n<div class=\" title_suite_2 col col-xs-12 col-lg-12\"> <a href=\"\/article\/1067315-loi-organique-sur-la-greve-l-appel-du-pps\"\/><span class=\"field-content\">Loi organique sur la gr\u00e8ve: L\u2019appel du PPS<\/span><\/div>\n<\/div>\n<\/div>\n<div class=\" col-xs-12 col-lg-4\">\n<div class=\"row\">\n<div class=\"col col-xs-12 col-lg-12\">\n<div class=\"field-content\"><a href=\"\/article\/1067314-immatriculation-fonciere-six-mois-de-plus-pour-les-proprietes-rurales\"><img loading=\"lazy\" decoding=\"async\" class=\"img-responsive\" typeof=\"foaf:Image\" src=\"https:\/\/www.leconomiste.com\/sites\/default\/files\/eco7\/public\/styles\/800x400\/public\/default_images\/default_une.jpg?itok=4jZlgnIZ\" width=\"660\" height=\"330\" alt=\"\"\/><\/a><\/div>\n<\/div>\n<div class=\" title_suite_2 col col-xs-12 col-lg-12\"> <a href=\"\/article\/1067314-immatriculation-fonciere-six-mois-de-plus-pour-les-proprietes-rurales\"\/><span class=\"field-content\">Immatriculation fonci\u00e8re: Six mois de plus pour les propri\u00e9t\u00e9s rurales<\/span><\/div>\n<\/div>\n<\/div>\n<\/div>\n<\/div>\n<\/div>\n<\/div>\n<\/div>\n<p>Auteur: hlafriqi<br \/>\n<a href=\"https:\/\/www.leconomiste.com\/article\/1067313-vols-speciaux-tui-fly-obtient-l-accord-du-maroc\">Cliquez ici pour lire l&rsquo;article depuis sa source.<\/a><\/p>\n","protected":false},"excerpt":{"rendered":"<p>Par Amin RBOUB | Edition N\u00b0:5845 Le 17\/09\/2020 | Partager La compagnie a\u00e9rienne TUI Fly vient d\u2019obtenir l\u2019accord des autorit\u00e9s marocaines pour prolonger ses vols sp\u00e9ciaux entre le Maroc et la Belgique jusqu\u2019au 10 octobre 2020.\u00a0 Le transporteur \u00e9valuera ensuite la possibilit\u00e9 de prolonger ces vols sp\u00e9ciaux entre les deux pays. Pour rappel, les vols [&hellip;]<\/p>\n","protected":false},"author":1763,"featured_media":0,"comment_status":"closed","ping_status":"closed","sticky":false,"template":"","format":"standard","meta":{"fifu_image_url":"","fifu_image_alt":"","footnotes":""},"categories":[78,54],"tags":[],"class_list":["post-99093","post","type-post","status-publish","format-standard","hentry","category-economie","category-maroc"],"_links":{"self":[{"href":"https:\/\/linitiative.ca\/International\/wp-json\/wp\/v2\/posts\/99093","targetHints":{"allow":["GET"]}}],"collection":[{"href":"https:\/\/linitiative.ca\/International\/wp-json\/wp\/v2\/posts"}],"about":[{"href":"https:\/\/linitiative.ca\/International\/wp-json\/wp\/v2\/types\/post"}],"author":[{"embeddable":true,"href":"https:\/\/linitiative.ca\/International\/wp-json\/wp\/v2\/users\/1763"}],"replies":[{"embeddable":true,"href":"https:\/\/linitiative.ca\/International\/wp-json\/wp\/v2\/comments?post=99093"}],"version-history":[{"count":0,"href":"https:\/\/linitiative.ca\/International\/wp-json\/wp\/v2\/posts\/99093\/revisions"}],"wp:attachment":[{"href":"https:\/\/linitiative.ca\/International\/wp-json\/wp\/v2\/media?parent=99093"}],"wp:term":[{"taxonomy":"category","embeddable":true,"href":"https:\/\/linitiative.ca\/International\/wp-json\/wp\/v2\/categories?post=99093"},{"taxonomy":"post_tag","embeddable":true,"href":"https:\/\/linitiative.ca\/International\/wp-json\/wp\/v2\/tags?post=99093"}],"curies":[{"name":"wp","href":"https:\/\/api.w.org\/{rel}","templated":true}]}}