{"id":99094,"date":"2020-09-17T09:44:43","date_gmt":"2020-09-17T13:44:43","guid":{"rendered":"https:\/\/linitiative.ca\/International\/immatriculation-fonciere-six-mois-de-plus-pour-les-proprietes-rurales\/"},"modified":"2020-09-17T09:44:43","modified_gmt":"2020-09-17T13:44:43","slug":"immatriculation-fonciere-six-mois-de-plus-pour-les-proprietes-rurales","status":"publish","type":"post","link":"https:\/\/linitiative.ca\/International\/immatriculation-fonciere-six-mois-de-plus-pour-les-proprietes-rurales\/","title":{"rendered":"Immatriculation fonci\u00e8re: Six mois de plus pour les propri\u00e9t\u00e9s rurales"},"content":{"rendered":"<div class=\"body\">\n<div class=\"field field-name-body field-type-text-with-summary field-label-hidden\">\n<div class=\"field-items\" readability=\"14\">\n<div class=\"field-item even\" property=\"content:encoded\" readability=\"23\">\n<p class=\"rtejustify\">La proc\u00e9dure d\u2019immatriculation fonci\u00e8re collective des terres agricoles a \u00e9t\u00e9 prolong\u00e9e de six mois. Ce d\u00e9lai concerne uniquement une quinzaine de pr\u00e9fectures et de provinces. Les zones fix\u00e9es par le minist\u00e8re de l\u2019Agriculture sont Errachidia, Kh\u00e9nifra, Zagoura, Azilal, Tinghir, Sefrou, Taounat, Asilah, Khmisset, Beni Mellal, El Jadida, Berrechid, Chtouka-A\u00eft Baha (r\u00e9gion d\u2019Agadir) et Driouch (aux environs de Nador). La liste d\u00e9taill\u00e9e des communes rurales concern\u00e9es est disponible au Bulletin officiel n\u00b06916 du 10 septembre 2020. L\u2019immatriculation collective et gratuite des propri\u00e9t\u00e9s est men\u00e9e par la conservation fonci\u00e8re depuis une d\u00e9cennie (Cf. L\u2019Economiste n\u00b04166 du 6 d\u00e9cembre 2013). En principe, le d\u00e9lai de six mois est entr\u00e9 en vigueur \u00e0 partir de la publication des arr\u00eat\u00e9s minist\u00e9riels au Bulletin officiel.<br \/><em>F.F. <\/em><\/p>\n<\/div>\n<\/div>\n<\/div>\n<\/div>\n<div class=\"eco-conseil\">\n<div class=\"view view-eco-conseil-16 view-id-eco_conseil_16 view-display-id-cookies view-dom-id-a593cf1fb46f68c3d83e1e532bff3929\">\n<div class=\"view-content\">\n<div id=\"views-bootstrap-grid-1\" class=\"views-bootstrap-grid-plugin-style\">\n<div class=\"row\">\n<div class=\" col-xs-12 col-lg-4\">\n<div class=\"row\">\n<div class=\"col col-xs-12 col-lg-12\">\n<div class=\"field-content\"><a href=\"\/article\/1067316-covid-19-des-effets-sur-le-capital-humain\"><img loading=\"lazy\" decoding=\"async\" class=\"img-responsive\" typeof=\"foaf:Image\" src=\"https:\/\/www.leconomiste.com\/sites\/default\/files\/eco7\/public\/styles\/800x400\/public\/default_images\/default_une.jpg?itok=4jZlgnIZ\" width=\"660\" height=\"330\" alt=\"\"\/><\/a><\/div>\n<\/div>\n<div class=\" title_suite_2 col col-xs-12 col-lg-12\"> <a href=\"\/article\/1067316-covid-19-des-effets-sur-le-capital-humain\"\/><span class=\"field-content\">Covid-19: Des effets sur le capital humain\u2026<\/span><\/div>\n<\/div>\n<\/div>\n<div class=\" col-xs-12 col-lg-4\">\n<div class=\"row\">\n<div class=\"col col-xs-12 col-lg-12\">\n<div class=\"field-content\"><a href=\"\/article\/1067315-loi-organique-sur-la-greve-l-appel-du-pps\"><img loading=\"lazy\" decoding=\"async\" class=\"img-responsive\" typeof=\"foaf:Image\" src=\"https:\/\/www.leconomiste.com\/sites\/default\/files\/eco7\/public\/styles\/800x400\/public\/default_images\/default_une.jpg?itok=4jZlgnIZ\" width=\"660\" height=\"330\" alt=\"\"\/><\/a><\/div>\n<\/div>\n<div class=\" title_suite_2 col col-xs-12 col-lg-12\"> <a href=\"\/article\/1067315-loi-organique-sur-la-greve-l-appel-du-pps\"\/><span class=\"field-content\">Loi organique sur la gr\u00e8ve: L\u2019appel du PPS<\/span><\/div>\n<\/div>\n<\/div>\n<div class=\" col-xs-12 col-lg-4\">\n<div class=\"row\">\n<div class=\"col col-xs-12 col-lg-12\">\n<div class=\"field-content\"><a href=\"\/article\/1067313-vols-speciaux-tui-fly-obtient-l-accord-du-maroc\"><img loading=\"lazy\" decoding=\"async\" class=\"img-responsive\" typeof=\"foaf:Image\" src=\"https:\/\/www.leconomiste.com\/sites\/default\/files\/eco7\/public\/styles\/800x400\/public\/default_images\/default_une.jpg?itok=4jZlgnIZ\" width=\"660\" height=\"330\" alt=\"\"\/><\/a><\/div>\n<\/div>\n<div class=\" title_suite_2 col col-xs-12 col-lg-12\"> <a href=\"\/article\/1067313-vols-speciaux-tui-fly-obtient-l-accord-du-maroc\"\/><span class=\"field-content\">Vols sp\u00e9ciaux: TUI Fly obtient l\u2019accord du Maroc<\/span><\/div>\n<\/div>\n<\/div>\n<\/div>\n<\/div>\n<\/div>\n<\/div>\n<\/div>\n<p>Auteur: hlafriqi<br \/>\n<a href=\"https:\/\/www.leconomiste.com\/article\/1067314-immatriculation-fonciere-six-mois-de-plus-pour-les-proprietes-rurales\">Cliquez ici pour lire l&rsquo;article depuis sa source.<\/a><\/p>\n","protected":false},"excerpt":{"rendered":"<p>La proc\u00e9dure d\u2019immatriculation fonci\u00e8re collective des terres agricoles a \u00e9t\u00e9 prolong\u00e9e de six mois. Ce d\u00e9lai concerne uniquement une quinzaine de pr\u00e9fectures et de provinces. Les zones fix\u00e9es par le minist\u00e8re de l\u2019Agriculture sont Errachidia, Kh\u00e9nifra, Zagoura, Azilal, Tinghir, Sefrou, Taounat, Asilah, Khmisset, Beni Mellal, El Jadida, Berrechid, Chtouka-A\u00eft Baha (r\u00e9gion d\u2019Agadir) et Driouch (aux [&hellip;]<\/p>\n","protected":false},"author":1763,"featured_media":0,"comment_status":"closed","ping_status":"closed","sticky":false,"template":"","format":"standard","meta":{"fifu_image_url":"","fifu_image_alt":"","footnotes":""},"categories":[78,54],"tags":[],"class_list":["post-99094","post","type-post","status-publish","format-standard","hentry","category-economie","category-maroc"],"_links":{"self":[{"href":"https:\/\/linitiative.ca\/International\/wp-json\/wp\/v2\/posts\/99094","targetHints":{"allow":["GET"]}}],"collection":[{"href":"https:\/\/linitiative.ca\/International\/wp-json\/wp\/v2\/posts"}],"about":[{"href":"https:\/\/linitiative.ca\/International\/wp-json\/wp\/v2\/types\/post"}],"author":[{"embeddable":true,"href":"https:\/\/linitiative.ca\/International\/wp-json\/wp\/v2\/users\/1763"}],"replies":[{"embeddable":true,"href":"https:\/\/linitiative.ca\/International\/wp-json\/wp\/v2\/comments?post=99094"}],"version-history":[{"count":0,"href":"https:\/\/linitiative.ca\/International\/wp-json\/wp\/v2\/posts\/99094\/revisions"}],"wp:attachment":[{"href":"https:\/\/linitiative.ca\/International\/wp-json\/wp\/v2\/media?parent=99094"}],"wp:term":[{"taxonomy":"category","embeddable":true,"href":"https:\/\/linitiative.ca\/International\/wp-json\/wp\/v2\/categories?post=99094"},{"taxonomy":"post_tag","embeddable":true,"href":"https:\/\/linitiative.ca\/International\/wp-json\/wp\/v2\/tags?post=99094"}],"curies":[{"name":"wp","href":"https:\/\/api.w.org\/{rel}","templated":true}]}}